{"id":113473,"date":"2025-05-20T04:46:22","date_gmt":"2025-05-20T04:46:22","guid":{"rendered":"https:\/\/www.europesays.com\/fr\/113473\/"},"modified":"2025-05-20T04:46:22","modified_gmt":"2025-05-20T04:46:22","slug":"un-homme-sauvagement-tue-dans-sa-maison","status":"publish","type":"post","link":"https:\/\/www.europesays.com\/fr\/113473\/","title":{"rendered":"un homme sauvagement tu\u00e9 dans sa maison"},"content":{"rendered":"<p>            Par<br \/>\n        <strong><br \/>\n            <a href=\"https:\/\/actu.fr\/auteur\/nicolas-zaugra\" title=\"Consulter tous les articles de Nicolas Zaugra\" rel=\"nofollow noopener\" target=\"_blank\">Nicolas Zaugra<\/a><br \/>\n        <\/strong><\/p>\n<p>        Publi\u00e9 le<\/p>\n<p>            19 mai 2025 \u00e0 18h54        <\/p>\n<p>Un octog\u00e9naire \u00e2g\u00e9 de 89 ans a \u00e9t\u00e9 tu\u00e9 dans son sommeil \u00e0 <a href=\"https:\/\/actu.fr\/auvergne-rhone-alpes\/meyzieu_69282\/lyon-prise-d-otages-de-meyzieu-une-premiere-explication-se-degage-ce-que-l-on-sait_62130642.html\" rel=\"nofollow noopener\" target=\"_blank\">Meyzieu<\/a> (Rh\u00f4ne), commune de la m\u00e9tropole de <a href=\"https:\/\/actu.fr\/auvergne-rhone-alpes\/lyon_69123\" rel=\"nofollow noopener\" target=\"_blank\">Lyon<\/a>, ce lundi 19 mai 2025. Son beau-fils, un homme de 55 ans, soup\u00e7onn\u00e9 de meurtre, a \u00e9t\u00e9 interpell\u00e9 par la police dans la foul\u00e9e, a appris actu Lyon, confirmant une information du <a href=\"https:\/\/www.leprogres.fr\/faits-divers-justice\/2025\/05\/19\/meyzieu-un-octogenaire-tue-dans-son-lit-son-beau-fils-interpelle\" rel=\"nofollow noopener\" target=\"_blank\">Progr\u00e8s<\/a>.<\/p>\n<p class=\" wall-content\">Le drame s\u2019est d\u00e9roul\u00e9 rue George-Sand, une voie priv\u00e9e d\u2019un quartier r\u00e9sidentiel de la commune. Les pompiers sont intervenus en \u00e9tant appel\u00e9s pour un arr\u00eat cardiorespiratoire. \u00c0 leur arriv\u00e9e, les secours sont emp\u00each\u00e9s d\u2019intervenir dans la maison par un homme \u00e2g\u00e9 d\u2019une cinquantaine d\u2019ann\u00e9es.<\/p>\n<p>    <a href=\"https:\/\/www.google.com\/maps\/embed?pb=!1m18!1m12!1m3!1d28871.678329244456!2d4.9870900347907465!3d45.773426185032726!2m3!1f0!2f0!3f0!3m2!1i1024!2i768!4f13.1!3m3!1m2!1s0x47f4c70ad1e99235%3A0xd7576a3253dd51d9!2sRue%20George%20Sand%2C%2069330%20Meyzieu!5e0!3m2!1sfr!2sfr!4v1747672875449!5m2!1sfr!2sfr\" title=\"Ouvrie le lien\" rel=\"nofollow noopener\" target=\"_blank\">Cliquez ici pour visualiser le contenu<\/a><\/p>\n<p>Le beau-fils soup\u00e7onn\u00e9 du meurtre de l\u2019octog\u00e9naire\u00a0<\/p>\n<p class=\" wall-content\">L\u2019homme en question serait atteint de schizophr\u00e9nie, selon nos confr\u00e8res, et serait soup\u00e7onn\u00e9 du meurtre de son beau-p\u00e8re.<\/p>\n<p class=\" wall-content\">La victime a \u00e9t\u00e9 retrouv\u00e9e d\u00e9c\u00e9d\u00e9e dans son lit avec de nombreuses traces de coups et du sang en quantit\u00e9 a \u00e9t\u00e9 d\u00e9couvert. La m\u00e8re du suspect, une personne \u00e2g\u00e9e, \u00e9tait pr\u00e9sente au domicile au moment du drame. Elle est en \u00e9tat de choc.<\/p>\n<p>Vid\u00e9os : en ce moment sur ActuEnqu\u00eate ouverte par la police<\/p>\n<p class=\" wall-content\">Une enqu\u00eate de police a \u00e9t\u00e9 ouverte pour d\u00e9terminer les circonstances du meurtre. Le beau-fils a \u00e9t\u00e9 plac\u00e9 en garde \u00e0 vue et une autopsie du corps de l\u2019octog\u00e9naire a \u00e9t\u00e9 demand\u00e9e. Le parquet de Lyon, sollicit\u00e9, n\u2019a pas encore communiqu\u00e9 sur cette affaire pour l\u2019heure.<\/p>\n<p class=\" wall-content\">Suivez toute l\u2019actualit\u00e9 de vos villes et m\u00e9dias favoris en vous inscrivant \u00e0 <a href=\"https:\/\/moncompte.actu.fr\" title=\"D\u00e9couvez Mon Actu\" rel=\"nofollow noopener\" data-trk=\"{&quot;cta&quot;:{&quot;action&quot;:&quot;https:\\\/\\\/moncompte.actu.fr&quot;,&quot;category&quot;:&quot;mon compte&quot;,&quot;from&quot;:&quot;article footer&quot;,&quot;name&quot;:&quot;Mon actu&quot;,&quot;type&quot;:&quot;cta&quot;}}\" target=\"_blank\">Mon Actu<\/a>.<\/p>\n","protected":false},"excerpt":{"rendered":"Par Nicolas Zaugra Publi\u00e9 le 19 mai 2025 \u00e0 18h54 Un octog\u00e9naire \u00e2g\u00e9 de 89 ans a \u00e9t\u00e9&hellip;\n","protected":false},"author":2,"featured_media":113474,"comment_status":"","ping_status":"","sticky":false,"template":"","format":"standard","meta":{"footnotes":""},"categories":[1889],"tags":[1111,11,2430,1777,674,118,1011,27,303,2428,777,12,25],"class_list":{"0":"post-113473","1":"post","2":"type-post","3":"status-publish","4":"format-standard","5":"has-post-thumbnail","7":"category-lyon","8":"tag-actu","9":"tag-actualites","10":"tag-auvergne-rhone-alpes","11":"tag-eu","12":"tag-europe","13":"tag-faits-divers","14":"tag-fr","15":"tag-france","16":"tag-justice","17":"tag-lyon","18":"tag-meurtre","19":"tag-news","20":"tag-republique-francaise"},"share_on_mastodon":{"url":"https:\/\/pubeurope.com\/@fr\/114538347651063859","error":""},"_links":{"self":[{"href":"https:\/\/www.europesays.com\/fr\/wp-json\/wp\/v2\/posts\/113473","targetHints":{"allow":["GET"]}}],"collection":[{"href":"https:\/\/www.europesays.com\/fr\/wp-json\/wp\/v2\/posts"}],"about":[{"href":"https:\/\/www.europesays.com\/fr\/wp-json\/wp\/v2\/types\/post"}],"author":[{"embeddable":true,"href":"https:\/\/www.europesays.com\/fr\/wp-json\/wp\/v2\/users\/2"}],"replies":[{"embeddable":true,"href":"https:\/\/www.europesays.com\/fr\/wp-json\/wp\/v2\/comments?post=113473"}],"version-history":[{"count":0,"href":"https:\/\/www.europesays.com\/fr\/wp-json\/wp\/v2\/posts\/113473\/revisions"}],"wp:featuredmedia":[{"embeddable":true,"href":"https:\/\/www.europesays.com\/fr\/wp-json\/wp\/v2\/media\/113474"}],"wp:attachment":[{"href":"https:\/\/www.europesays.com\/fr\/wp-json\/wp\/v2\/media?parent=113473"}],"wp:term":[{"taxonomy":"category","embeddable":true,"href":"https:\/\/www.europesays.com\/fr\/wp-json\/wp\/v2\/categories?post=113473"},{"taxonomy":"post_tag","embeddable":true,"href":"https:\/\/www.europesays.com\/fr\/wp-json\/wp\/v2\/tags?post=113473"}],"curies":[{"name":"wp","href":"https:\/\/api.w.org\/{rel}","templated":true}]}}