{"id":113475,"date":"2025-05-20T04:47:14","date_gmt":"2025-05-20T04:47:14","guid":{"rendered":"https:\/\/www.europesays.com\/fr\/113475\/"},"modified":"2025-05-20T04:47:14","modified_gmt":"2025-05-20T04:47:14","slug":"lyon-ce-coin-ignore-du-parc-de-la-tete-dor-va-devenir-un-paradis-vegetal-les-details","status":"publish","type":"post","link":"https:\/\/www.europesays.com\/fr\/113475\/","title":{"rendered":"Lyon. Ce coin ignor\u00e9 du parc de la T\u00eate d&rsquo;Or va devenir un paradis v\u00e9g\u00e9tal : les d\u00e9tails"},"content":{"rendered":"<p>            Par<br \/>\n        <strong><br \/>\n            <a href=\"https:\/\/actu.fr\/auteur\/theo-zuili\" title=\"Consulter tous les articles de Th\u00e9o Zuili\" rel=\"nofollow noopener\" target=\"_blank\">Th\u00e9o Zuili<\/a><br \/>\n        <\/strong><\/p>\n<p>        Publi\u00e9 le<\/p>\n<p>            20 mai 2025 \u00e0 6h30        <\/p>\n<p>Un chantier discret est en cours dans le <a href=\"https:\/\/actu.fr\/tag\/parc-de-la-tete-d-or\" rel=\"nofollow noopener\" target=\"_blank\">parc de la T\u00eate d\u2019Or<\/a>, \u00e0 <a href=\"https:\/\/actu.fr\/auvergne-rhone-alpes\/lyon_69123\" rel=\"nofollow noopener\" target=\"_blank\">Lyon<\/a>, \u00e0 l\u2019\u00e9cart des serres monumentales, des grandes prairies ou des sentiers battus. Le jardin botanique, trop <strong>souvent ignor\u00e9<\/strong> par le grand public, se transforme. La Ville de Lyon esp\u00e8re lui offrir une nouvelle splendeur et en faire un lieu d\u2019apprentissage et de <strong>contemplation<\/strong> pour tous les Lyonnais. Voici comment.<\/p>\n<p>Redonner vie \u00e0 un jardin oubli\u00e9<\/p>\n<p class=\" wall-content\">D\u00e9marr\u00e9 en d\u00e9cembre 2024, le r\u00e9am\u00e9nagement de l\u2019\u00e9cole de botanique, un jardin en plein air, s\u2019\u00e9talera sur plusieurs ann\u00e9es avec des premi\u00e8res floraisons attendues <strong>au printemps 2026<\/strong>.<\/p>\n<p class=\" wall-content\">Les travaux visent \u00e0 transformer ce jardin avec une recomposition compl\u00e8te de l\u2019espace pour le sortir de son statut de \u00ab\u00a0lieu de niche\u00a0\u00bb, r\u00e9serv\u00e9 \u00e0 des visiteurs bien inform\u00e9s et aux \u00e9tudiants sp\u00e9cialis\u00e9s.<\/p>\n<p>    <img   decoding=\"async\" loading=\"lazy\" src=\"https:\/\/www.europesays.com\/fr\/wp-content\/uploads\/2025\/05\/avant-apres-ecole-de-botanique-lyon-parc-de-la-tete-dor-960x640.png\" alt=\"En haut, une image de l'\u00e9cole de botanique avant 2024 ; en dessous, une image projet\u00e9e par la Ville de Lyon.\" width=\"960\" height=\"640\"\/><br \/>\n    En haut, une image de l\u2019\u00e9cole de botanique avant 2024 ; en dessous, une image projet\u00e9e par la Ville de Lyon. (\u00a9Th\u00e9o Zuili \/ actu Lyon)<\/p>\n<p class=\" wall-content\">Fini les arcs de plantes bien en rang, comme on aimait les placer en 1753 (quand ce jardin se trouvait au Jardin des plantes, dans le 1er arrondissement, avant un d\u00e9m\u00e9nagement qui a suivi la construction du parc) et jusqu\u2019en 2024 : la Ville de Lyon a d\u00e9sormais la volont\u00e9 d\u2019en faire <strong>un espace vivant<\/strong>, lisible, accessible \u00e0 tous les \u00e2ges et tous les publics.<\/p>\n<p class=\" wall-content\">\u00ab\u00a0On veut aujourd\u2019hui remettre au go\u00fbt du jour et en valeur les savoirs horticoles, les essences locales et la p\u00e9dagogie naturaliste\u00a0\u00bb, explique Juliette Babin, responsable du jardin botanique. \u00ab\u00a0Avec le respect de la grille originelle\u00a0\u00bb, bien-s\u00fbr.<\/p>\n<p>Un hommage \u00e0 la biodiversit\u00e9 locale<\/p>\n<p class=\" wall-content\">Inspir\u00e9 par les paysages de la r\u00e9gion lyonnaise, le nouveau jardin botanique misera sur les vari\u00e9t\u00e9s florales typiques (ou plus rares <strong>voire disparues<\/strong>), la reconstitution d\u2019\u00e9cosyst\u00e8mes et des \u00e9l\u00e9ments de d\u00e9cors naturels, comme des pierres dor\u00e9es des Monts d\u2019Or. \u00ab\u00a0On veut que les Lyonnais puissent s\u2019approprier leur patrimoine naturel\u00a0\u00bb, pr\u00e9sente-t-on.<\/p>\n<p class=\" wall-content\">Parmi les autres ambitions : rendre hommage \u00e0 l\u2019\u00e9cole lyonnaise de botanique et r\u00e9introduire une \u00ab\u00a0\u00e9cole des fruitiers et des vignes\u00a0\u00bb, cite en exemple Juliette Babin, \u00ab\u00a0pour que chacun puisse apprendre comme \u00e0 l\u2019\u00e9poque\u00a0\u00bb comment travailler avec ces plants, et faire du lieu un terrain d\u2019apprentissage pour les curieux de tous \u00e2ges.<\/p>\n<p>    <img   decoding=\"async\" loading=\"lazy\" src=\"https:\/\/www.europesays.com\/fr\/wp-content\/uploads\/2025\/05\/jardin-des-plantes-lyon-parc-tete-dor-plan-960x640.png\" alt=\"Voici le plan final de la future \u00e9cole de botanique dans le jardin botanique du parc de la T\u00eate d'Or \u00e0 Lyon.\" width=\"960\" height=\"640\"\/><br \/>\n    Voici le plan final de la future \u00e9cole de botanique dans le jardin botanique du parc de la T\u00eate d\u2019Or \u00e0 Lyon. (\u00a9Th\u00e9o Zuili \/ actu Lyon)<\/p>\n<p class=\" wall-content\">Des bancs et nouveaux am\u00e9nagements permettront de<strong> fl\u00e2ner au milieu de cette oasis<\/strong> horticole en plein c\u0153ur de Lyon. \u00c0 voir si cela suffira \u00e0 faire affluer les visiteurs, qui auront sans doute besoin d\u2019une meilleure signalisation pour trouver ce paradis cach\u00e9. Budget total : 550 000\u20ac.<\/p>\n<p>Un jardin, mais pas seulement<\/p>\n<p class=\" wall-content\">Pour rappel, <strong>les petites serres<\/strong> historiques font l\u2019objet d\u2019une restauration \u00e0 part. Ferm\u00e9es au public depuis 2006 en raison de leur v\u00e9tust\u00e9, elles vont b\u00e9n\u00e9ficier d\u2019une restauration compl\u00e8te.<\/p>\n<p class=\" wall-content\">Les travaux ont enfin d\u00e9but\u00e9 en avril 2025 <a href=\"https:\/\/actu.fr\/auvergne-rhone-alpes\/lyon_69123\/parc-de-la-tete-d-or-a-lyon-a-quand-une-reouverture-des-petites-serres_60618343.html\" rel=\"nofollow noopener\" target=\"_blank\">apr\u00e8s des ann\u00e9es d\u2019errance<\/a> pour une fin pr\u00e9vue \u00ab\u00a0d\u00e9but 2027\u00a0\u00bb, avec un <strong>budget de 9 millions d\u2019euros<\/strong>.<\/p>\n<p class=\" wall-content\">De quoi viser \u00e0 pr\u00e9server \u00ab\u00a0un patrimoine v\u00e9g\u00e9tal exceptionnel\u00a0\u00bb, comprenant plus de 12 000 esp\u00e8ces diff\u00e9rentes, dont pr\u00e8s de 900 menac\u00e9es d\u2019extinction.\u00a0<\/p>\n<p class=\" wall-content\">Suivez toute l\u2019actualit\u00e9 de vos villes et m\u00e9dias favoris en vous inscrivant \u00e0 <a href=\"https:\/\/moncompte.actu.fr\" title=\"D\u00e9couvez Mon Actu\" rel=\"nofollow noopener\" data-trk=\"{&quot;cta&quot;:{&quot;action&quot;:&quot;https:\\\/\\\/moncompte.actu.fr&quot;,&quot;category&quot;:&quot;mon compte&quot;,&quot;from&quot;:&quot;article footer&quot;,&quot;name&quot;:&quot;Mon actu&quot;,&quot;type&quot;:&quot;cta&quot;}}\" target=\"_blank\">Mon Actu<\/a>.<\/p>\n","protected":false},"excerpt":{"rendered":"Par Th\u00e9o Zuili Publi\u00e9 le 20 mai 2025 \u00e0 6h30 Un chantier discret est en cours dans le&hellip;\n","protected":false},"author":2,"featured_media":113476,"comment_status":"","ping_status":"","sticky":false,"template":"","format":"standard","meta":{"footnotes":""},"categories":[1889],"tags":[1111,11,2430,1777,674,1011,27,1757,2428,12,13760,25,104,2086],"class_list":{"0":"post-113475","1":"post","2":"type-post","3":"status-publish","4":"format-standard","5":"has-post-thumbnail","7":"category-lyon","8":"tag-actu","9":"tag-actualites","10":"tag-auvergne-rhone-alpes","11":"tag-eu","12":"tag-europe","13":"tag-fr","14":"tag-france","15":"tag-insolite","16":"tag-lyon","17":"tag-news","18":"tag-parc-de-la-tete-dor","19":"tag-republique-francaise","20":"tag-societe","21":"tag-travaux"},"share_on_mastodon":{"url":"https:\/\/pubeurope.com\/@fr\/114538351596875889","error":""},"_links":{"self":[{"href":"https:\/\/www.europesays.com\/fr\/wp-json\/wp\/v2\/posts\/113475","targetHints":{"allow":["GET"]}}],"collection":[{"href":"https:\/\/www.europesays.com\/fr\/wp-json\/wp\/v2\/posts"}],"about":[{"href":"https:\/\/www.europesays.com\/fr\/wp-json\/wp\/v2\/types\/post"}],"author":[{"embeddable":true,"href":"https:\/\/www.europesays.com\/fr\/wp-json\/wp\/v2\/users\/2"}],"replies":[{"embeddable":true,"href":"https:\/\/www.europesays.com\/fr\/wp-json\/wp\/v2\/comments?post=113475"}],"version-history":[{"count":0,"href":"https:\/\/www.europesays.com\/fr\/wp-json\/wp\/v2\/posts\/113475\/revisions"}],"wp:featuredmedia":[{"embeddable":true,"href":"https:\/\/www.europesays.com\/fr\/wp-json\/wp\/v2\/media\/113476"}],"wp:attachment":[{"href":"https:\/\/www.europesays.com\/fr\/wp-json\/wp\/v2\/media?parent=113475"}],"wp:term":[{"taxonomy":"category","embeddable":true,"href":"https:\/\/www.europesays.com\/fr\/wp-json\/wp\/v2\/categories?post=113475"},{"taxonomy":"post_tag","embeddable":true,"href":"https:\/\/www.europesays.com\/fr\/wp-json\/wp\/v2\/tags?post=113475"}],"curies":[{"name":"wp","href":"https:\/\/api.w.org\/{rel}","templated":true}]}}