{"id":113481,"date":"2025-05-20T04:51:08","date_gmt":"2025-05-20T04:51:08","guid":{"rendered":"https:\/\/www.europesays.com\/fr\/113481\/"},"modified":"2025-05-20T04:51:08","modified_gmt":"2025-05-20T04:51:08","slug":"netanyahu-accuse-paris-londres-et-ottawa-de-recompenser-le-hamas-avec-leurs-menaces","status":"publish","type":"post","link":"https:\/\/www.europesays.com\/fr\/113481\/","title":{"rendered":"Netanyahu accuse Paris, Londres et Ottawa de \u00ab r\u00e9compenser \u00bb le Hamas avec leurs menaces"},"content":{"rendered":"<p>INTERNATIONAL &#8211; Piquer au vif. Le Premier ministre isra\u00e9lien <a href=\"https:\/\/fr.news.yahoo.com\/benjamin-netanyahu-annonce-l-entr%C3%A9e-151720025.html\" data-ylk=\"slk:Benjamin Netanyahu;elm:context_link;itc:0;sec:content-canvas;outcm:mb_qualified_link;_E:mb_qualified_link;ct:story;\" class=\"link  yahoo-link\" target=\"_blank\" rel=\"noopener\">Benjamin Netanyahu<\/a>, qui a annonc\u00e9 ce lundi 19\u00a0mai vouloir \u00ab\u00a0prendre le contr\u00f4le de tout le territoire de Gaza\u00a0\u00bb, a r\u00e9pliqu\u00e9 avec v\u00e9h\u00e9mence \u00e0 la condamnation de <a href=\"https:\/\/fr.news.yahoo.com\/netanyahu-donne-conditions-fin-l-131832572.html\" data-ylk=\"slk:l\u2019offensive militaire;elm:context_link;itc:0;sec:content-canvas;outcm:mb_qualified_link;_E:mb_qualified_link;ct:story;\" class=\"link  yahoo-link\" target=\"_blank\" rel=\"noopener\">l\u2019offensive militaire <\/a>de son pays par les dirigeants britannique, canadien et fran\u00e7ais. La reprise des frappes isra\u00e9liennes ont fait 91 morts dans les derni\u00e8res 24\u00a0heures, selon la d\u00e9fense civile palestinienne.<\/p>\n<p>\u00ab\u00a0En demandant \u00e0 Isra\u00ebl de mettre fin \u00e0 une guerre d\u00e9fensive pour notre survie avant que les terroristes du Hamas \u00e0 notre fronti\u00e8re ne soient d\u00e9truits, et en exigeant un \u00c9tat palestinien, les dirigeants de Londres, Ottawa et Paris offrent une immense r\u00e9compense pour l\u2019attaque g\u00e9nocidaire contre Isra\u00ebl du 7-Octobre, tout en encourageant de nouvelles atrocit\u00e9s de ce genre\u00a0\u00bb, a estim\u00e9 Benjamin Netanyahu\u00a0dans un communiqu\u00e9, faisant r\u00e9f\u00e9rence \u00e0 l\u2019attaque du 7\u00a0octobre\u00a02023 en Isra\u00ebl qui a d\u00e9clench\u00e9 la guerre \u00e0 Gaza.<\/p>\n<p><a href=\"https:\/\/fr.news.yahoo.com\/pleine-offensive-%C3%A0-gaza-netanyahu-092953409.html\" data-ylk=\"slk:En pleine offensive \u00e0 Gaza, Netanyahu annonce qu\u2019Isra\u00ebl va prendre le contr\u00f4le de \u00ab\u00a0tout le territoire\u00a0\u00bb;elm:context_link;itc:0;sec:content-canvas;outcm:mb_qualified_link;_E:mb_qualified_link;ct:story;\" class=\"link  yahoo-link\" target=\"_blank\" rel=\"noopener\"> En pleine offensive \u00e0 Gaza, Netanyahu annonce qu\u2019Isra\u00ebl va prendre le contr\u00f4le de \u00ab\u00a0tout le territoire\u00a0\u00bb <\/a><\/p>\n<p>Plus t\u00f4t dans la journ\u00e9e, Emmanuel Macron, Keir Starmer et Mark Carney avaient pr\u00e9venu qu\u2019ils ne resteraient \u00ab\u00a0pas les bras crois\u00e9s\u00a0\u00bb face aux \u00ab\u00a0actions scandaleuses\u00a0\u00bb du gouvernement isra\u00e9lien.<\/p>\n<p>Menace de nouvelles \u00ab\u00a0mesures cibl\u00e9es\u00a0\u00bb contre Isra\u00ebl<\/p>\n<p>\u00ab\u00a0Nous nous opposons fermement \u00e0 l\u2019extension des op\u00e9rations militaires isra\u00e9liennes \u00e0 Gaza\u00a0\u00bb, ont affirm\u00e9 les dirigeants, selon lesquels le \u00ab\u00a0niveau de souffrance humaine\u00a0\u00bb est \u00ab\u00a0intol\u00e9rable\u00a0\u00bb dans l\u2019enclave palestinienne.<\/p>\n<p>\u00ab\u00a0Nous sommes d\u00e9termin\u00e9s \u00e0 reconna\u00eetre un \u00c9tat palestinien en tant que contribution \u00e0 la r\u00e9alisation d\u2019une solution \u00e0 deux \u00c9tats et nous sommes pr\u00eats \u00e0 travailler avec d\u2019autres \u00e0 cette fin\u00a0\u00bb, ont poursuivi le pr\u00e9sident fran\u00e7ais et les Premiers ministres britannique et canadien dans une d\u00e9claration conjointe, en r\u00e9f\u00e9rence notamment \u00e0 la conf\u00e9rence pr\u00e9vue en juin aux Nations unies \u00ab\u00a0pour d\u00e9gager un consensus international autour de cet objectif\u00a0\u00bb.<\/p>\n<p>Sur l\u2019aide humanitaire, ils ont jug\u00e9 \u00ab\u00a0tout \u00e0 fait insuffisante\u00a0\u00bb l\u2019annonce de l\u2019acc\u00e8s octroy\u00e9 \u00e0 \u00ab\u00a0une quantit\u00e9 minimale de nourriture\u00a0\u00bb et demandent \u00ab\u00a0au gouvernement isra\u00e9lien d\u2019arr\u00eater ses op\u00e9rations militaires \u00e0 Gaza et d\u2019autoriser imm\u00e9diatement l\u2019entr\u00e9e de l\u2019aide humanitaire\u00a0\u00bb.<\/p>\n<p>Keir Starmer, Mark Carney et Emmanuel Macron ont \u00e9galement condamn\u00e9 \u00ab\u00a0le langage odieux utilis\u00e9 r\u00e9cemment par des membres du gouvernement isra\u00e9lien et la menace agit\u00e9e d\u2019un d\u00e9placement forc\u00e9 des civils confront\u00e9s \u00e0 la destruction d\u00e9sesp\u00e9rante de Gaza\u00a0\u00bb.<\/p>\n<p>Tout en reconnaissant le droit d\u2019Isra\u00ebl \u00e0 se \u00ab\u00a0d\u00e9fendre\u00a0\u00bb contre \u00ab\u00a0le terrorisme\u00a0\u00bb et en demandant \u00ab\u00a0au Hamas de lib\u00e9rer imm\u00e9diatement les derniers otages qu\u2019il retient si cruellement depuis le 7\u00a0octobre\u00a02023\u00a0\u00bb, les trois dirigeants ont menac\u00e9 de nouvelles \u00ab\u00a0mesures cibl\u00e9es\u00a0\u00bb contre Isra\u00ebl si le pays ne met pas fin \u00e0 cette escalade de violence. Sans pr\u00e9ciser la nature et l\u2019ampleur de ces potentielles futures sanctions.<\/p>\n<p><strong>\u00c0 voir \u00e9galement sur Le HuffPost\u00a0:<\/strong><\/p>\n<p><a href=\"https:\/\/fr.news.yahoo.com\/changerait-reconnaissance-d-%C3%A9tat-palestinien-165113717.html\" data-ylk=\"slk:Ce que changerait (ou pas) la reconnaissance d\u2019un \u00c9tat palestinien que Macron est press\u00e9 d\u2019officialiser;elm:context_link;itc:0;sec:content-canvas;outcm:mb_qualified_link;_E:mb_qualified_link;ct:story;\" class=\"link  yahoo-link\" target=\"_blank\" rel=\"noopener\"> Ce que changerait (ou pas) la reconnaissance d\u2019un \u00c9tat palestinien que Macron est press\u00e9 d\u2019officialiser <\/a><\/p>\n<p><a href=\"https:\/\/fr.news.yahoo.com\/isra%C3%ABl-annonce-autoriser-l-entr%C3%A9e-044510530.html\" data-ylk=\"slk:Isra\u00ebl annonce autoriser l\u2019entr\u00e9e de nourriture \u00e0 Gaza apr\u00e8s des mois de blocus, Paris pousse \u00e0 faire vite;elm:context_link;itc:0;sec:content-canvas;outcm:mb_qualified_link;_E:mb_qualified_link;ct:story;\" class=\"link  yahoo-link\" target=\"_blank\" rel=\"noopener\"> Isra\u00ebl annonce autoriser l\u2019entr\u00e9e de nourriture \u00e0 Gaza apr\u00e8s des mois de blocus, Paris pousse \u00e0 faire vite <\/a><\/p>\n","protected":false},"excerpt":{"rendered":"INTERNATIONAL &#8211; Piquer au vif. Le Premier ministre isra\u00e9lien Benjamin Netanyahu, qui a annonc\u00e9 ce lundi 19\u00a0mai vouloir&hellip;\n","protected":false},"author":2,"featured_media":113482,"comment_status":"","ping_status":"","sticky":false,"template":"","format":"standard","meta":{"footnotes":""},"categories":[1888],"tags":[1111,1928,11,1927,23327,23328,1073,1777,674,1011,27,3519,2581,15904,12,1926,626,1925,25],"class_list":{"0":"post-113481","1":"post","2":"type-post","3":"status-publish","4":"format-standard","5":"has-post-thumbnail","7":"category-paris","8":"tag-actu","9":"tag-actu-paris","10":"tag-actualites","11":"tag-actualites-paris","12":"tag-benjamin-netanyahu","13":"tag-disrael","14":"tag-emmanuel-macron","15":"tag-eu","16":"tag-europe","17":"tag-fr","18":"tag-france","19":"tag-hamas","20":"tag-keir-starmer","21":"tag-mark-carney","22":"tag-news","23":"tag-news-paris","24":"tag-paris","25":"tag-paris-news","26":"tag-republique-francaise"},"share_on_mastodon":{"url":"https:\/\/pubeurope.com\/@fr\/114538367221459771","error":""},"_links":{"self":[{"href":"https:\/\/www.europesays.com\/fr\/wp-json\/wp\/v2\/posts\/113481","targetHints":{"allow":["GET"]}}],"collection":[{"href":"https:\/\/www.europesays.com\/fr\/wp-json\/wp\/v2\/posts"}],"about":[{"href":"https:\/\/www.europesays.com\/fr\/wp-json\/wp\/v2\/types\/post"}],"author":[{"embeddable":true,"href":"https:\/\/www.europesays.com\/fr\/wp-json\/wp\/v2\/users\/2"}],"replies":[{"embeddable":true,"href":"https:\/\/www.europesays.com\/fr\/wp-json\/wp\/v2\/comments?post=113481"}],"version-history":[{"count":0,"href":"https:\/\/www.europesays.com\/fr\/wp-json\/wp\/v2\/posts\/113481\/revisions"}],"wp:featuredmedia":[{"embeddable":true,"href":"https:\/\/www.europesays.com\/fr\/wp-json\/wp\/v2\/media\/113482"}],"wp:attachment":[{"href":"https:\/\/www.europesays.com\/fr\/wp-json\/wp\/v2\/media?parent=113481"}],"wp:term":[{"taxonomy":"category","embeddable":true,"href":"https:\/\/www.europesays.com\/fr\/wp-json\/wp\/v2\/categories?post=113481"},{"taxonomy":"post_tag","embeddable":true,"href":"https:\/\/www.europesays.com\/fr\/wp-json\/wp\/v2\/tags?post=113481"}],"curies":[{"name":"wp","href":"https:\/\/api.w.org\/{rel}","templated":true}]}}