{"id":113485,"date":"2025-05-20T04:53:08","date_gmt":"2025-05-20T04:53:08","guid":{"rendered":"https:\/\/www.europesays.com\/fr\/113485\/"},"modified":"2025-05-20T04:53:08","modified_gmt":"2025-05-20T04:53:08","slug":"paris-au-jardin-des-tuileries-y-a-t-il-trop-de-fetes","status":"publish","type":"post","link":"https:\/\/www.europesays.com\/fr\/113485\/","title":{"rendered":"Paris\u00a0: au jardin des Tuileries, y a-t-il trop de f\u00eates\u00a0?"},"content":{"rendered":"<p class=\"paragraph text_align_left\">\u00ab L\u2019ann\u00e9e prochaine, il va mourir. \u00bb Le verdict de Louis Vallin est sans appel devant ce tilleul du <a href=\"https:\/\/www.leparisien.fr\/paris-75\/paris-au-jardin-des-tuileries-une-nouvelle-vasque-de-retour-pendant-trois-etes-15-05-2025-VOSYJXPJZ5AFDKSRED7UHOFCF4.php\" target=\"_self\" rel=\"nofollow noopener\">jardin des Tuileries \u00e0 Paris (Ier)<\/a>. L\u2019arboriste, vice-pr\u00e9sident de l\u2019association Arbres, qui \u0153uvre pour la pr\u00e9servation des v\u00e9g\u00e9taux, d\u00e9signe les branches \u00e0 moiti\u00e9 nues. \u00ab Le sol est tass\u00e9 \u00e0 r\u00e9p\u00e9tition par les activit\u00e9s humaines, il subit un stress hydrique, la chaleur est intense. C\u2019est trop. \u00bb Autour de lui, en ce lundi apr\u00e8s-midi ensoleill\u00e9, il rep\u00e8re une dizaine d\u2019arbres en souffrance. \u00ab Ce n\u2019est pas normal \u00bb, alerte-t-il.<\/p>\n<p class=\"paragraph text_align_left\">Comme lui, l\u2019association les Amis des Tuileries tire la sonnette d\u2019alarme. Compos\u00e9e d\u2019une centaine de membres, dont la moiti\u00e9 vit aux abords du jardin, elle d\u00e9nonce \u00ab des d\u00e9gradations environnementales \u00bb et pointe les manifestations \u00e9v\u00e9nementielles accueillies chaque ann\u00e9e dans le parc, dont le <a href=\"https:\/\/www.leparisien.fr\/paris-75\/musee-du-louvre\/\" target=\"_blank\" rel=\"noreferrer nofollow noopener\">mus\u00e9e du Louvre<\/a> est le gestionnaire. Prochain grand rendez-vous : le retour de la vasque olympique, du 21 juin au 14 septembre. Au m\u00eame moment que la f\u00eate foraine estivale du jardin des Tuileries, de juin \u00e0 ao\u00fbt.<\/p>\n","protected":false},"excerpt":{"rendered":"\u00ab L\u2019ann\u00e9e prochaine, il va mourir. \u00bb Le verdict de Louis Vallin est sans appel devant ce tilleul&hellip;\n","protected":false},"author":2,"featured_media":113486,"comment_status":"","ping_status":"","sticky":false,"template":"","format":"standard","meta":{"footnotes":""},"categories":[1888],"tags":[11,1777,674,1011,27,1944,12,626,25],"class_list":{"0":"post-113485","1":"post","2":"type-post","3":"status-publish","4":"format-standard","5":"has-post-thumbnail","7":"category-paris","8":"tag-actualites","9":"tag-eu","10":"tag-europe","11":"tag-fr","12":"tag-france","13":"tag-ma-ville","14":"tag-news","15":"tag-paris","16":"tag-republique-francaise"},"share_on_mastodon":{"url":"https:\/\/pubeurope.com\/@fr\/114538375128271307","error":""},"_links":{"self":[{"href":"https:\/\/www.europesays.com\/fr\/wp-json\/wp\/v2\/posts\/113485","targetHints":{"allow":["GET"]}}],"collection":[{"href":"https:\/\/www.europesays.com\/fr\/wp-json\/wp\/v2\/posts"}],"about":[{"href":"https:\/\/www.europesays.com\/fr\/wp-json\/wp\/v2\/types\/post"}],"author":[{"embeddable":true,"href":"https:\/\/www.europesays.com\/fr\/wp-json\/wp\/v2\/users\/2"}],"replies":[{"embeddable":true,"href":"https:\/\/www.europesays.com\/fr\/wp-json\/wp\/v2\/comments?post=113485"}],"version-history":[{"count":0,"href":"https:\/\/www.europesays.com\/fr\/wp-json\/wp\/v2\/posts\/113485\/revisions"}],"wp:featuredmedia":[{"embeddable":true,"href":"https:\/\/www.europesays.com\/fr\/wp-json\/wp\/v2\/media\/113486"}],"wp:attachment":[{"href":"https:\/\/www.europesays.com\/fr\/wp-json\/wp\/v2\/media?parent=113485"}],"wp:term":[{"taxonomy":"category","embeddable":true,"href":"https:\/\/www.europesays.com\/fr\/wp-json\/wp\/v2\/categories?post=113485"},{"taxonomy":"post_tag","embeddable":true,"href":"https:\/\/www.europesays.com\/fr\/wp-json\/wp\/v2\/tags?post=113485"}],"curies":[{"name":"wp","href":"https:\/\/api.w.org\/{rel}","templated":true}]}}