{"id":113495,"date":"2025-05-20T04:58:11","date_gmt":"2025-05-20T04:58:11","guid":{"rendered":"https:\/\/www.europesays.com\/fr\/113495\/"},"modified":"2025-05-20T04:58:11","modified_gmt":"2025-05-20T04:58:11","slug":"un-nul-pour-finir-face-a-lallemagne","status":"publish","type":"post","link":"https:\/\/www.europesays.com\/fr\/113495\/","title":{"rendered":"Un nul pour finir face \u00e0 l&rsquo;Allemagne"},"content":{"rendered":"<p>                                                              <img data-twic-src=\"https:\/\/www.europesays.com\/fr\/wp-content\/uploads\/2025\/05\/80a970bed32f2f6493f2a4fdc70301a6.png\" data-credit=\"Archives  \/ FFF\" title=\"Archives  \/ FFF\" alt=\"U16 F\u00e9minines\" class=\"block\"\/>                                        <\/p>\n<p style=\"font-weight: bold\">L&rsquo;\u00c9quipe de France U16 F\u00e9minine s&rsquo;est quitt\u00e9e dos \u00e0 dos (1-1) avec l&rsquo;Allemagne ce lundi 19 mai \u00e0 Mealhada (Portugal).<\/p>\n<p>La s\u00e9lection U16 F\u00e9minine remporte le Tournoi de d\u00e9veloppement UEFA au Portugal apr\u00e8s son match nul (1-1) face \u00e0 l&rsquo;Allemagne. Solides d\u00e9fensivement tout au long du tournoi, les Tricolores avaient commenc\u00e9 leur premier match par un nul face au pays h\u00f4te de la comp\u00e9tition (<a href=\"https:\/\/www.fff.fr\/article\/14718-francaises-et-portugaises-dos-a-dos.html\" target=\"_blank\" rel=\"noopener nofollow\">0-0<\/a>). Les joueuses de Franck Plenecassagne ont ensuite pris le meilleur sur l&rsquo;Espagne \u00e0 Luso vendredi dernier (1-0) avant de se quitter bonnes amies face \u00e0 l&rsquo;Allemagne (1-1).<\/p>\n<p>Pour la premi\u00e8re fois du tournoi, les Bleuettes sont men\u00e9es au score d\u00e8s la 35\u00e8me minute de jeu et un but sign\u00e9 Johanna Putzer (0-1, 35e). Il faudra attendre le retour des vestiaires et une r\u00e9alisation de <a href=\"https:\/\/www.fff.fr\/equipe-nationale\/joueur\/11236-zidi-mehisane\/fiche.html\" target=\"_blank\" rel=\"noopener nofollow\">M\u00e9hisane Zidi<\/a> (1-1, 55e) pour voir les Fran\u00e7aises recoller au tableau d&rsquo;affichage.<\/p>\n<p style=\"text-align: center;\"><a href=\"https:\/\/www.fff.fr\/selection\/17-u16-feminine\/derniere-selection.html\" target=\"_blank\" rel=\"noopener nofollow\"><strong>La s\u00e9lection<\/strong><\/a><\/p>\n<p style=\"text-align: left;\"><strong><img decoding=\"async\" title=\"Archives  FFF\" src=\"https:\/\/www.europesays.com\/fr\/wp-content\/uploads\/2025\/05\/7d060ac7c88cab6d490329947eac108c.jpeg\" alt=\"\"\/><br \/><\/strong>Les Bleuettes remportent ce tournoi de d\u00e9veloppement UEFA (Ir\u00e8ne GARCIA \/ FFF).<\/p>\n<p>\u00a0L&rsquo;ANALYSE DU S\u00c9LECTIONNEUR\u00a0<\/p>\n<p><strong>Franck Plenecassagne :<\/strong> \u00ab L\u2019objectif, c\u2019\u00e9tait de continuer \u00e0 faire progresser les filles. On avait r\u00e9alis\u00e9 un bon tournoi \u00e0 Montaigu, et on voulait poursuivre dans cette dynamique, en restant fid\u00e8les \u00e0 nos intentions de jeu et \u00e0 nos grands principes, que ce soit sur le plan individuel ou collectif. Il y avait aussi une volont\u00e9 de garder le bon \u00e9tat d\u2019esprit, et l\u00e0-dessus, les filles ont \u00e9t\u00e9 dans la continuit\u00e9.<\/p>\n<p>Elles ont r\u00e9pondu pr\u00e9sentes avec une victoire et deux matchs nuls. C\u2019est gratifiant pour elles, mais ce qu\u2019on retient surtout, c\u2019est le contenu et les intentions qu\u2019elles ont mises dans ces trois matchs.<\/p>\n<p>Ce qu\u2019on a vu du groupe, c\u2019est qu\u2019il a su rester concentr\u00e9 et engag\u00e9 la majeure partie du temps. J&rsquo;avais \u00e9t\u00e9 d\u00e9\u00e7u du match face au Portugal mais on a eu une grande satisfaction face \u00e0 l\u2019Espagne : les filles ont \u00e9t\u00e9 tr\u00e8s performantes, notamment en termes de communication entre elles, et de capacit\u00e9 \u00e0 d\u00e9fendre ensemble. Le dernier match a aussi \u00e9t\u00e9 int\u00e9ressant. Avec un syst\u00e8me de jeu diff\u00e9rent, on a fait une tr\u00e8s bonne premi\u00e8re heure o\u00f9 on a su produire du jeu, tout en restant solides d\u00e9fensivement. Sur le plan offensif, le match contre l\u2019Allemagne a \u00e9t\u00e9 particuli\u00e8rement valorisant pour nous. \u00bb<\/p>\n<p style=\"text-align: left;\">\u00a0<\/p>\n<p>R\u00e9sultats et calendrier<\/p>\n<p class=\"light\">&#8211; Mercredi 14 mai 2025 :<\/p>\n<ul>\n<li class=\"light\">Portugal-<strong>France<\/strong> 0-0 (4 tab 2)<\/li>\n<li class=\"light\">Allemagne-Espagne 2-3<\/li>\n<\/ul>\n<p class=\"light\">&#8211; Vendredi 16 mai 2025 :<\/p>\n<ul>\n<li class=\"light\">Espagne-<strong>France <\/strong>0-1<\/li>\n<li class=\"light\">Portugal-Allemagne 0-2<\/li>\n<\/ul>\n<p class=\"light\">&#8211; Lundi 19 mai 2025 :<\/p>\n<ul>\n<li class=\"light\"><strong>France-<\/strong>Allemagne 1-1 (7 tab 6)<\/li>\n<li class=\"light\">Portugal-Espagne 0-0 (3 tab 1)<\/li>\n<\/ul>\n<p>Classement : 1. France, 6 pts (+1) ; 2. Allemagne, 4 pts (+1) ; 3. Espagne, 4 pts (0) ; 4. Portugal, 4 pts (-2).\u00a0<\/p>\n<p>*heure fran\u00e7aise<\/p>\n","protected":false},"excerpt":{"rendered":"L&rsquo;\u00c9quipe de France U16 F\u00e9minine s&rsquo;est quitt\u00e9e dos \u00e0 dos (1-1) avec l&rsquo;Allemagne ce lundi 19 mai \u00e0&hellip;\n","protected":false},"author":2,"featured_media":113496,"comment_status":"","ping_status":"","sticky":false,"template":"","format":"standard","meta":{"footnotes":""},"categories":[1587],"tags":[11,672,1804,1805,1803,1777,674,85,1801,12,1802],"class_list":{"0":"post-113495","1":"post","2":"type-post","3":"status-publish","4":"format-standard","5":"has-post-thumbnail","7":"category-allemagne","8":"tag-actualites","9":"tag-allemagne","10":"tag-bundesrepublik-deutschland","11":"tag-de","12":"tag-deutschland","13":"tag-eu","14":"tag-europe","15":"tag-fff","16":"tag-germany","17":"tag-news","18":"tag-republique-federale-dallemagne"},"share_on_mastodon":{"url":"https:\/\/pubeurope.com\/@fr\/114538394766447846","error":""},"_links":{"self":[{"href":"https:\/\/www.europesays.com\/fr\/wp-json\/wp\/v2\/posts\/113495","targetHints":{"allow":["GET"]}}],"collection":[{"href":"https:\/\/www.europesays.com\/fr\/wp-json\/wp\/v2\/posts"}],"about":[{"href":"https:\/\/www.europesays.com\/fr\/wp-json\/wp\/v2\/types\/post"}],"author":[{"embeddable":true,"href":"https:\/\/www.europesays.com\/fr\/wp-json\/wp\/v2\/users\/2"}],"replies":[{"embeddable":true,"href":"https:\/\/www.europesays.com\/fr\/wp-json\/wp\/v2\/comments?post=113495"}],"version-history":[{"count":0,"href":"https:\/\/www.europesays.com\/fr\/wp-json\/wp\/v2\/posts\/113495\/revisions"}],"wp:featuredmedia":[{"embeddable":true,"href":"https:\/\/www.europesays.com\/fr\/wp-json\/wp\/v2\/media\/113496"}],"wp:attachment":[{"href":"https:\/\/www.europesays.com\/fr\/wp-json\/wp\/v2\/media?parent=113495"}],"wp:term":[{"taxonomy":"category","embeddable":true,"href":"https:\/\/www.europesays.com\/fr\/wp-json\/wp\/v2\/categories?post=113495"},{"taxonomy":"post_tag","embeddable":true,"href":"https:\/\/www.europesays.com\/fr\/wp-json\/wp\/v2\/tags?post=113495"}],"curies":[{"name":"wp","href":"https:\/\/api.w.org\/{rel}","templated":true}]}}