{"id":113502,"date":"2025-05-20T05:02:08","date_gmt":"2025-05-20T05:02:08","guid":{"rendered":"https:\/\/www.europesays.com\/fr\/113502\/"},"modified":"2025-05-20T05:02:08","modified_gmt":"2025-05-20T05:02:08","slug":"rihanna-enceinte-elle-rejoint-aap-rocky-sur-le-tapis-rouge-du-festival-de-cannes-et-le-couple-imite-grace-a-la-pluie-meghan-markle-et-le-prince-harry","status":"publish","type":"post","link":"https:\/\/www.europesays.com\/fr\/113502\/","title":{"rendered":"Rihanna enceinte, elle rejoint A$AP Rocky sur le tapis rouge du Festival de Cannes et le couple imite, gr\u00e2ce \u00e0 la pluie, Meghan Markle et le prince Harry"},"content":{"rendered":"<p><a href=\"https:\/\/www.vanityfair.fr\/dossier\/rihanna\" isautogenerated=\"true\" target=\"_blank\" rel=\"noopener\"><strong>Rihanna<\/strong><\/a> \u00e9tait attendue de pied ferme sur le tapis rouge du <a href=\"https:\/\/www.vanityfair.fr\/dossier\/festival-de-cannes\" isautogenerated=\"true\" target=\"_blank\" rel=\"noopener\">Festival de Cannes<\/a> 2025. Mais elle n&rsquo;est pas apparue pour la mont\u00e9e des marches avant la pr\u00e9sentation, hors comp\u00e9tition, de Highest 2 Lowest, le dernier film de <a href=\"https:\/\/www.vanityfair.fr\/dossier\/spike-lee\" isautogenerated=\"true\" target=\"_blank\" rel=\"noopener\"><strong>Spike Lee<\/strong><\/a> dans lequel joue son compagnon <strong>A$AP Rocky<\/strong>. Mais point de Rihanna sur le tapis rouge, o\u00f9 se sont succ\u00e9d\u00e9 les stars du film, comme <strong>Denzel Washington<\/strong>. Elle a trouv\u00e9 mieux : la chanteuse barbadienne s&rsquo;est faufil\u00e9e pour la descente des marches.<\/p>\n<p>Enceinte de son troisi\u00e8me enfant \u2013 <a href=\"https:\/\/www.vanityfair.fr\/article\/rihanna-grossesse-met-gala-2025\" target=\"_blank\" rel=\"noopener\">une grossesse annonc\u00e9e de la fa\u00e7on la plus chic possible, \u00e0 savoir lors du dernier Met Gala<\/a>, dont A$AP Rocky \u00e9tait un des co-pr\u00e9sidents \u2013, Rihanna portait une robe Ala\u00efa turquoise fendue sur le c\u00f4t\u00e9, et dont le drap\u00e9 nou\u00e9 laissait d\u00e9couvrir son ventre arrondi.<\/p>\n<p>Resplendissante et par\u00e9e par Boucheron, Rihanna a pris la pose devant les photographes avec son compagnon qui n&rsquo;a pas \u00e9t\u00e9 avare en d\u00e9monstrations d&rsquo;affection, mais aussi Spike Lee et sa femme, la productrice <strong>Tonya Lewis Lee<\/strong>.<\/p>\n<p>Et apr\u00e8s six jours de grand soleil sur la Croisette, il fallait bien que la m\u00e9t\u00e9o fasse un caprice : la pluie s&rsquo;est abattue sur Cannes \u00e0 la tomb\u00e9e de la nuit, donnant lieu \u00e0 des images impressionnantes sur le tapis rouge avec les reflets des flashs des photographes. Entre la pluie brillante et la robe bleu vif de Rihanna, les images n&rsquo;\u00e9taient pas sans rappeler une des derni\u00e8res apparitions publiques de <a href=\"https:\/\/www.vanityfair.fr\/dossier\/meghan-markle\" isautogenerated=\"true\" target=\"_blank\" rel=\"noopener\"><strong>Meghan Markle<\/strong><\/a> et le <a href=\"https:\/\/www.vanityfair.fr\/dossier\/prince-harry\" isautogenerated=\"true\" target=\"_blank\" rel=\"noopener\"><strong>prince Harry<\/strong><\/a> avant leur d\u00e9part de leurs fonctions royales officielles, en mars 2020 \u00e0 <a href=\"https:\/\/www.vanityfair.fr\/dossier\/londres\" isautogenerated=\"true\" target=\"_blank\" rel=\"noopener\">Londres<\/a>. La duchesse de Sussex avait \u00e0 l&rsquo;\u00e9poque opt\u00e9 pour une robe sign\u00e9e <a href=\"https:\/\/www.vanityfair.fr\/dossier\/victoria-beckham\" isautogenerated=\"true\" target=\"_blank\" rel=\"noopener\">Victoria Beckham<\/a> et des escarpins bleu marine. De la chaussure bleue au parapluie noir, en passant par les cheveux relev\u00e9s, la similitude entre les deux moments est flagrante.<\/p>\n<p>Meghan Markle et le prince Harry, en mars 2020.<\/p>\n<p>Samir Hussein\/WireImage\/Getty Images<\/p>\n<p>Rihanna et A$AP Rocky au Festival de Cannes 2025.<\/p>\n<p>Samir Hussein\/WireImage\/Getty Images<\/p>\n<p>Cinq ans apr\u00e8s leur d\u00e9part du Royaume-Uni pour la Californie \u2013 et malgr\u00e9 <a href=\"https:\/\/www.vanityfair.fr\/article\/prince-harry-meghan-markle-5-ans-depart-royal\" target=\"_blank\" rel=\"noopener\">des aventures entrepreneuriales au succ\u00e8s mitig\u00e9<\/a> \u2013, cette image de Meghan Markle et du prince Harry figure parmi les plus marquantes du couple, qui f\u00eatait en ce 19 mai <a href=\"https:\/\/www.vanityfair.fr\/article\/meghan-markle-surprises-cachees-anniversaire-de-mariage\" target=\"_blank\" rel=\"noopener\">ses sept ans de mariage<\/a>. \u00ab C&rsquo;\u00e9tait une photo exceptionnelle, avec tous les \u00e9l\u00e9ments dont un photographe peut r\u00eaver de voir r\u00e9unis : le timing parfait, la lumi\u00e8re g\u00e9niale, un symbole fort et des sujets formidables \u00bb, avait d\u00e9clar\u00e9 \u00e0 <a href=\"https:\/\/www.vogue.com\/article\/iconic-photo-of-prince-harry-and-meghan-markle-explained\" target=\"_blank\" rel=\"noopener\">Vogue<\/a> <strong>Samir Hussein<\/strong>, l&rsquo;auteur du clich\u00e9 mythique \u2013 qui a photographi\u00e9 ce lundi soir Rihanna et A$AP Rocky sur le tapis rouge.<\/p>\n<p><strong>D\u00e9couvrez les images de Rihanna sur le tapis rouge du Festival de Cannes:<\/strong><\/p>\n","protected":false},"excerpt":{"rendered":"Rihanna \u00e9tait attendue de pied ferme sur le tapis rouge du Festival de Cannes 2025. Mais elle n&rsquo;est&hellip;\n","protected":false},"author":2,"featured_media":113503,"comment_status":"","ping_status":"","sticky":false,"template":"","format":"standard","meta":{"footnotes":""},"categories":[2],"tags":[11,5634,1011,27,12,25,5418],"class_list":{"0":"post-113502","1":"post","2":"type-post","3":"status-publish","4":"format-standard","5":"has-post-thumbnail","7":"category-actualites","8":"tag-actualites","9":"tag-festival-de-cannes","10":"tag-fr","11":"tag-france","12":"tag-news","13":"tag-republique-francaise","14":"tag-rihanna"},"share_on_mastodon":{"url":"https:\/\/pubeurope.com\/@fr\/114538410336716249","error":""},"_links":{"self":[{"href":"https:\/\/www.europesays.com\/fr\/wp-json\/wp\/v2\/posts\/113502","targetHints":{"allow":["GET"]}}],"collection":[{"href":"https:\/\/www.europesays.com\/fr\/wp-json\/wp\/v2\/posts"}],"about":[{"href":"https:\/\/www.europesays.com\/fr\/wp-json\/wp\/v2\/types\/post"}],"author":[{"embeddable":true,"href":"https:\/\/www.europesays.com\/fr\/wp-json\/wp\/v2\/users\/2"}],"replies":[{"embeddable":true,"href":"https:\/\/www.europesays.com\/fr\/wp-json\/wp\/v2\/comments?post=113502"}],"version-history":[{"count":0,"href":"https:\/\/www.europesays.com\/fr\/wp-json\/wp\/v2\/posts\/113502\/revisions"}],"wp:featuredmedia":[{"embeddable":true,"href":"https:\/\/www.europesays.com\/fr\/wp-json\/wp\/v2\/media\/113503"}],"wp:attachment":[{"href":"https:\/\/www.europesays.com\/fr\/wp-json\/wp\/v2\/media?parent=113502"}],"wp:term":[{"taxonomy":"category","embeddable":true,"href":"https:\/\/www.europesays.com\/fr\/wp-json\/wp\/v2\/categories?post=113502"},{"taxonomy":"post_tag","embeddable":true,"href":"https:\/\/www.europesays.com\/fr\/wp-json\/wp\/v2\/tags?post=113502"}],"curies":[{"name":"wp","href":"https:\/\/api.w.org\/{rel}","templated":true}]}}