{"id":113507,"date":"2025-05-20T05:07:08","date_gmt":"2025-05-20T05:07:08","guid":{"rendered":"https:\/\/www.europesays.com\/fr\/113507\/"},"modified":"2025-05-20T05:07:08","modified_gmt":"2025-05-20T05:07:08","slug":"pronostic-giovanni-mpetshi-perricard-alexander-bublik-atp-hambourg","status":"publish","type":"post","link":"https:\/\/www.europesays.com\/fr\/113507\/","title":{"rendered":"Pronostic Giovanni Mpetshi Perricard Alexander Bublik &#8211; ATP Hambourg"},"content":{"rendered":"<p class=\"text-xs leading-5 text-gray-400 mb-2\">\n                        Publi\u00e9 le 19\/05\/2025 15:27<br \/>\n                        \u00a0par<br \/>\n                                                            <a href=\"https:\/\/www.sportytrader.com\/auteur\/jeremy-ernou-10\/\" target=\"_blank\" rel=\"noopener\">J\u00e9r\u00e9my Ernou<\/a><\/p>\n<p>                                                    |<br \/>\n                            Modifi\u00e9 le<br \/>\n                                19\/05\/2025<br \/>\n                                \u00e0 15:27<\/p>\n<p>                                                                                                            dans<br \/>\n                                <a data-trans=\"tips.published.sport %sport%\" href=\"https:\/\/www.sportytrader.com\/pronostics\/tennis\/\" target=\"_blank\" rel=\"noopener\"><br \/>\n                                    Pronostics Tennis<br \/>\n                                <\/a><\/p>\n<p>Le Fran\u00e7ais Giovanni Mpetshi Perricard termine sa pr\u00e9paration pour Roland Garros en prenant la direction d\u2019Hambourg cette semaine et une entr\u00e9e en lice face \u00e0 l\u2019impr\u00e9visible kazakh Alexander Bublik.<\/p>\n<p>Que la saison est difficile pour Giovanni Mpetshi Perricard ! Apr\u00e8s avoir \u00e9t\u00e9 la r\u00e9v\u00e9lation de l\u2019ann\u00e9e 2024, le Fran\u00e7ais a connu un retour sur terre compliqu\u00e9 avec un enchainement de r\u00e9sultats n\u00e9gatifs qui ont touch\u00e9 le moral du joueur. 6 d\u00e9faites de rang entre mi-mars et mi-mai qui ont frein\u00e9 la progression du tricolore. Mais le 32\u00e8me joueur mondial n\u2019a pas h\u00e9sit\u00e9 \u00e0 passer par le circuit secondaire pour aller chercher de la confiance, avec r\u00e9ussite pour Giovanni Mpetshi Perricard qui a remport\u00e9 le challenger de Bordeaux la semaine pass\u00e9e dans un tournoi tr\u00e8s relev\u00e9. Un nouveau souffle pour le tricolore ?<\/p>\n<p>Comme le Fran\u00e7ais, Alexander Bublik a fait le choix de descendre sur le circuit inf\u00e9rieur pour garder du rythme, avec un succ\u00e8s au challenger de Turin. Huiti\u00e8me de finaliste \u00e0 Madrid et tout proche de sortir Casper Ruud au second tour \u00e0 Rome, le 51\u00e8me joueur mondial est dans une bonne p\u00e9riode et redevient un joueur tr\u00e8s dangereux. Souvent critiqu\u00e9 pour son inconstance et son temp\u00e9rament clivant, Alexander Bublik revient surtout un vrai joueur de tennis, puissant et difficile \u00e0 jouer quand il est en forme. <\/p>\n","protected":false},"excerpt":{"rendered":"Publi\u00e9 le 19\/05\/2025 15:27 \u00a0par J\u00e9r\u00e9my Ernou | Modifi\u00e9 le 19\/05\/2025 \u00e0 15:27 dans Pronostics Tennis Le Fran\u00e7ais&hellip;\n","protected":false},"author":2,"featured_media":113508,"comment_status":"","ping_status":"","sticky":false,"template":"","format":"standard","meta":{"footnotes":""},"categories":[1415],"tags":[23329,23330,1011,27,22950,1817,1821,60,1467],"class_list":{"0":"post-113507","1":"post","2":"type-post","3":"status-publish","4":"format-standard","5":"has-post-thumbnail","7":"category-tennis","8":"tag-alexander-bublik","9":"tag-atp-hambourg","10":"tag-fr","11":"tag-france","12":"tag-giovanni-mpetshi-perricard","13":"tag-pronostic","14":"tag-pronostics","15":"tag-sports","16":"tag-tennis"},"share_on_mastodon":{"url":"https:\/\/pubeurope.com\/@fr\/114538429991179702","error":""},"_links":{"self":[{"href":"https:\/\/www.europesays.com\/fr\/wp-json\/wp\/v2\/posts\/113507","targetHints":{"allow":["GET"]}}],"collection":[{"href":"https:\/\/www.europesays.com\/fr\/wp-json\/wp\/v2\/posts"}],"about":[{"href":"https:\/\/www.europesays.com\/fr\/wp-json\/wp\/v2\/types\/post"}],"author":[{"embeddable":true,"href":"https:\/\/www.europesays.com\/fr\/wp-json\/wp\/v2\/users\/2"}],"replies":[{"embeddable":true,"href":"https:\/\/www.europesays.com\/fr\/wp-json\/wp\/v2\/comments?post=113507"}],"version-history":[{"count":0,"href":"https:\/\/www.europesays.com\/fr\/wp-json\/wp\/v2\/posts\/113507\/revisions"}],"wp:featuredmedia":[{"embeddable":true,"href":"https:\/\/www.europesays.com\/fr\/wp-json\/wp\/v2\/media\/113508"}],"wp:attachment":[{"href":"https:\/\/www.europesays.com\/fr\/wp-json\/wp\/v2\/media?parent=113507"}],"wp:term":[{"taxonomy":"category","embeddable":true,"href":"https:\/\/www.europesays.com\/fr\/wp-json\/wp\/v2\/categories?post=113507"},{"taxonomy":"post_tag","embeddable":true,"href":"https:\/\/www.europesays.com\/fr\/wp-json\/wp\/v2\/tags?post=113507"}],"curies":[{"name":"wp","href":"https:\/\/api.w.org\/{rel}","templated":true}]}}