{"id":113509,"date":"2025-05-20T05:09:08","date_gmt":"2025-05-20T05:09:08","guid":{"rendered":"https:\/\/www.europesays.com\/fr\/113509\/"},"modified":"2025-05-20T05:09:08","modified_gmt":"2025-05-20T05:09:08","slug":"motogp-bis-repetita-pour-zarco-a-silverstone-la-pluie-annoncee-bonne-nouvelle-potentielle","status":"publish","type":"post","link":"https:\/\/www.europesays.com\/fr\/113509\/","title":{"rendered":"MotoGP Bis repetita pour Zarco \u00e0 Silverstone, la pluie annonc\u00e9e, bonne nouvelle potentielle !?"},"content":{"rendered":"<p>Forc\u00e9ment, apr\u00e8s une prestation comme celle r\u00e9alis\u00e9e par Johann Zarco sur le circuit du Mans en MotoGP, nous devenons gourmand ! Vainqueur dans des conditions pluvieuses, le tricolore aura peut-\u00eatre l\u2019opportunit\u00e9 de r\u00e9it\u00e9rer son exploit, ce week-end \u00e0 Silverstone. Effectivement, la m\u00e9t\u00e9o annonce de la pluie, de mani\u00e8re assez abondante, m\u00eame, le samedi pour l\u2019instant.<\/p>\n<p>MotoGP : la Honda en retrait, sur le sec, en Grande Bretagne ?<\/p>\n<p>Pour l\u2019heure, potentiellement, ce sont les qualifications et le sprint du Grand-Prix de Grande Bretagne de MotoGP qui sont impact\u00e9s par une potentielle m\u00e9t\u00e9o pluvieuse. Mais nous savons qu\u2019\u00e0 ce stade de la semaine, de telles pr\u00e9visions sont encore susceptibles de se d\u00e9placer, sur le dimanche notamment\u2026De quoi donner de l\u2019espoir au Team LCR-Honda et \u00e0 son pilote sachant que le caract\u00e8re rapide de cette piste ne sera pas forc\u00e9ment tr\u00e8s favorable \u00e0 la machine Japonaise, sur une piste s\u00e8che.<\/p>\n<p>M\u00eame si, depuis le d\u00e9but de la saison, cette derni\u00e8re parait fonctionner bien partout. Mais la pluie donnerait forc\u00e9ment un avantage au pilote Fran\u00e7ais, notamment sur le plan psychologique, apr\u00e8s son exploit historique du Mans, encore frais dans sa t\u00eate. D\u00e8s lors, pourquoi ne pas envisager un doubl\u00e9, en r\u00e9alisant pareil r\u00e9sultat de l\u2019autre c\u00f4t\u00e9 de la Manche ? Pr\u00e9visions m\u00e9t\u00e9orologiques \u00e0 surveiller avec attention, donc, dans les jours \u00e0 venir\u2026<\/p>\n<blockquote class=\"twitter-tweet\">\n<p dir=\"ltr\" lang=\"en\">How to etch your name in the history books, a lesson by Johann Zarco \u270d\ufe0f<a href=\"https:\/\/twitter.com\/hashtag\/FrenchGP?src=hash&amp;ref_src=twsrc%5Etfw\" target=\"_blank\" rel=\"noopener\">#FrenchGP<\/a> \ud83c\uddeb\ud83c\uddf7 <a href=\"https:\/\/t.co\/STwdWWlxzB\" target=\"_blank\">https:\/\/t.co\/STwdWWlxzB<\/a><\/p>\n<p>\u2014 MotoGP\u2122\ud83c\udfc1 (@MotoGP) <a href=\"https:\/\/twitter.com\/MotoGP\/status\/1921909472898985985?ref_src=twsrc%5Etfw\" target=\"_blank\" rel=\"noopener\">May 12, 2025<\/a><\/p>\n<\/blockquote>\n<p>Article publi\u00e9 le 20\/05\/2025 \u00e0 6h20<\/p>\n<p>                                                            <script async src=\"https:\/\/platform.twitter.com\/widgets.js\" charset=\"utf-8\"><\/script><\/p>\n","protected":false},"excerpt":{"rendered":"Forc\u00e9ment, apr\u00e8s une prestation comme celle r\u00e9alis\u00e9e par Johann Zarco sur le circuit du Mans en MotoGP, nous&hellip;\n","protected":false},"author":2,"featured_media":113510,"comment_status":"","ping_status":"","sticky":false,"template":"","format":"standard","meta":{"footnotes":""},"categories":[1413],"tags":[1011,27,1741,1457,1456,1458,23125,60],"class_list":{"0":"post-113509","1":"post","2":"type-post","3":"status-publish","4":"format-standard","5":"has-post-thumbnail","7":"category-moto","8":"tag-fr","9":"tag-france","10":"tag-johann-zarco","11":"tag-moto","12":"tag-motocycle","13":"tag-motogp","14":"tag-silverstone","15":"tag-sports"},"share_on_mastodon":{"url":"https:\/\/pubeurope.com\/@fr\/114538437927745007","error":""},"_links":{"self":[{"href":"https:\/\/www.europesays.com\/fr\/wp-json\/wp\/v2\/posts\/113509","targetHints":{"allow":["GET"]}}],"collection":[{"href":"https:\/\/www.europesays.com\/fr\/wp-json\/wp\/v2\/posts"}],"about":[{"href":"https:\/\/www.europesays.com\/fr\/wp-json\/wp\/v2\/types\/post"}],"author":[{"embeddable":true,"href":"https:\/\/www.europesays.com\/fr\/wp-json\/wp\/v2\/users\/2"}],"replies":[{"embeddable":true,"href":"https:\/\/www.europesays.com\/fr\/wp-json\/wp\/v2\/comments?post=113509"}],"version-history":[{"count":0,"href":"https:\/\/www.europesays.com\/fr\/wp-json\/wp\/v2\/posts\/113509\/revisions"}],"wp:featuredmedia":[{"embeddable":true,"href":"https:\/\/www.europesays.com\/fr\/wp-json\/wp\/v2\/media\/113510"}],"wp:attachment":[{"href":"https:\/\/www.europesays.com\/fr\/wp-json\/wp\/v2\/media?parent=113509"}],"wp:term":[{"taxonomy":"category","embeddable":true,"href":"https:\/\/www.europesays.com\/fr\/wp-json\/wp\/v2\/categories?post=113509"},{"taxonomy":"post_tag","embeddable":true,"href":"https:\/\/www.europesays.com\/fr\/wp-json\/wp\/v2\/tags?post=113509"}],"curies":[{"name":"wp","href":"https:\/\/api.w.org\/{rel}","templated":true}]}}