{"id":113529,"date":"2025-05-20T05:19:08","date_gmt":"2025-05-20T05:19:08","guid":{"rendered":"https:\/\/www.europesays.com\/fr\/113529\/"},"modified":"2025-05-20T05:19:08","modified_gmt":"2025-05-20T05:19:08","slug":"un-chimiste-met-au-point-une-molecule-qui-pourrait-lutter-contre-le-cancer-linfo-re","status":"publish","type":"post","link":"https:\/\/www.europesays.com\/fr\/113529\/","title":{"rendered":"Un chimiste met au point une mol\u00e9cule qui pourrait lutter contre le cancer &#8211; LINFO.re"},"content":{"rendered":"<p>Rapha\u00ebl Rodriguez, chercheur \u00e0 l\u2019Institut Curie, a mis au point une mol\u00e9cule qui pourrait permettre de lutter contre le cancer. Il propose d\u2019utiliser l\u2019addiction au fer des cellules canc\u00e9reuses.<\/p>\n<p>Utiliser l\u2019addiction au fer des cellules canc\u00e9reuses pour lutter contre la maladie. C\u2019est ce que propose Rapha\u00ebl Rodriguez. Une id\u00e9e qui pourrait permettre de r\u00e9duire les m\u00e9tastases, responsables d\u2019environ 70% des d\u00e9c\u00e8s du fait d\u2019un cancer.<\/p>\n<p>Le chercheur \u00e0 l\u2019Institut Curie a publi\u00e9 une \u00e9tude dans la revue Nature, qui souligne l\u2019importance du fer pour ces cellules. La ligue contre le cancer va jusqu\u2019\u00e0 parler d\u2019une \u00ab\u00a0v\u00e9ritable boulimie de fer\u00a0\u00a0\u00bb. Ajoutant que ce m\u00e9tal joue \u00ab\u00a0un r\u00f4le indispensable dans l\u2019activation de diff\u00e9rents programmes permettant \u00e0 ces cellules de s\u2019adapter et, d\u2019une certaine fa\u00e7on, de devenir plus fortes\u00a0\u00a0\u00bb.\u00a0<\/p>\n<p>Si les cellules canc\u00e9reuses appr\u00e9cient le fer, une dose trop importante peut leur \u00eatre fatale.<\/p>\n<p>Avec son \u00e9quipe, Rapha\u00ebl Rodriguez a donc con\u00e7u une mol\u00e9cule, la fentomycin-1, afin d\u2019exploiter cette faille. Cette mol\u00e9cule permettrait d\u2019acc\u00e9l\u00e9rer\u00a0le processus menant \u00e0 la mort de la cellule.<\/p>\n<p>Le chercheur a men\u00e9 des tests concluants dans son laboratoire. Il esp\u00e8re d\u00e9sormais trouver les financements n\u00e9cessaires pour r\u00e9aliser des \u00e9tudes cliniques et poursuivre la mise au point de ses recherches.<\/p>\n","protected":false},"excerpt":{"rendered":"Rapha\u00ebl Rodriguez, chercheur \u00e0 l\u2019Institut Curie, a mis au point une mol\u00e9cule qui pourrait permettre de lutter contre&hellip;\n","protected":false},"author":2,"featured_media":113530,"comment_status":"","ping_status":"","sticky":false,"template":"","format":"standard","meta":{"footnotes":""},"categories":[10],"tags":[47,1011,27,72,6335,1922,7224,71,104],"class_list":{"0":"post-113529","1":"post","2":"type-post","3":"status-publish","4":"format-standard","5":"has-post-thumbnail","7":"category-sante","8":"tag-actualite","9":"tag-fr","10":"tag-france","11":"tag-health","12":"tag-home-page","13":"tag-info","14":"tag-newsletter-soir","15":"tag-sante","16":"tag-societe"},"share_on_mastodon":{"url":"https:\/\/pubeurope.com\/@fr\/114538477229724723","error":""},"_links":{"self":[{"href":"https:\/\/www.europesays.com\/fr\/wp-json\/wp\/v2\/posts\/113529","targetHints":{"allow":["GET"]}}],"collection":[{"href":"https:\/\/www.europesays.com\/fr\/wp-json\/wp\/v2\/posts"}],"about":[{"href":"https:\/\/www.europesays.com\/fr\/wp-json\/wp\/v2\/types\/post"}],"author":[{"embeddable":true,"href":"https:\/\/www.europesays.com\/fr\/wp-json\/wp\/v2\/users\/2"}],"replies":[{"embeddable":true,"href":"https:\/\/www.europesays.com\/fr\/wp-json\/wp\/v2\/comments?post=113529"}],"version-history":[{"count":0,"href":"https:\/\/www.europesays.com\/fr\/wp-json\/wp\/v2\/posts\/113529\/revisions"}],"wp:featuredmedia":[{"embeddable":true,"href":"https:\/\/www.europesays.com\/fr\/wp-json\/wp\/v2\/media\/113530"}],"wp:attachment":[{"href":"https:\/\/www.europesays.com\/fr\/wp-json\/wp\/v2\/media?parent=113529"}],"wp:term":[{"taxonomy":"category","embeddable":true,"href":"https:\/\/www.europesays.com\/fr\/wp-json\/wp\/v2\/categories?post=113529"},{"taxonomy":"post_tag","embeddable":true,"href":"https:\/\/www.europesays.com\/fr\/wp-json\/wp\/v2\/tags?post=113529"}],"curies":[{"name":"wp","href":"https:\/\/api.w.org\/{rel}","templated":true}]}}