{"id":113539,"date":"2025-05-20T05:24:08","date_gmt":"2025-05-20T05:24:08","guid":{"rendered":"https:\/\/www.europesays.com\/fr\/113539\/"},"modified":"2025-05-20T05:24:08","modified_gmt":"2025-05-20T05:24:08","slug":"sur-une-autre-ligne-que-trump-les-europeens-vont-accroitre-les-sanctions-contre-la-russie","status":"publish","type":"post","link":"https:\/\/www.europesays.com\/fr\/113539\/","title":{"rendered":"Sur une autre ligne que Trump, les Europ\u00e9ens vont accro\u00eetre les sanctions contre la Russie"},"content":{"rendered":"<p>Bruxelles et Washington sont de moins en moins sur la m\u00eame ligne vis-\u00e0-vis du Kremlin. Les principaux alli\u00e9s europ\u00e9ens de l\u2019<a href=\"https:\/\/www.20minutes.fr\/monde\/ukraine\/\" target=\"_blank\" class=\"color-ultramarine c-link\" rel=\"noopener\">Ukraine<\/a> se sont en effet entendus pour \u00ab\u00a0accro\u00eetre la pression\u00a0\u00bb sur Moscou en renfor\u00e7ant les sanctions, a indiqu\u00e9 lundi le gouvernement allemand apr\u00e8s l\u2019entretien entre <a href=\"https:\/\/www.20minutes.fr\/dossier\/donald_trump\" target=\"_blank\" class=\"color-ultramarine c-link\" rel=\"noopener\">Donald Trump<\/a> et <a href=\"https:\/\/www.20minutes.fr\/monde\/vladimir_poutine\/\" target=\"_blank\" class=\"color-ultramarine c-link\" rel=\"noopener\">Vladimir Poutine<\/a>.<\/p>\n<p>Apr\u00e8s cet appel, le pr\u00e9sident am\u00e9ricain s\u2019est entretenu avec le pr\u00e9sident ukrainien Volodymyr Zelensky, le pr\u00e9sident fran\u00e7ais <a href=\"https:\/\/www.20minutes.fr\/politique\/emmanuel-macron\/\" target=\"_blank\" class=\"color-ultramarine c-link\" rel=\"noopener\">Emmanuel Macron<\/a>, le pr\u00e9sident finlandais Alexander Stubb, le chancelier allemand Friedrich Merz, la Premi\u00e8re ministre italienne Giorgia Meloni et la pr\u00e9sidente de l\u2019UE <a href=\"https:\/\/www.20minutes.fr\/politique\/ursula-von-der-leyen\/\" target=\"_blank\" class=\"color-ultramarine c-link\" rel=\"noopener\">Ursula von\u00a0der\u00a0Leyen<\/a>.<\/p>\n<p>Les Europ\u00e9ens ne l\u00e2chent pas Kiev<\/p>\n<p>Selon le compte rendu officiel de cet entretien fourni par le porte-parole de Friedrich Merz, \u00ab\u00a0les participants ont annonc\u00e9 qu\u2019ils allaient accro\u00eetre la pression sur la partie russe par le biais de sanctions\u00a0\u00bb, semblant sugg\u00e9rer une divergence d\u2019approche avec Washington. Le compte rendu de l\u2019appel indique en outre que les dirigeants \u00ab\u00a0ont discut\u00e9 des prochaines \u00e9tapes\u00a0\u00bb et \u00ab\u00a0ont soulign\u00e9 leur volont\u00e9 d\u2019accompagner \u00e9troitement l\u2019Ukraine sur la voie d\u2019un cessez-le-feu\u00a0\u00bb.<\/p>\n<\/p>\n<p>La pr\u00e9sidente de la Commission europ\u00e9enne, Ursula von\u00a0der\u00a0Leyen, a promis vendredi d\u2019accro\u00eetre la pression sur Moscou jusqu\u2019\u00e0 ce que le pr\u00e9sident russe soit \u00ab\u00a0pr\u00eat pour la paix\u00a0\u00bb dans les discussions avec l\u2019Ukraine.<\/p>\n<p><a href=\"https:\/\/www.20minutes.fr\/monde\/ukraine\/\" target=\"_blank\" class=\"c-link c-btn c-btn--primary\" rel=\"noopener\">Notre dossier sur la Guerre en Ukraine<\/a><\/p>\n<p>L\u2019Union europ\u00e9enne a approuv\u00e9 la semaine derni\u00e8re un 17e paquet de sanctions contre la Russie, qui cible de nouveaux p\u00e9troliers \u00ab\u00a0fant\u00f4mes\u00a0\u00bb utilis\u00e9s pour contourner les sanctions d\u00e9j\u00e0 existantes, destin\u00e9es \u00e0 limiter les exportations de p\u00e9trole russe. Ursula von\u00a0der\u00a0Leyen a en outre \u00e9voqu\u00e9 un 18e paquet de sanctions en pr\u00e9paration, incluant notamment des sanctions sur Nord Stream 1 et Nord Stream 2, voies de transit du gaz russe vers l\u2019Europe.<\/p>\n","protected":false},"excerpt":{"rendered":"Bruxelles et Washington sont de moins en moins sur la m\u00eame ligne vis-\u00e0-vis du Kremlin. Les principaux alli\u00e9s&hellip;\n","protected":false},"author":2,"featured_media":113540,"comment_status":"","ping_status":"","sticky":false,"template":"","format":"standard","meta":{"footnotes":""},"categories":[5],"tags":[47,11,75,1073,73,1011,27,131,14,74,12,132,555,2544,133,135,134,28],"class_list":{"0":"post-113539","1":"post","2":"type-post","3":"status-publish","4":"format-standard","5":"has-post-thumbnail","7":"category-international","8":"tag-actualite","9":"tag-actualites","10":"tag-donald-trump","11":"tag-emmanuel-macron","12":"tag-etats-unis","13":"tag-fr","14":"tag-france","15":"tag-guerre-en-ukraine","16":"tag-international","17":"tag-monde","18":"tag-news","19":"tag-russie","20":"tag-union-europeenne-ue","21":"tag-ursula-von-der-leyen","22":"tag-video","23":"tag-vladimir-poutine","24":"tag-volodymyr-zelensky","25":"tag-world"},"share_on_mastodon":{"url":"https:\/\/pubeurope.com\/@fr\/114538496868328464","error":""},"_links":{"self":[{"href":"https:\/\/www.europesays.com\/fr\/wp-json\/wp\/v2\/posts\/113539","targetHints":{"allow":["GET"]}}],"collection":[{"href":"https:\/\/www.europesays.com\/fr\/wp-json\/wp\/v2\/posts"}],"about":[{"href":"https:\/\/www.europesays.com\/fr\/wp-json\/wp\/v2\/types\/post"}],"author":[{"embeddable":true,"href":"https:\/\/www.europesays.com\/fr\/wp-json\/wp\/v2\/users\/2"}],"replies":[{"embeddable":true,"href":"https:\/\/www.europesays.com\/fr\/wp-json\/wp\/v2\/comments?post=113539"}],"version-history":[{"count":0,"href":"https:\/\/www.europesays.com\/fr\/wp-json\/wp\/v2\/posts\/113539\/revisions"}],"wp:featuredmedia":[{"embeddable":true,"href":"https:\/\/www.europesays.com\/fr\/wp-json\/wp\/v2\/media\/113540"}],"wp:attachment":[{"href":"https:\/\/www.europesays.com\/fr\/wp-json\/wp\/v2\/media?parent=113539"}],"wp:term":[{"taxonomy":"category","embeddable":true,"href":"https:\/\/www.europesays.com\/fr\/wp-json\/wp\/v2\/categories?post=113539"},{"taxonomy":"post_tag","embeddable":true,"href":"https:\/\/www.europesays.com\/fr\/wp-json\/wp\/v2\/tags?post=113539"}],"curies":[{"name":"wp","href":"https:\/\/api.w.org\/{rel}","templated":true}]}}