{"id":113542,"date":"2025-05-20T05:26:09","date_gmt":"2025-05-20T05:26:09","guid":{"rendered":"https:\/\/www.europesays.com\/fr\/113542\/"},"modified":"2025-05-20T05:26:09","modified_gmt":"2025-05-20T05:26:09","slug":"lalpha-bete-de-julia-ducournau-liberation","status":"publish","type":"post","link":"https:\/\/www.europesays.com\/fr\/113542\/","title":{"rendered":"l\u2019\u00abAlpha\u00bb b\u00eate de Julia Ducournau \u2013 Lib\u00e9ration"},"content":{"rendered":"<p class=\"sc-ksZaOG ehjQrN text-element\">Alpha est le troisi\u00e8me et dernier film fran\u00e7ais de la comp\u00e9tition apr\u00e8s <a href=\"https:\/\/www.liberation.fr\/culture\/cinema\/cannes-2025-dossier-137-police-secousses-20250515_LGVCXW66LREPLFHPQOHFPABD2E\/\" target=\"_blank\" rel=\"noreferrer noopener\" title=\"https:\/\/www.liberation.fr\/culture\/cinema\/cannes-2025-dossier-137-police-secousses-20250515_LGVCXW66LREPLFHPQOHFPABD2E\/\">Dossier 137<\/a> de Dominik Moll et <a href=\"https:\/\/www.liberation.fr\/culture\/cinema\/cannes-2025-la-petite-derniere-un-coeur-tout-meuf-20250516_OKJRADMKPNDPLO3XFCOUVDVMH4\/\" target=\"_blank\" rel=\"noreferrer noopener\" title=\"https:\/\/www.liberation.fr\/culture\/cinema\/cannes-2025-la-petite-derniere-un-coeur-tout-meuf-20250516_OKJRADMKPNDPLO3XFCOUVDVMH4\/\">la Petite Derni\u00e8re<\/a> d\u2019Hafsia Herzi. Le nouveau projet de Julia Ducournau, palme d\u2019or en 2021 avec son deuxi\u00e8me long m\u00e9trage Titane, a \u00e9t\u00e9 soigneusement tenu secret, quelques images filtrant ces derniers jours. En d\u00e9pit de ce que son titre pourrait laisser accroire, il ne s\u2019agit pas de l\u2019exploration de la masculinit\u00e9 toxique. Alpha est le nom d\u2019une adolescente de 13 ans, personnage principal de ce qui se pr\u00e9sente comme le roman d\u2019apprentissage d\u2019une jeune fille rong\u00e9e par les traumas jalonnant une enfance au c\u0153ur d\u2019une famille dysfonctionnelle.<\/p>\n<p class=\"sc-ksZaOG ehjQrN text-element\">On est dans les ann\u00e9es 1980, une maladie contagieuse transforme progressivement ceux qui l\u2019attrapent en statue de marbre, la chair se transmuant en surface lisse et min\u00e9rale de gisants. Alpha (M\u00e9lissa Boros) s<\/p>\n","protected":false},"excerpt":{"rendered":"Alpha est le troisi\u00e8me et dernier film fran\u00e7ais de la comp\u00e9tition apr\u00e8s Dossier 137 de Dominik Moll et&hellip;\n","protected":false},"author":2,"featured_media":113543,"comment_status":"","ping_status":"","sticky":false,"template":"","format":"standard","meta":{"footnotes":""},"categories":[2],"tags":[11,5634,1011,27,12],"class_list":{"0":"post-113542","1":"post","2":"type-post","3":"status-publish","4":"format-standard","5":"has-post-thumbnail","7":"category-actualites","8":"tag-actualites","9":"tag-festival-de-cannes","10":"tag-fr","11":"tag-france","12":"tag-news"},"share_on_mastodon":{"url":"https:\/\/pubeurope.com\/@fr\/114538504782973766","error":""},"_links":{"self":[{"href":"https:\/\/www.europesays.com\/fr\/wp-json\/wp\/v2\/posts\/113542","targetHints":{"allow":["GET"]}}],"collection":[{"href":"https:\/\/www.europesays.com\/fr\/wp-json\/wp\/v2\/posts"}],"about":[{"href":"https:\/\/www.europesays.com\/fr\/wp-json\/wp\/v2\/types\/post"}],"author":[{"embeddable":true,"href":"https:\/\/www.europesays.com\/fr\/wp-json\/wp\/v2\/users\/2"}],"replies":[{"embeddable":true,"href":"https:\/\/www.europesays.com\/fr\/wp-json\/wp\/v2\/comments?post=113542"}],"version-history":[{"count":0,"href":"https:\/\/www.europesays.com\/fr\/wp-json\/wp\/v2\/posts\/113542\/revisions"}],"wp:featuredmedia":[{"embeddable":true,"href":"https:\/\/www.europesays.com\/fr\/wp-json\/wp\/v2\/media\/113543"}],"wp:attachment":[{"href":"https:\/\/www.europesays.com\/fr\/wp-json\/wp\/v2\/media?parent=113542"}],"wp:term":[{"taxonomy":"category","embeddable":true,"href":"https:\/\/www.europesays.com\/fr\/wp-json\/wp\/v2\/categories?post=113542"},{"taxonomy":"post_tag","embeddable":true,"href":"https:\/\/www.europesays.com\/fr\/wp-json\/wp\/v2\/tags?post=113542"}],"curies":[{"name":"wp","href":"https:\/\/api.w.org\/{rel}","templated":true}]}}