{"id":113544,"date":"2025-05-20T05:27:11","date_gmt":"2025-05-20T05:27:11","guid":{"rendered":"https:\/\/www.europesays.com\/fr\/113544\/"},"modified":"2025-05-20T05:27:11","modified_gmt":"2025-05-20T05:27:11","slug":"pas-la-priorite-pour-ces-stephanois-2","status":"publish","type":"post","link":"https:\/\/www.europesays.com\/fr\/113544\/","title":{"rendered":"\u00ab\u00a0Pas la priorit\u00e9\u00a0\u00bb pour ces St\u00e9phanois"},"content":{"rendered":"<p>\u00ab\u00a0Mais elles sont tr\u00e8s bien ces places\u00a0!\u00a0\u00bb, \u00ab\u00a0Encore des travaux\u00a0? En plein centre\u00a0? Piti\u00e9, l\u2019enfer que \u00e7a va devenir\u2026\u00a0\u00bb, \u00ab\u00a0Je pense que l\u2019esth\u00e9tique des places n\u2019est pas le premier souci de Saint-\u00c9tienne.\u00a0\u00bb<\/p>\n<p>Visiblement, les St\u00e9phanois ne sont pas pr\u00eats pour que les grandes places de la Ville soient le th\u00e9\u00e2tre d\u2019imposants chantiers.<\/p>\n<p>D\u00e9j\u00e0, la plupart des interrog\u00e9s n\u2019\u00e9taient pas au courant du projet port\u00e9 par le maire qui vise \u00e0 r\u00e9habiliter les quatre grandes places. Ils n\u2019ont donc pas assist\u00e9 <a href=\"https:\/\/www.leprogres.fr\/elections\/2025\/04\/17\/projet-de-renovation-des-places-etes-vous-deja-en-campagne-monsieur-perdriau\" target=\"_blank\" rel=\"noopener\">\u00e0 la r\u00e9union publique du mois dernier<\/a> et ne comptent pas se d\u00e9placer aux prochaines qui auront lieu dans quelques jours.<\/p>\n<p>La grande esplanade de Jean-Jaur\u00e8s\u00a0: pratique pour les animations<\/p>\n<p>C\u2019est le cas de Jean-Louis, qui vit&#8230;<\/p>\n","protected":false},"excerpt":{"rendered":"\u00ab\u00a0Mais elles sont tr\u00e8s bien ces places\u00a0!\u00a0\u00bb, \u00ab\u00a0Encore des travaux\u00a0? En plein centre\u00a0? Piti\u00e9, l\u2019enfer que \u00e7a va&hellip;\n","protected":false},"author":2,"featured_media":113425,"comment_status":"","ping_status":"","sticky":false,"template":"","format":"standard","meta":{"footnotes":""},"categories":[9653],"tags":[1111,11,2430,4749,33,7539,1777,674,1011,27,3367,12,25,4001,7538],"class_list":{"0":"post-113544","1":"post","2":"type-post","3":"status-publish","4":"format-standard","5":"has-post-thumbnail","7":"category-saint-etienne","8":"tag-actu","9":"tag-actualites","10":"tag-auvergne-rhone-alpes","11":"tag-btp-et-chantiers","12":"tag-economie","13":"tag-edition-loire-sud","14":"tag-eu","15":"tag-europe","16":"tag-fr","17":"tag-france","18":"tag-loire","19":"tag-news","20":"tag-republique-francaise","21":"tag-saint-etienne","22":"tag-saint-etienne-ville"},"share_on_mastodon":{"url":"https:\/\/pubeurope.com\/@fr\/114538508689639365","error":""},"_links":{"self":[{"href":"https:\/\/www.europesays.com\/fr\/wp-json\/wp\/v2\/posts\/113544","targetHints":{"allow":["GET"]}}],"collection":[{"href":"https:\/\/www.europesays.com\/fr\/wp-json\/wp\/v2\/posts"}],"about":[{"href":"https:\/\/www.europesays.com\/fr\/wp-json\/wp\/v2\/types\/post"}],"author":[{"embeddable":true,"href":"https:\/\/www.europesays.com\/fr\/wp-json\/wp\/v2\/users\/2"}],"replies":[{"embeddable":true,"href":"https:\/\/www.europesays.com\/fr\/wp-json\/wp\/v2\/comments?post=113544"}],"version-history":[{"count":0,"href":"https:\/\/www.europesays.com\/fr\/wp-json\/wp\/v2\/posts\/113544\/revisions"}],"wp:featuredmedia":[{"embeddable":true,"href":"https:\/\/www.europesays.com\/fr\/wp-json\/wp\/v2\/media\/113425"}],"wp:attachment":[{"href":"https:\/\/www.europesays.com\/fr\/wp-json\/wp\/v2\/media?parent=113544"}],"wp:term":[{"taxonomy":"category","embeddable":true,"href":"https:\/\/www.europesays.com\/fr\/wp-json\/wp\/v2\/categories?post=113544"},{"taxonomy":"post_tag","embeddable":true,"href":"https:\/\/www.europesays.com\/fr\/wp-json\/wp\/v2\/tags?post=113544"}],"curies":[{"name":"wp","href":"https:\/\/api.w.org\/{rel}","templated":true}]}}