{"id":1135463,"date":"2026-08-19T00:17:26","date_gmt":"2026-08-19T00:17:26","guid":{"rendered":"https:\/\/www.europesays.com\/fr\/1135463\/"},"modified":"2026-08-19T00:17:26","modified_gmt":"2026-08-19T00:17:26","slug":"la-loi-actualisant-la-programmation-militaire-2024-30-a-ete-promulguee-zone-militaire","status":"publish","type":"post","link":"https:\/\/www.europesays.com\/fr\/1135463\/","title":{"rendered":"La loi actualisant la programmation militaire 2024-30 a \u00e9t\u00e9 promulgu\u00e9e &#8211; Zone Militaire"},"content":{"rendered":"<ol>\n<li><a href=\"https:\/\/news.google.com\/rss\/articles\/CBMiqgFBVV95cUxNR0RULXhRU0ZuLXhycUZmdVcyR1pQcEx1dzNkTF94OExnZkY5Nnk4MTV6dnJOVEx0WUJpaFh1Y2Jycm9WN1BKcjY1Ty1aSEVpOGVCQnkzTy1OZ1U0RnlTNEYwRHoxQkxRa0c1M2loVnVvQWtDQ1dLN0lBZE00N0pyWGRSX3JNU1g3bVlQSlpnUGRLNEtRV1c3bnB6b01WSnhEWmpZZDAtc2pYdw?oc=5\" target=\"_blank\" rel=\"nofollow noopener\">La loi actualisant la programmation militaire 2024-30 a \u00e9t\u00e9 promulgu\u00e9e<\/a>&nbsp;&nbsp;Zone Militaire<\/li>\n<li><a href=\"https:\/\/news.google.com\/rss\/articles\/CBMinAFBVV95cUxPbS12bnVLdWFVMnNZU2RsamEzY1JLbVVPU2dYTlNtZkN0UFZyNzh6MDlVRm5lbXZ5dUhlTVlTNVd0R29lYWhIbGw5dkRRZkZ2eFNXeGFYWmYwb2NleXJTejgzN2ZOQTlfTXZ0ZFFWTVRSMlRLMUcyYVhPa0JYV1plaTlESnY1Y1NqYVE5VlZuM3B1a2VXVWJKVGZENU0?oc=5\" target=\"_blank\" rel=\"nofollow noopener\">Actualisation de la LPM : la France intensifie son effort de r\u00e9armement<\/a>&nbsp;&nbsp;Minist\u00e8re des Arm\u00e9es<\/li>\n<li><a href=\"https:\/\/news.google.com\/rss\/articles\/CBMiogJBVV95cUxORi1lN01pcEl4d0VhMkdMaDR5Ukh6R1B1X0xENXBVUEFMZXlSNEl3dUFSaWd0OG5QelFyUmRlMGpieklxUVhZYzN3cjdsY2lrSTY1MVNTUXNmY2RkZVlabGdOT0hacVZiQlF6VEM5TjhJTjZnRGQwaklWOG5RbVJXQXQtVnRhNkxCa2JNM1ppd2VTdVZQWkFUYWJNN1lSb0ZtYW9Pdl9fX3hVeVhXVEs4RXZ5SlNjVVVGUXNyWmtlRTA5czFVUWJQSmlEOU9FYmxPTGVGajdPWGkwS05JY3AwQU9SVUNxcU5jU2ZUQ1Yyd0llM0hoeDN2OVBEbEpRd0FLRkU3V3R0YXUzRzB4aGdjM2ZCb0FrZmFhMEYyVUdDbEVrQQ?oc=5\" target=\"_blank\" rel=\"nofollow noopener\">La loi de programmation militaire promulgu\u00e9e am\u00e8ne plus de munitions et des navires renforc\u00e9s pour la Marine nationale<\/a>&nbsp;&nbsp;Le marin<\/li>\n<li><a href=\"https:\/\/news.google.com\/rss\/articles\/CBMi0AFBVV95cUxPRTFxTGlOMk55c2JZU21zVnlTWWhqcllfMFhQcllBcXlKdUxCbzJNTXZ4bGVkT0hSSGZEZm4wM3ZCNUotclUwbWdOd3FTWUFWSnFveGxBbThiLVBzY2ZWWE05R1hUczFiblFpY183dWNkaHNGUklNZUd0amRibE10aExqMWZVS2RVOGVFNkxrV3FsRW5yM2VtZGpKa2xtcjhqMjUycmlkYnBwZi1GR3FwUXk2cGEtZklMdmdSOGJsUEtueTNnZVFGdWtVUTdSLWo3?oc=5\" target=\"_blank\" rel=\"nofollow noopener\">Loi de programmation militaire : le renforcement des forces arm\u00e9es valid\u00e9 jusqu\u2019\u00e0 la pr\u00e9sidentielle<\/a>&nbsp;&nbsp;La Voix du Nord<\/li>\n<li><a href=\"https:\/\/news.google.com\/rss\/articles\/CBMiggJBVV95cUxPX25XWXIzY1lpSEc1S2R0a2s4MTVkRGt6TlJTZDJrajNPSk5Db2RudF9MWlI5WEwtZjBWdzAtelVaVDhQakkxX2ZsNmUxNWZkUjcxX2pDMTlhUUJVMXJEQ212OXRrblNEN0xLYnowbGtIVlV0SjBUNUdMeGh0UjYtVW43Zy16el9qcTNtTW9SWnViakx0NWdjY3VJcmZQYXlHTmJndnJrTU5iWWFlR0JuRUZINHhsQlJpRTY0QVVwNEgyak9NVmdrdERfTEloRF9XV3N0QjBLUWRfY2EwbF9lME5KZkpTTEV5R1BwN012RkR2X1B4c0R4aDVYa1lybjdoTXc?oc=5\" target=\"_blank\" rel=\"nofollow noopener\">L\u2019effort de r\u00e9armement de la France va s\u2019acc\u00e9l\u00e9rer apr\u00e8s la promulgation de la loi actualisant la programmation militaire<\/a>&nbsp;&nbsp;Nice-Matin<\/li>\n<\/ol>\n","protected":false},"excerpt":{"rendered":"La loi actualisant la programmation militaire 2024-30 a \u00e9t\u00e9 promulgu\u00e9e&nbsp;&nbsp;Zone Militaire Actualisation de la LPM : la France&hellip;\n","protected":false},"author":2,"featured_media":1135464,"comment_status":"","ping_status":"","sticky":false,"template":"","format":"standard","meta":{"footnotes":"","_share_on_mastodon":"0"},"categories":[4],"tags":[11,1003,6970,1011,27,40114,38962,116369,12,52628,25],"class_list":["post-1135463","post","type-post","status-publish","format-standard","has-post-thumbnail","category-france","tag-actualites","tag-budget","tag-catherine-vautrin","tag-fr","tag-france","tag-loi-de-programmation-militaire","tag-lpm-2024-30","tag-minstere-des-armees","tag-news","tag-politique-de-defense","tag-republique-francaise"],"share_on_mastodon":{"url":"https:\/\/pubeurope.com\/@fr\/117119303456804554","error":""},"_links":{"self":[{"href":"https:\/\/www.europesays.com\/fr\/wp-json\/wp\/v2\/posts\/1135463","targetHints":{"allow":["GET"]}}],"collection":[{"href":"https:\/\/www.europesays.com\/fr\/wp-json\/wp\/v2\/posts"}],"about":[{"href":"https:\/\/www.europesays.com\/fr\/wp-json\/wp\/v2\/types\/post"}],"author":[{"embeddable":true,"href":"https:\/\/www.europesays.com\/fr\/wp-json\/wp\/v2\/users\/2"}],"replies":[{"embeddable":true,"href":"https:\/\/www.europesays.com\/fr\/wp-json\/wp\/v2\/comments?post=1135463"}],"version-history":[{"count":0,"href":"https:\/\/www.europesays.com\/fr\/wp-json\/wp\/v2\/posts\/1135463\/revisions"}],"wp:featuredmedia":[{"embeddable":true,"href":"https:\/\/www.europesays.com\/fr\/wp-json\/wp\/v2\/media\/1135464"}],"wp:attachment":[{"href":"https:\/\/www.europesays.com\/fr\/wp-json\/wp\/v2\/media?parent=1135463"}],"wp:term":[{"taxonomy":"category","embeddable":true,"href":"https:\/\/www.europesays.com\/fr\/wp-json\/wp\/v2\/categories?post=1135463"},{"taxonomy":"post_tag","embeddable":true,"href":"https:\/\/www.europesays.com\/fr\/wp-json\/wp\/v2\/tags?post=1135463"}],"curies":[{"name":"wp","href":"https:\/\/api.w.org\/{rel}","templated":true}]}}