{"id":113547,"date":"2025-05-20T05:29:10","date_gmt":"2025-05-20T05:29:10","guid":{"rendered":"https:\/\/www.europesays.com\/fr\/113547\/"},"modified":"2025-05-20T05:29:10","modified_gmt":"2025-05-20T05:29:10","slug":"le-savez-vous-du-jour-savez-vous-ou-se-trouverait-le-plus-vieil-arbre-de-meurthe-et-moselle","status":"publish","type":"post","link":"https:\/\/www.europesays.com\/fr\/113547\/","title":{"rendered":"Le \u00ab\u00a0savez-vous\u00a0\u00bb du jour. Savez-vous o\u00f9 se trouverait le plus vieil arbre de Meurthe-et-Moselle\u00a0?"},"content":{"rendered":"<p>Ils peuvent vivre des centaines, voire des milliers d\u2019ann\u00e9es\u2026 La long\u00e9vit\u00e9 des arbres fascine et fait l\u2019objet d\u2019\u00e9tudes r\u00e9guli\u00e8res.<\/p>\n<p>Alors qu\u2019il est possible d\u2019estimer l\u2019\u00e2ge des arbres de diff\u00e9rentes mani\u00e8res comme par comptage ou recoupage des cernes ou encore par datation au carbone 14, un cypr\u00e8s situ\u00e9 dans le parc national Alerce Costero au Chili serait ainsi \u00e2g\u00e9 de pr\u00e8s de 5\u00a0850 ans.<\/p>\n<p>Ce contenu est bloqu\u00e9 car vous n&rsquo;avez pas accept\u00e9 les cookies et autres traceurs.<\/p>\n<p>En cliquant sur \u00ab J\u2019accepte \u00bb, les cookies et autres traceurs seront d\u00e9pos\u00e9s et vous pourrez visualiser les contenus  (<a href=\"\" class=\"consentModule_policy\" target=\"_blank\" title=\"Consulter la politique de protection des donn\u00e9es du fournisseur\">plus d&rsquo;informations<\/a>).<\/p>\n<p>En cliquant sur \u00ab J\u2019accepte tous les cookies \u00bb, vous autorisez des d\u00e9p\u00f4ts de cookies et autres traceurs pour le stockage de vos donn\u00e9es sur nos sites et applications \u00e0 des fins de personnalisation et de ciblage publicitaire.<\/p>\n<p class=\"consentModule_secondaryText\">Vous gardez la possibilit\u00e9 de retirer votre consentement \u00e0 tout moment en consultant notre <a href=\"https:\/\/www.estrepublicain.fr\/protection-des-donnees\" target=\"_blank\" title=\"Consulter notre politique de protection des donn\u00e9es\" rel=\"noopener\">politique de protection des donn\u00e9es<\/a>. <br \/>&#13;<br \/>\n            <a href=\"https:\/\/www.estrepublicain.fr\/environnement\/2025\/05\/20\/javascript:Didomi.notice.show()\" class=\"consentModule_cmp\" target=\"_blank\" rel=\"noopener\">G\u00e9rer mes choix<\/a>&#13;\n        <\/p>\n<p>&#13;<br \/>\n                        J&rsquo;accepte&#13;<br \/>\n            J&rsquo;accepte tous les cookies&#13;\n        <\/p>\n<p>  Entre 400 et 575 ans<\/p>\n<p>Mais quid de la Meurthe-et-Moselle\u00a0? Difficile \u00e0 dire avec une certitude absolue dans la mesure o\u00f9 il n\u2019existe pas d\u2019inventaire officiel. Mais plusieurs sources convergeraient toutefois vers un arbre situ\u00e9 \u00e0 Chambley-Bussi\u00e8res. Dans cette commune situ\u00e9e \u00e0 une trentaine de kilom\u00e8tres au nord de Pont-\u00e0-Mousson et qui sert de th\u00e9\u00e2tre au <a href=\"https:\/\/www.estrepublicain.fr\/culture-loisirs\/mondial-air-ballons\" target=\"_blank\" rel=\"noopener\">Grand Est Mondial Air Ballons<\/a> , un tilleul \u00e0 grandes feuilles \u00e0 c\u00f4t\u00e9 de la chapelle du Hameau aurait 400 ans selon l\u2019association <a href=\"https:\/\/www.arbres.org\/\" target=\"_blank\" rel=\"noopener\">ARBRES <\/a>qui centralise les arbres remarquables de France. Le site <a href=\"https:\/\/www.monumentaltrees.com\/fr\/\" target=\"_blank\" rel=\"noopener\">monumentaltrees.com<\/a> , qui est \u00e9galement une r\u00e9f\u00e9rence dans ce domaine, le place \u00e9galement en t\u00eate des arbres les plus anciens du d\u00e9partement avec un \u00e2ge de 475 ans, et une marge d\u2019erreur de 100 ans. Mais il faut pr\u00e9ciser que ce catalogue des arbres contient seulement des sp\u00e9cimens dont les mesures sont enregistr\u00e9es sur ce site. Ce n\u2019est donc pas un inventaire exhaustif.<\/p>\n<p>Reste qu\u2019avec son \u00e2ge v\u00e9n\u00e9rable, le tilleul de Chambley-Bussi\u00e8res fait figure de candidat tr\u00e8s solide au titre (officieux) de plus vieil arbre du d\u00e9partement\u2026<\/p>\n<p>Pour l\u2019anecdote, le plus vieil arbre de France serait un olivier \u00e0 Roquebrune-Cap-Martin dans les Alpes-Maritimes, qui serait \u00e2g\u00e9 de\u2026 2000 ans\u2026<\/p>\n","protected":false},"excerpt":{"rendered":"Ils peuvent vivre des centaines, voire des milliers d\u2019ann\u00e9es\u2026 La long\u00e9vit\u00e9 des arbres fascine et fait l\u2019objet d\u2019\u00e9tudes&hellip;\n","protected":false},"author":2,"featured_media":113548,"comment_status":"","ping_status":"","sticky":false,"template":"","format":"standard","meta":{"footnotes":""},"categories":[9635],"tags":[1111,11,1707,1704,1706,1705,436,1777,674,1011,27,775,937,3457,1702,12,25,104],"class_list":{"0":"post-113547","1":"post","2":"type-post","3":"status-publish","4":"format-standard","5":"has-post-thumbnail","7":"category-nancy","8":"tag-actu","9":"tag-actualites","10":"tag-edition-luneville","11":"tag-edition-nancy-et-agglomeration","12":"tag-edition-pont-a-mousson","13":"tag-edition-toul","14":"tag-environnement","15":"tag-eu","16":"tag-europe","17":"tag-fr","18":"tag-france","19":"tag-grand-est","20":"tag-histoire","21":"tag-meurthe-et-moselle","22":"tag-nancy","23":"tag-news","24":"tag-republique-francaise","25":"tag-societe"},"share_on_mastodon":{"url":"https:\/\/pubeurope.com\/@fr\/114538516588244649","error":""},"_links":{"self":[{"href":"https:\/\/www.europesays.com\/fr\/wp-json\/wp\/v2\/posts\/113547","targetHints":{"allow":["GET"]}}],"collection":[{"href":"https:\/\/www.europesays.com\/fr\/wp-json\/wp\/v2\/posts"}],"about":[{"href":"https:\/\/www.europesays.com\/fr\/wp-json\/wp\/v2\/types\/post"}],"author":[{"embeddable":true,"href":"https:\/\/www.europesays.com\/fr\/wp-json\/wp\/v2\/users\/2"}],"replies":[{"embeddable":true,"href":"https:\/\/www.europesays.com\/fr\/wp-json\/wp\/v2\/comments?post=113547"}],"version-history":[{"count":0,"href":"https:\/\/www.europesays.com\/fr\/wp-json\/wp\/v2\/posts\/113547\/revisions"}],"wp:featuredmedia":[{"embeddable":true,"href":"https:\/\/www.europesays.com\/fr\/wp-json\/wp\/v2\/media\/113548"}],"wp:attachment":[{"href":"https:\/\/www.europesays.com\/fr\/wp-json\/wp\/v2\/media?parent=113547"}],"wp:term":[{"taxonomy":"category","embeddable":true,"href":"https:\/\/www.europesays.com\/fr\/wp-json\/wp\/v2\/categories?post=113547"},{"taxonomy":"post_tag","embeddable":true,"href":"https:\/\/www.europesays.com\/fr\/wp-json\/wp\/v2\/tags?post=113547"}],"curies":[{"name":"wp","href":"https:\/\/api.w.org\/{rel}","templated":true}]}}