{"id":1135501,"date":"2026-08-19T00:52:34","date_gmt":"2026-08-19T00:52:34","guid":{"rendered":"https:\/\/www.europesays.com\/fr\/1135501\/"},"modified":"2026-08-19T00:52:34","modified_gmt":"2026-08-19T00:52:34","slug":"le-reste-de-largent-je-lai-trouve-par-terre-le-chouf-devenu-vendeur-sempetre-dans-une-fable-abracadabrantesque","status":"publish","type":"post","link":"https:\/\/www.europesays.com\/fr\/1135501\/","title":{"rendered":"\u00ab\u00a0Le reste de l\u2019argent ? Je l\u2019ai trouv\u00e9 par terre !\u00a0\u00bb : le chouf devenu vendeur s&#8217;emp\u00eatre dans une fable abracadabrantesque"},"content":{"rendered":"<p>\n                                                                    l&rsquo;essentiel<br \/>\n                                                                Yassine, un Alg\u00e9rien en situation irr\u00e9guli\u00e8re, a \u00e9t\u00e9 arr\u00eat\u00e9 \u00e0 Toulouse, quartier Bagatelle, pour trafic de drogue pr\u00e9sum\u00e9. Les policiers l&rsquo;ont vu dealer. Lui affirme\u00a0\u00eatre simple consommateur. Le tribunal l&rsquo;a condamn\u00e9 \u00e0 dix mois de prison ferme et \u00e0 une interdiction de territoire fran\u00e7ais pendant trois ans.\n                            <\/p>\n<p>Sa coupe mulet de toute beaut\u00e9 ravalerait presque les footballeurs slovaques des ann\u00e9es 80 au rang d\u2019aimables exp\u00e9rimentateurs capillaires. Le 13 ao\u00fbt, jour de son 29e anniversaire, Yassine a \u00e9t\u00e9 surpris sur un point de deal de <a href=\"https:\/\/www.ladepeche.fr\/faits-divers\/\" target=\"_self\" rel=\"nofollow noopener\">Toulouse<\/a>, quartier Bagatelle.<\/p>\n<p>\u00ab\u00a0Six policiers vous voient assis sur un muret, deux personnes vous tendent un billet de 20 euros, vous, en retour, des blisters\u00a0\u00bb, relate le pr\u00e9sident de l\u2019audience de comparution imm\u00e9diate.<\/p>\n<p>\u00ab\u00a0Il a grimp\u00e9 dans la hi\u00e9rarchie !\u00a0\u00bb<\/p>\n<p>Le jeune Alg\u00e9rien en situation irr\u00e9guli\u00e8re a \u00e9t\u00e9 d\u00e9sign\u00e9 comme le dealer approvisionnant deux clients. \u00ab\u00a0En septembre, ce n\u2019\u00e9tait encore qu\u2019un chouf (guetteur, NDLR) lorsqu\u2019il a \u00e9t\u00e9 arr\u00eat\u00e9 \u00e0 quelques rues de l\u00e0. Il a manifestement grimp\u00e9 dans la hi\u00e9rarchie\u00a0\u00bb, tacle le procureur.<\/p>\n<p>Tant\u00f4t en fran\u00e7ais, tant\u00f4t en arabe, sous l\u2019oreille attentive de l\u2019interpr\u00e8te, Yassine oppose une tout autre lecture des faits. \u00ab\u00a0Je suis consommateur de cannabis depuis tout jeune. J\u2019\u00e9tais juste all\u00e9 me ravitailler. La police m\u2019a attrap\u00e9 moi, mais le vrai vendeur a pris la fuite\u00a0\u00bb. Un ange passe.<\/p>\n<p>Arriv\u00e9 ill\u00e9galement en France via l\u2019Espagne en 2024, le pr\u00e9venu tente manifestement de surfer sur les faibles quantit\u00e9s de produits d\u00e9couverts en sa possession (10 g de r\u00e9sine, 5 g d\u2019herbe) pour \u00e9tayer son propos.<\/p>\n<p>\u00ab\u00a0Et ces 400 euros sur vous ?\u00a0\u00bb<\/p>\n<p>\u00ab\u00a0Et ces 400 euros trouv\u00e9s sur vous ?\u00a0\u00bb, relance le pr\u00e9sident, peu dupe. \u00ab\u00a0C\u2019est mon argent\u00a0\u00bb, r\u00e9torque le futur trentenaire devenu r\u00e9cemment papa. \u00ab\u00a0Il fait les march\u00e9s. 200 euros, c\u2019est l\u2019\u00e9quivalent d\u2019une semaine de travail\u00a0\u00bb, sugg\u00e8re son avocat. \u00ab\u00a0Et le reste, je l\u2019ai trouv\u00e9 par terre\u00a0\u00bb. Bagatelle, ce quartier o\u00f9 les billets de banque jonchent le sol.<\/p>\n<p class=\"std-elt__inline\">\n        <strong>\u00c0 lire aussi :<\/strong><br \/>\n        <a href=\"https:\/\/www.ladepeche.fr\/2026\/07\/05\/il-descend-acheter-de-la-drogue-il-recoit-deux-balles-dans-le-genou-a-toulouse-huit-ans-de-prison-pour-deux-hommes-apres-des-tirs-a-empalot-13454297.php\" rel=\"nofollow noopener\" target=\"_blank\">Il descend acheter de la drogue, il re\u00e7oit deux balles dans le genou : \u00e0 Toulouse, huit ans de prison pour deux hommes apr\u00e8s des tirs \u00e0 Empalot<\/a>\n    <\/p>\n<p>Sous OQTF, Yassine n\u2019a pas respect\u00e9 son obligation de pointer deux fois par semaine au commissariat. \u00ab\u00a0Je signais et puis j\u2019ai d\u00fb monter un mois \u00e0 Paris\u00a0\u00bb. \u00ab\u00a0Vous comprenez le sens du mot obligation ?\u00a0\u00bb, recadre le tribunal.<\/p>\n<p>Le procureur r\u00e9clame six mois ferme et la r\u00e9vocation de six mois de sursis. \u00ab\u00a0C\u2019est un consommateur, pas un vendeur, soutient son conseil. Il a peur d\u2019aller en prison\u00a0\u00bb. \u00ab\u00a0Je peux pas laisser mon fils&#8230;\u00a0\u00bb, supplie le pr\u00e9venu. Dix mois de prison ferme, dont six mois de r\u00e9vocation de sursis, maintien en d\u00e9tention et une interdiction de territoire fran\u00e7ais pendant trois ans. Sans \u00e9quivoque.<\/p>\n","protected":false},"excerpt":{"rendered":"l&rsquo;essentiel Yassine, un Alg\u00e9rien en situation irr\u00e9guli\u00e8re, a \u00e9t\u00e9 arr\u00eat\u00e9 \u00e0 Toulouse, quartier Bagatelle, pour trafic de drogue&hellip;\n","protected":false},"author":2,"featured_media":1135502,"comment_status":"","ping_status":"","sticky":false,"template":"","format":"standard","meta":{"footnotes":"","_share_on_mastodon":"0"},"categories":[2816],"tags":[1111,11,1777,674,118,1011,27,2722,12,2680,25,2312,887],"class_list":["post-1135501","post","type-post","status-publish","format-standard","has-post-thumbnail","category-toulouse","tag-actu","tag-actualites","tag-eu","tag-europe","tag-faits-divers","tag-fr","tag-france","tag-haute-garonne","tag-news","tag-occitanie","tag-republique-francaise","tag-toulouse","tag-trafic-de-drogue"],"share_on_mastodon":{"url":"https:\/\/pubeurope.com\/@fr\/117119441105560482","error":""},"_links":{"self":[{"href":"https:\/\/www.europesays.com\/fr\/wp-json\/wp\/v2\/posts\/1135501","targetHints":{"allow":["GET"]}}],"collection":[{"href":"https:\/\/www.europesays.com\/fr\/wp-json\/wp\/v2\/posts"}],"about":[{"href":"https:\/\/www.europesays.com\/fr\/wp-json\/wp\/v2\/types\/post"}],"author":[{"embeddable":true,"href":"https:\/\/www.europesays.com\/fr\/wp-json\/wp\/v2\/users\/2"}],"replies":[{"embeddable":true,"href":"https:\/\/www.europesays.com\/fr\/wp-json\/wp\/v2\/comments?post=1135501"}],"version-history":[{"count":0,"href":"https:\/\/www.europesays.com\/fr\/wp-json\/wp\/v2\/posts\/1135501\/revisions"}],"wp:featuredmedia":[{"embeddable":true,"href":"https:\/\/www.europesays.com\/fr\/wp-json\/wp\/v2\/media\/1135502"}],"wp:attachment":[{"href":"https:\/\/www.europesays.com\/fr\/wp-json\/wp\/v2\/media?parent=1135501"}],"wp:term":[{"taxonomy":"category","embeddable":true,"href":"https:\/\/www.europesays.com\/fr\/wp-json\/wp\/v2\/categories?post=1135501"},{"taxonomy":"post_tag","embeddable":true,"href":"https:\/\/www.europesays.com\/fr\/wp-json\/wp\/v2\/tags?post=1135501"}],"curies":[{"name":"wp","href":"https:\/\/api.w.org\/{rel}","templated":true}]}}