{"id":113551,"date":"2025-05-20T05:31:09","date_gmt":"2025-05-20T05:31:09","guid":{"rendered":"https:\/\/www.europesays.com\/fr\/113551\/"},"modified":"2025-05-20T05:31:09","modified_gmt":"2025-05-20T05:31:09","slug":"a-ollioules-ces-collegiens-de-la-cordeille-reinventent-le-monde-avec-un-podcast-engage","status":"publish","type":"post","link":"https:\/\/www.europesays.com\/fr\/113551\/","title":{"rendered":"A Ollioules, ces coll\u00e9giens de La Cordeille \u00ab\u00a0r\u00e9inventent le monde\u00a0\u00bb avec un podcast engag\u00e9"},"content":{"rendered":"<p>Parce que les podcasts sont dans l\u2019air du temps, les \u00e9l\u00e8ves de seconde 4 de l\u2019externat Saint-Joseph La Cordeille pr\u00e9sentent une cr\u00e9ation sonore originale. Baptis\u00e9 Sous les vagues, entre filets et espoirs, ce podcast a \u00e9t\u00e9 r\u00e9alis\u00e9 dans le cadre du concours international \u00ab\u00a0R\u00e9inventer le monde\u00a0\u00bb, organis\u00e9 par l\u2019Agence fran\u00e7aise de d\u00e9veloppement (AFD).<\/p>\n<p>Objectif du concours: sensibiliser les jeunes aux enjeux de d\u00e9veloppement durable et de la solidarit\u00e9 internationale. Le tout en incitant et valorisant la cr\u00e9ativit\u00e9 de la jeunesse francophone. Chaque ann\u00e9e, ce sont des milliers d\u2019\u00e9l\u00e8ves issus de coll\u00e8ges et lyc\u00e9es du monde entier qui s\u2019engagent dans la production de podcasts originaux dans le but de proposer leur vision d\u2019un monde plus juste.<\/p>\n<p>Entre fiction et sensibilisation<\/p>\n<p>\u00c0 l\u2019image des \u00e9l\u00e8ves de l\u2019\u00e9tablissement ollioulais, qui ont d\u00e9cid\u00e9 de nous plonger dans l\u2019univers d\u2019un p\u00eacheur dans le golfe de Gascogne. \u00c0 travers Sous les vagues, entre filets et espoirs, ils nous permettent de d\u00e9couvrir sa vie et ses aventures avec son jeune fils Nicolas, qu\u2019il embarque pour la premi\u00e8re fois sur son chalutier. Passionn\u00e9 par les oc\u00e9ans et admirateur du dessin anim\u00e9 Valentin le dauphin, Nicolas d\u00e9couvre l\u2019univers de la p\u00eache professionnelle. Entre r\u00e9alit\u00e9, espoirs et dangers.<\/p>\n<p>Le podcast engag\u00e9 et enrichissant est d\u00e9j\u00e0 disponible (1) \u00e0 l\u2019\u00e9coute\u2026 et au partage!<\/p>\n<p>Pour soutenir le travail des \u00e9l\u00e8ves, vous pouvez d\u2019ores et d\u00e9j\u00e0 voter (2) pour leur travail et contribuer \u00e0 cette belle aventure collective. Le prix du public sera attribu\u00e9 au podcast ayant r\u00e9colt\u00e9 le plus de votes avant le 30 mai.<\/p>\n<p>\u00c0 vos votes!<\/p>\n<p>1. Le podcast est disponible \u00e0 l\u2019\u00e9coute: <a href=\"https:\/\/concours.reinventer-le-monde.fr\/podcasts\/sous-les-vagues-entre-filets-et-espoirs\/\" target=\"_blank\" rel=\"noopener nofollow\">https:\/\/concours.reinventer-le-monde.fr\/podcasts\/sous-les-vagues-entre-filets-et-espoirs\/<\/a><\/p>\n<p>2. La phase de votes d\u00e9bute aujourd\u2019hui sur le site du concours https:\/\/concours.reinventer-le-monde.fr\/<\/p>\n","protected":false},"excerpt":{"rendered":"Parce que les podcasts sont dans l\u2019air du temps, les \u00e9l\u00e8ves de seconde 4 de l\u2019externat Saint-Joseph La&hellip;\n","protected":false},"author":2,"featured_media":113552,"comment_status":"","ping_status":"","sticky":false,"template":"","format":"standard","meta":{"footnotes":""},"categories":[9619],"tags":[1111,11,1777,674,1011,27,12,882,25,2310,3366],"class_list":{"0":"post-113551","1":"post","2":"type-post","3":"status-publish","4":"format-standard","5":"has-post-thumbnail","7":"category-toulon","8":"tag-actu","9":"tag-actualites","10":"tag-eu","11":"tag-europe","12":"tag-fr","13":"tag-france","14":"tag-news","15":"tag-provence-alpes-cote-dazur","16":"tag-republique-francaise","17":"tag-toulon","18":"tag-vie-locale"},"share_on_mastodon":{"url":"https:\/\/pubeurope.com\/@fr\/114538524423278883","error":""},"_links":{"self":[{"href":"https:\/\/www.europesays.com\/fr\/wp-json\/wp\/v2\/posts\/113551","targetHints":{"allow":["GET"]}}],"collection":[{"href":"https:\/\/www.europesays.com\/fr\/wp-json\/wp\/v2\/posts"}],"about":[{"href":"https:\/\/www.europesays.com\/fr\/wp-json\/wp\/v2\/types\/post"}],"author":[{"embeddable":true,"href":"https:\/\/www.europesays.com\/fr\/wp-json\/wp\/v2\/users\/2"}],"replies":[{"embeddable":true,"href":"https:\/\/www.europesays.com\/fr\/wp-json\/wp\/v2\/comments?post=113551"}],"version-history":[{"count":0,"href":"https:\/\/www.europesays.com\/fr\/wp-json\/wp\/v2\/posts\/113551\/revisions"}],"wp:featuredmedia":[{"embeddable":true,"href":"https:\/\/www.europesays.com\/fr\/wp-json\/wp\/v2\/media\/113552"}],"wp:attachment":[{"href":"https:\/\/www.europesays.com\/fr\/wp-json\/wp\/v2\/media?parent=113551"}],"wp:term":[{"taxonomy":"category","embeddable":true,"href":"https:\/\/www.europesays.com\/fr\/wp-json\/wp\/v2\/categories?post=113551"},{"taxonomy":"post_tag","embeddable":true,"href":"https:\/\/www.europesays.com\/fr\/wp-json\/wp\/v2\/tags?post=113551"}],"curies":[{"name":"wp","href":"https:\/\/api.w.org\/{rel}","templated":true}]}}