{"id":113553,"date":"2025-05-20T05:32:09","date_gmt":"2025-05-20T05:32:09","guid":{"rendered":"https:\/\/www.europesays.com\/fr\/113553\/"},"modified":"2025-05-20T05:32:09","modified_gmt":"2025-05-20T05:32:09","slug":"a-toulon-la-pride-2025-commence-des-le-30-mai-cette-annee-avec-des-rendez-vous-ouverts-a-tous","status":"publish","type":"post","link":"https:\/\/www.europesays.com\/fr\/113553\/","title":{"rendered":"A Toulon, la Pride 2025 commence d\u00e8s le 30 mai cette ann\u00e9e, avec \u00ab\u00a0des rendez-vous ouverts \u00e0 tous\u00a0\u00bb"},"content":{"rendered":"<p>Le 30 mai: c\u2019est la date qui donnera le coup de sifflet de la Pride 2025. \u00ab\u00a0Cela va \u00eatre un temps fort, militant, culturel et festif organis\u00e9 par le collectif Fiert\u00e9s Toulon \u00ab\u00a0, explique Elsa Nardini, l\u2019une des porte-parole. \u00ab\u00a0Pendant deux semaines, la ville va vivre au rythme d\u2019\u00e9v\u00e9nements engag\u00e9s. Ces rendez-vous sont ouverts \u00e0 tous. Ils c\u00e9l\u00e8brent la diversit\u00e9 des identit\u00e9s et des parcours tout en portant un message politique: nos genres, nos vies, nos droits m\u00e9ritent respect et \u00e9galit\u00e9. Cette quinzaine se cl\u00f4turera avec la Marche des fiert\u00e9s le 14 juin, pr\u00e9c\u00e9d\u00e9e du village associatif.\u00a0\u00bb<\/p>\n<p>Mais, avant \u00e7a, une soir\u00e9e d\u2019ouverture, Extravadrag\u2019, aura lieu le <b>30 mai <\/b>sur la place de l\u2019\u00c9querre, suivie d\u2019une autre soir\u00e9e Follow me, le 31 mai sur la place de l\u2019op\u00e9ra.<\/p>\n<p>Mercredi <b>4 juin<\/b>, \u00e0 19h30, des courts-m\u00e9trages seront projet\u00e9s \u00e0 la salle de l\u2019H\u00e9lice. L\u2019entr\u00e9e est libre pour tous. Cet \u00e9v\u00e9nement est organis\u00e9 par SOS Homophobie, Polychromes Zefestival et la Ligue de l\u2019enseignement.<\/p>\n<p>Le jeudi <b>5 juin<\/b> \u00e0 18h, un d\u00e9bat aura lieu au centre LGBTQIA + et du Planning familial varois (5, avenue Colbert). Kal\u00e9a et C\u00e9dric en seront les animateurs.<\/p>\n<p>Vente d\u2019\u0153uvres d\u2019art<\/p>\n<p>Vendredi <b>6 juin<\/b> \u00e0 19h, la pi\u00e8ce Parlez-leur d\u2019amour sera jou\u00e9e au centre Mandela de La Seyne. \u00ab\u00a0Par le biais d\u2019ateliers d\u2019\u00e9criture, la compagnie Verbateam a donn\u00e9 la parole au public LGBTQIA +\u00a0\u00bb, pr\u00e9cise l\u2019organisation.<\/p>\n<p>Le samedi <b>7 juin<\/b>, \u00e0 16h, des ventes d\u2019\u0153uvres d\u2019artistes LGBTQIA + auront lieu au Maz de Toulon. Jusqu\u2019\u00e0 19h, leur travail sera \u00e0 d\u00e9couvrir sur place. Et le m\u00eame jour \u00e0 19h, un spectacle sera donn\u00e9 par le Pride comedy club au Maz. C\u2019est la compagnie th\u00e9\u00e2trale Verbateam qui sera \u00e0 la man\u0153uvre.<\/p>\n<p>Dimanche<b> 8 juin,<\/b> \u00e0 15h30, la compagnie Verbateam donnera la parole au public LGBTQIA + au travers d\u2019ateliers d\u2019\u00e9criture \u00e0 la m\u00e9diath\u00e8que Chalucet.<\/p>\n<p>Mardi <b>10 juin<\/b> \u00e0 15h, un atelier original se cr\u00e9e: la confection de d\u00e9corations et de pancartes pour la Pride au Planning familial varois, avenue Colbert \u00e0 Toulon.<\/p>\n<p>Jeudi <b>12 juin<\/b> \u00e0 18h, un groupe de parole \u00ab\u00a0parentalit\u00e9\u00a0\u00bb se constituera au centre LGBT du Planning familial varois. Toutes les questions seront les bienvenues. Suivra, \u00e0 19h, une soir\u00e9e \u00ab\u00a0Iconique\u00a0\u00bb au Natif Records Caf\u00e9 avec un mix d\u2019artistes.<\/p>\n<p>Vendredi <b>13 juin<\/b> \u00e0 14h, un documentaire sera projet\u00e9 \u00e0 la m\u00e9diath\u00e8que Chalucet: Nos corps sont politiques. Un d\u00e9bat suivra sur la question du genre (sur r\u00e9servation \u00e0 compter du 23 mai sur le site web de la m\u00e9diath\u00e8que).<\/p>\n<p>\u00ab\u00a0La communaut\u00e9 prend la rue\u00a0\u00bb<\/p>\n<p>Le <b>14 juin<\/b>, enfin, ce sera le Jour J avec d\u00e9fil\u00e9, stands sur la place d\u2019Armes et soir\u00e9e, place de l\u2019\u00c9querre. Des milliers de participants devraient \u00eatre au rendez-vous. \u00ab\u00a0Dans une ambiance revendicative et joyeuse, c\u2019est toute une communaut\u00e9 qui prend la rue pour exister, se soutenir et faire entendre sa voix\u00a0\u00bb, conclut le collectif.<\/p>\n<p>              <img ci-src=\"https:\/\/www.varmatin.com\/vie-locale\/protec\/DATA_ART_15548115-30XsxSt3.jpg?vh=daefaf&amp;ci_seal=181b2ef928\" alt=\"\"\/><br \/>\n        Julien a r\u00e9alis\u00e9 l\u2019affiche 2025 des fiert\u00e9s \u00e0 Toulon.  <strong>Photo F. D..<\/strong> <\/p>\n<p>            \u00ab\u00a0\u00e7a ne te pla\u00eet pas ? Alors allons-y \u00e0 fond !\u00a0\u00bb<\/p>\n<p>Julien Veyssade a 44 ans et une cr\u00e9ativit\u00e9 certaine, multisupports. Ce Hy\u00e9rois, qui con\u00e7oit des affiches pour des \u00e9v\u00e9nements et des institutions de la m\u00e9tropole, s\u2019est pench\u00e9 sur celle de la Marche des fiert\u00e9s 2025. Gracieusement et avec engagement.<\/p>\n<p>\u00ab Sur les r\u00e9seaux sociaux, j\u2019ai vu qu\u2019un appel \u00e0 cr\u00e9ateurs \u00e9tait lanc\u00e9. Et, juste en dessous, il y avait une s\u00e9rie de commentaires homophobes, tous plus stupides les uns que les autres. Alors, je me suis dit : allons-y \u00e0 fond ! C\u2019est un challenge parfait : on fonce. J\u2019ai fait avec plaisir des esquisses d\u2019affiches sur mon ordinateur. C\u2019est ma mani\u00e8re de participer \u00e0 la lutte. \u00bb<\/p>\n<p>Seules conditions pour la cr\u00e9ation de l\u2019affiche : qu\u2019il y ait une place pour indiquer le lieu du rendez-vous, la date et le slogan : \u00ab Nos genres, nos vies, nos droits plus forts ensemble. \u00bb \u00ab Au d\u00e9but, j\u2019\u00e9tais parti sur l\u2019id\u00e9e de symboliser Toulon par son t\u00e9l\u00e9ph\u00e9rique et d\u2019y associer un grand arc-en-ciel (le fameux rainbowflag) qui se d\u00e9ploierait dans le mouvement d\u2019une cabine. Puis je me suis dit que l\u2019image de Cuverville serait encore plus forte : ce personnage immense qui a r\u00e9sist\u00e9 \u00e0 tout et qui regarde fi\u00e8rement l\u2019horizon. Cuverville, c\u2019est aussi un dandy, non ? \u00bb, ajoute Julien, tout sourire.<\/p>\n<p>Sur son affiche, un clin d\u2019\u0153il appara\u00eet aussi, en r\u00e9f\u00e9rence au plafond de la chapelle Sixtine, chef-d\u2019\u0153uvre de Michel-Ange. L\u2019ensemble est envelopp\u00e9 de tons rouges, roses, fuchsias et violets. Un carnaval de couleurs et une mani\u00e8re de dire que \u00ab tout \u00e7a n\u2019est pas si grave \u00bb, que le combat est joyeux.<\/p>\n<p><strong>Ode \u00e0 la tol\u00e9rance<\/strong><\/p>\n<p>\u00ab Tous les projets pr\u00e9sent\u00e9s seront expos\u00e9s sur la place de la Libert\u00e9 en juin, l\u00e0 o\u00f9 va se trouver le village des Fiert\u00e9s \u00bb, ajoute Elsa Nardini, porte-voix de l\u2019association LGBTQIA +.<\/p>\n<p>Pour Julien, c\u2019est davantage une ode \u00e0 la libert\u00e9, la tol\u00e9rance et la culture qu\u2019il faut d\u00e9fendre. \u00ab J\u2019ai d\u00e9j\u00e0 r\u00e9alis\u00e9 des affiches pour la F\u00e9d\u00e9ration fran\u00e7aise des motards en col\u00e8re ou pour le Youj festival \u00e0 Hy\u00e8res. Je m\u2019adapte \u00e0 tous les projets pourvu que les gens soient sympas, ouverts et cool. C\u2019\u00e9tait le cas ici \u00bb, ajoute-t-il. Son Instagram parle pour lui : d\u00e9tentdudelaclaquette.<\/p>\n","protected":false},"excerpt":{"rendered":"Le 30 mai: c\u2019est la date qui donnera le coup de sifflet de la Pride 2025. \u00ab\u00a0Cela va&hellip;\n","protected":false},"author":2,"featured_media":113554,"comment_status":"","ping_status":"","sticky":false,"template":"","format":"standard","meta":{"footnotes":""},"categories":[9619],"tags":[1111,11,1777,674,1011,27,12,882,25,2310,3366],"class_list":{"0":"post-113553","1":"post","2":"type-post","3":"status-publish","4":"format-standard","5":"has-post-thumbnail","7":"category-toulon","8":"tag-actu","9":"tag-actualites","10":"tag-eu","11":"tag-europe","12":"tag-fr","13":"tag-france","14":"tag-news","15":"tag-provence-alpes-cote-dazur","16":"tag-republique-francaise","17":"tag-toulon","18":"tag-vie-locale"},"share_on_mastodon":{"url":"https:\/\/pubeurope.com\/@fr\/114538528337367884","error":""},"_links":{"self":[{"href":"https:\/\/www.europesays.com\/fr\/wp-json\/wp\/v2\/posts\/113553","targetHints":{"allow":["GET"]}}],"collection":[{"href":"https:\/\/www.europesays.com\/fr\/wp-json\/wp\/v2\/posts"}],"about":[{"href":"https:\/\/www.europesays.com\/fr\/wp-json\/wp\/v2\/types\/post"}],"author":[{"embeddable":true,"href":"https:\/\/www.europesays.com\/fr\/wp-json\/wp\/v2\/users\/2"}],"replies":[{"embeddable":true,"href":"https:\/\/www.europesays.com\/fr\/wp-json\/wp\/v2\/comments?post=113553"}],"version-history":[{"count":0,"href":"https:\/\/www.europesays.com\/fr\/wp-json\/wp\/v2\/posts\/113553\/revisions"}],"wp:featuredmedia":[{"embeddable":true,"href":"https:\/\/www.europesays.com\/fr\/wp-json\/wp\/v2\/media\/113554"}],"wp:attachment":[{"href":"https:\/\/www.europesays.com\/fr\/wp-json\/wp\/v2\/media?parent=113553"}],"wp:term":[{"taxonomy":"category","embeddable":true,"href":"https:\/\/www.europesays.com\/fr\/wp-json\/wp\/v2\/categories?post=113553"},{"taxonomy":"post_tag","embeddable":true,"href":"https:\/\/www.europesays.com\/fr\/wp-json\/wp\/v2\/tags?post=113553"}],"curies":[{"name":"wp","href":"https:\/\/api.w.org\/{rel}","templated":true}]}}