{"id":113559,"date":"2025-05-20T05:35:08","date_gmt":"2025-05-20T05:35:08","guid":{"rendered":"https:\/\/www.europesays.com\/fr\/113559\/"},"modified":"2025-05-20T05:35:08","modified_gmt":"2025-05-20T05:35:08","slug":"avec-son-invention-geniale-cette-rouennaise-remporte-deux-prix-au-concours-lepine","status":"publish","type":"post","link":"https:\/\/www.europesays.com\/fr\/113559\/","title":{"rendered":"Avec son invention g\u00e9niale, cette Rouennaise remporte deux prix au concours L\u00e9pine"},"content":{"rendered":"<p>            Par<br \/>\n        <strong><br \/>\n            <a href=\"https:\/\/actu.fr\/auteur\/adrien-filoche\" title=\"Consulter tous les articles de Adrien Filoche\" target=\"_blank\" rel=\"noopener\">Adrien Filoche<\/a><br \/>\n        <\/strong><\/p>\n<p>        Publi\u00e9 le<\/p>\n<p>            20 mai 2025 \u00e0 7h09        <\/p>\n<p><strong>\u00ab\u2009On est sur notre petit nuage.\u2009\u00bb<\/strong> Marie Rocchisani, originaire de <a href=\"https:\/\/actu.fr\/normandie\/rouen_76540\" target=\"_blank\" rel=\"noopener\">Rouen (Seine-Maritime),<\/a> a lanc\u00e9 il y a trois ans Maison M, son entreprise qui commercialise depuis l\u2019\u00e9t\u00e9 2024 un <strong>rouge \u00e0 l\u00e8vres innovant<\/strong>, 3 en 1, rechargeable, v\u00e9gan et personnalisable. Ce vendredi 16 mai 2025, la Rouennaise et ses \u00e9quipes ont d\u00e9croch\u00e9 un <strong>double prix lors du concours L\u00e9pine 2025\u2009!<\/strong><\/p>\n<p>\u00ab\u2009Beaucoup de fiert\u00e9\u2009\u00bb<\/p>\n<p class=\" wall-content\">En effet, Maison M a remport\u00e9 la <strong>m\u00e9daille d\u2019or<\/strong> du c\u00e9l\u00e8bre concours sur l\u2019innovation pour la cat\u00e9gorie \u00ab\u2009univers connect\u00e9\u2009\u00bb, ainsi qu\u2019un l<strong>e prix sp\u00e9cial<\/strong> L\u00e9onard de Vinci, d\u00e9cern\u00e9 par l\u2019entreprise Comexposium.<\/p>\n<p class=\" wall-content\">\u00ab\u2009\u00c7a r\u00e9compense tout le travail de nos \u00e9quipes. Ce sont des centaines de tests, et des \u00e9checs pour en arriver l\u00e0 aujourd\u2019hui. Il y a beaucoup de fiert\u00e9\u2009\u00bb, confie la Rouennaise, interrog\u00e9e par 76actu \u00e0 la suite de cette belle victoire.<\/p>\n<p class=\" wall-content\">Et d\u2019ajouter, enchant\u00e9e\u2009: \u00ab\u2009On a eu des centaines de personnes qui sont venues \u00e0 notre stand apr\u00e8s le prix. C\u2019est g\u00e9nial\u2009!\u2009\u00bb<\/p>\n<p class=\" wall-content\">Pour rappel, Marie avait d\u00e9j\u00e0 convaincu l\u2019un des membres du jury de l\u2019\u00e9mission \u00ab\u2009Qui veut \u00eatre mon associ\u00e9\u2009?\u2009\u00bb, <a href=\"https:\/\/actu.fr\/normandie\/rouen_76540\/qui-veut-etre-mon-associe-sur-m6-cette-rouennaise-presente-son-rouge-a-levres-innovant-qui-utilise-l-ia_62241936.html\" target=\"_blank\" rel=\"noopener\">diffus\u00e9e sur M6 le mercredi 12 f\u00e9vrier 2025.<\/a><\/p>\n<p>Vid\u00e9os : en ce moment sur ActuSuivez l\u2019actualit\u00e9 de Rouen sur <a href=\"https:\/\/www.whatsapp.com\/channel\/0029VaKfnf99hXF2ddApFB1D\" target=\"_blank\" rel=\"noopener\">notre cha\u00eene WhatsApp<\/a> et sur <a href=\"https:\/\/www.tiktok.com\/@76actu.fr?lang=fr\" target=\"_blank\" rel=\"noopener\">notre compte TikTok<\/a><\/p>\n<p class=\" wall-content\">Suivez toute l\u2019actualit\u00e9 de vos villes et m\u00e9dias favoris en vous inscrivant \u00e0 <a href=\"https:\/\/moncompte.actu.fr\" title=\"D\u00e9couvez Mon Actu\" rel=\"nofollow noopener\" data-trk=\"{&quot;cta&quot;:{&quot;action&quot;:&quot;https:\\\/\\\/moncompte.actu.fr&quot;,&quot;category&quot;:&quot;mon compte&quot;,&quot;from&quot;:&quot;article footer&quot;,&quot;name&quot;:&quot;Mon actu&quot;,&quot;type&quot;:&quot;cta&quot;}}\" target=\"_blank\">Mon Actu<\/a>.<\/p>\n<p>                    <script async src=\"\/\/www.tiktok.com\/embed.js\"><\/script><\/p>\n","protected":false},"excerpt":{"rendered":"Par Adrien Filoche Publi\u00e9 le 20 mai 2025 \u00e0 7h09 \u00ab\u2009On est sur notre petit nuage.\u2009\u00bb Marie Rocchisani,&hellip;\n","protected":false},"author":2,"featured_media":113560,"comment_status":"","ping_status":"","sticky":false,"template":"","format":"standard","meta":{"footnotes":""},"categories":[9587],"tags":[1111,11,1777,674,1011,27,5701,12,5161,25,9590,2631],"class_list":{"0":"post-113559","1":"post","2":"type-post","3":"status-publish","4":"format-standard","5":"has-post-thumbnail","7":"category-rouen","8":"tag-actu","9":"tag-actualites","10":"tag-eu","11":"tag-europe","12":"tag-fr","13":"tag-france","14":"tag-innovation","15":"tag-news","16":"tag-normandie","17":"tag-republique-francaise","18":"tag-rouen","19":"tag-sciences-technologie"},"share_on_mastodon":{"url":"https:\/\/pubeurope.com\/@fr\/114538540117473342","error":""},"_links":{"self":[{"href":"https:\/\/www.europesays.com\/fr\/wp-json\/wp\/v2\/posts\/113559","targetHints":{"allow":["GET"]}}],"collection":[{"href":"https:\/\/www.europesays.com\/fr\/wp-json\/wp\/v2\/posts"}],"about":[{"href":"https:\/\/www.europesays.com\/fr\/wp-json\/wp\/v2\/types\/post"}],"author":[{"embeddable":true,"href":"https:\/\/www.europesays.com\/fr\/wp-json\/wp\/v2\/users\/2"}],"replies":[{"embeddable":true,"href":"https:\/\/www.europesays.com\/fr\/wp-json\/wp\/v2\/comments?post=113559"}],"version-history":[{"count":0,"href":"https:\/\/www.europesays.com\/fr\/wp-json\/wp\/v2\/posts\/113559\/revisions"}],"wp:featuredmedia":[{"embeddable":true,"href":"https:\/\/www.europesays.com\/fr\/wp-json\/wp\/v2\/media\/113560"}],"wp:attachment":[{"href":"https:\/\/www.europesays.com\/fr\/wp-json\/wp\/v2\/media?parent=113559"}],"wp:term":[{"taxonomy":"category","embeddable":true,"href":"https:\/\/www.europesays.com\/fr\/wp-json\/wp\/v2\/categories?post=113559"},{"taxonomy":"post_tag","embeddable":true,"href":"https:\/\/www.europesays.com\/fr\/wp-json\/wp\/v2\/tags?post=113559"}],"curies":[{"name":"wp","href":"https:\/\/api.w.org\/{rel}","templated":true}]}}