{"id":1135614,"date":"2026-08-19T02:26:18","date_gmt":"2026-08-19T02:26:18","guid":{"rendered":"https:\/\/www.europesays.com\/fr\/1135614\/"},"modified":"2026-08-19T02:26:18","modified_gmt":"2026-08-19T02:26:18","slug":"la-methodique-et-previsible-remontada-de-gregory-doucet","status":"publish","type":"post","link":"https:\/\/www.europesays.com\/fr\/1135614\/","title":{"rendered":"La m\u00e9thodique et pr\u00e9visible \u00ab remontada \u00bb de Gr\u00e9gory Doucet"},"content":{"rendered":"<p>Le discours du candidat avait \u00e9t\u00e9 pr\u00e9par\u00e9 \u00e0 l\u2019avance, mais sur la base d\u2019un autre sc\u00e9nario. \u00ab\u202fOn l\u2019avait \u00e9crit pour un score \u00e0 touche\u2010touche\u202f\u00bb, confie Romeo Chomphoo, le codirecteur de campagne op\u00e9rationnel de Gr\u00e9gory Doucet. Finalement, ce dimanche 15 mars 2026, \u00e0 l\u2019issue du premier tour des \u00e9lections municipales, le maire sortant devance Jean\u2010Michel Aulas de 1184 voix (sur plus de 207 000 bulletins exprim\u00e9s). Impensable encore une semaine auparavant, malgr\u00e9 des signes avant\u2010coureurs dans les tous derniers jours de la campagne [lire plus\u00a0bas].<\/p>\n<p>L\u2019\u00e9cologiste d\u00e9boule parmi ses partisans r\u00e9unis \u00e0 In\u2010Sted, lieu \u00e9v\u00e9nementiel du 3e arrondissement de Lyon, sous les hourras et sur une bande son sign\u00e9e Madonna. \u00ab\u202fC\u2019est une dynamique\u202f! \u00bb, exulte\u2010t\u2010il sur sc\u00e8ne. \u00ab\u202fNotre obsession ce soir\u2010l\u00e0, c\u2019est <\/p>\n<p>Nous vous offrons l\u2019acc\u00e8s \u00e0 cet article<\/p>\n<p>Et \u00e0 toutes nos enqu\u00eates pendant deux jours\u00a0\u00a0! <br \/>Oui, on est g\u00e9n\u00e9reux \ud83d\ude09 Mais pensez aussi \u00e0 <a href=\"https:\/\/www.mediacites.fr\/sabonner\/\" target=\"_blank\" style=\"color:#fff\" rel=\"nofollow noopener\">vous abonner<\/a>\u00a0\u00a0!<\/p>\n<p>\t\tEn renseignant votre adresse, vous acceptez nos <a href=\"https:\/\/www.mediacites.fr\/conditions-generales-d-utilisation\/\" target=\"_blank\" rel=\"nofollow noopener\">conditions g\u00e9n\u00e9rales d\u2019utilisation<\/a>. <br \/>Mediacit\u00e9s s\u2019engage \u00e0 ne pas c\u00e9der votre adresse \u00e0 des tiers. En cas d\u2019\u00e9chec, \u00e9crivez \u00e0 <a href=\"https:\/\/www.mediacites.fr\/enquete\/lyon\/2026\/08\/18\/la-methodique-et-previsible-remontada-de-gregory-doucet\/mailto:contact@mediacites.fr\" rel=\"nofollow noopener\" target=\"_blank\">contact@mediacites.fr<\/a><\/p>\n<ul>\n<li>J\u2019acc\u00e8de aux 4 \u00e9ditions de Mediacit\u00e9s (Lille, Lyon, Nantes et Toulouse)<\/li>\n<li>Je d\u00e9couvre un m\u00e9dia 100 % ind\u00e9pendant, avec 0 % de publicit\u00e9<\/li>\n<\/ul>\n<p>Envie de lire la\u00a0suite\u202f?<\/p>\n<p>Depuis neuf ans, Mediacit\u00e9s enqu\u00eate en toute ind\u00e9pendance dans votre ville. Gr\u00e2ce \u00e0 ses lecteurs\u202f! Abonnez\u2010vous pour ne rien manquer de nos enqu\u00eates, suivre les \u00e9lections municipales et soutenir un journal local d\u2019investigation.<\/p>\n<ul>\n<li>Acc\u00e8s aux 4 \u00e9ditions de Mediacit\u00e9s (Lille, Lyon, Nantes et Toulouse)<\/li>\n<li>100 % ind\u00e9pendant, avec 0 % de publicit\u00e9<\/li>\n<li>R\u00e9siliation facile \u00e0 tout moment<\/li>\n<\/ul>\n<p>Mediacit\u00e9s offre l\u2019acc\u00e8s \u00e0 cet article aux lecteurs de News2Com<\/p>\n<p>Et \u00e0 toutes nos enqu\u00eates pendant deux jours\u00a0\u00a0! <br \/>Oui, on est g\u00e9n\u00e9reux \ud83d\ude09 Mais pensez aussi \u00e0 <a href=\"https:\/\/www.mediacites.fr\/sabonner\/\" target=\"_blank\" style=\"color:#fff\" rel=\"nofollow noopener\">vous abonner<\/a>\u00a0\u00a0!<\/p>\n<p>\t\tEn renseignant votre adresse, vous acceptez nos <a href=\"https:\/\/www.mediacites.fr\/conditions-generales-d-utilisation\/\" target=\"_blank\" rel=\"nofollow noopener\">conditions g\u00e9n\u00e9rales d\u2019utilisation<\/a>. <br \/>Mediacit\u00e9s s\u2019engage \u00e0 ne pas c\u00e9der votre adresse \u00e0 des tiers. En cas d\u2019\u00e9chec, \u00e9crivez \u00e0 <a href=\"https:\/\/www.mediacites.fr\/enquete\/lyon\/2026\/08\/18\/la-methodique-et-previsible-remontada-de-gregory-doucet\/mailto:contact@mediacites.fr\" rel=\"nofollow noopener\" target=\"_blank\">contact@mediacites.fr<\/a><\/p>\n<ul>\n<li>J\u2019acc\u00e8de aux 4 \u00e9ditions de Mediacit\u00e9s (Lille, Lyon, Nantes et Toulouse)<\/li>\n<li>Je d\u00e9couvre un m\u00e9dia 100 % ind\u00e9pendant, avec 0 % de publicit\u00e9<\/li>\n<\/ul>\n","protected":false},"excerpt":{"rendered":"Le discours du candidat avait \u00e9t\u00e9 pr\u00e9par\u00e9 \u00e0 l\u2019avance, mais sur la base d\u2019un autre sc\u00e9nario. \u00ab\u202fOn l\u2019avait&hellip;\n","protected":false},"author":2,"featured_media":1135615,"comment_status":"","ping_status":"","sticky":false,"template":"","format":"standard","meta":{"footnotes":"","_share_on_mastodon":"0"},"categories":[1889],"tags":[1111,11,2430,5921,1067,1777,674,38480,1011,27,5226,5227,2428,12,25,77433],"class_list":["post-1135614","post","type-post","status-publish","format-standard","has-post-thumbnail","category-lyon","tag-actu","tag-actualites","tag-auvergne-rhone-alpes","tag-bruno-bernard","tag-enquete","tag-eu","tag-europe","tag-fanny-dubot","tag-fr","tag-france","tag-gregory-doucet","tag-jean-michel-aulas","tag-lyon","tag-news","tag-republique-francaise","tag-sandrine-runel"],"share_on_mastodon":{"url":"https:\/\/pubeurope.com\/@fr\/117119810739912077","error":""},"_links":{"self":[{"href":"https:\/\/www.europesays.com\/fr\/wp-json\/wp\/v2\/posts\/1135614","targetHints":{"allow":["GET"]}}],"collection":[{"href":"https:\/\/www.europesays.com\/fr\/wp-json\/wp\/v2\/posts"}],"about":[{"href":"https:\/\/www.europesays.com\/fr\/wp-json\/wp\/v2\/types\/post"}],"author":[{"embeddable":true,"href":"https:\/\/www.europesays.com\/fr\/wp-json\/wp\/v2\/users\/2"}],"replies":[{"embeddable":true,"href":"https:\/\/www.europesays.com\/fr\/wp-json\/wp\/v2\/comments?post=1135614"}],"version-history":[{"count":0,"href":"https:\/\/www.europesays.com\/fr\/wp-json\/wp\/v2\/posts\/1135614\/revisions"}],"wp:featuredmedia":[{"embeddable":true,"href":"https:\/\/www.europesays.com\/fr\/wp-json\/wp\/v2\/media\/1135615"}],"wp:attachment":[{"href":"https:\/\/www.europesays.com\/fr\/wp-json\/wp\/v2\/media?parent=1135614"}],"wp:term":[{"taxonomy":"category","embeddable":true,"href":"https:\/\/www.europesays.com\/fr\/wp-json\/wp\/v2\/categories?post=1135614"},{"taxonomy":"post_tag","embeddable":true,"href":"https:\/\/www.europesays.com\/fr\/wp-json\/wp\/v2\/tags?post=1135614"}],"curies":[{"name":"wp","href":"https:\/\/api.w.org\/{rel}","templated":true}]}}