{"id":1135681,"date":"2026-08-19T03:18:50","date_gmt":"2026-08-19T03:18:50","guid":{"rendered":"https:\/\/www.europesays.com\/fr\/1135681\/"},"modified":"2026-08-19T03:18:50","modified_gmt":"2026-08-19T03:18:50","slug":"photos-premiere-seance-dentrainement-pour-le-sluc-nancy-a-gentilly","status":"publish","type":"post","link":"https:\/\/www.europesays.com\/fr\/1135681\/","title":{"rendered":"Photos . Premi\u00e8re s\u00e9ance d&rsquo;entra\u00eenement pour le SLUC Nancy \u00e0 Gentilly"},"content":{"rendered":"<p>&#13;<br \/>\n              Photo C\u00e9dric Jacquot  &#8211; &#13;<br \/>\n        &#13;<br \/>\n          Hier \u00e0 06:30&#13;<br \/>\n    &#13;<br \/>\n        &#8211; Temps de lecture : &#13;<br \/>\n  &#13;\n<\/p>\n<ul class=\"galerieContent carousel-wrapper__slides\" id=\"9b559d41-ecea-4773-9924-fc2b1cf598d9\">        &#13;<\/p>\n<li class=\"carousel-wrapper__slides--slide item\" id=\"slide-1\">&#13;<br \/>\n                                &#13;<br \/>\n                    <a class=\"chocolat-image GA-tracking\" data-ga_type=\"click\" data-ga_category=\"D\u00e9tail\" data-ga_action=\"zoomer\" data-ga_label=\"aggrandir image\" href=\"https:\/\/cdn-s-www.estrepublicain.fr\/images\/EEFFDD82-86FF-4F81-99EB-75B84409DB81\/NW_raw\/les-joueurs-du-sluc-nancy-retrouvent-le-parquet-du-palais-des-sports-jean-weille-a-gentilly-pour-leur-premier-entrainement-marquant-le-coup-d-envoi-de-leur-preparation-pour-la-saison-2026-2027-stephane-gombauld-photo-cedric-jacquot-1786977585.jpg\" title=\"Les joueurs du SLUC Nancy retrouvent le parquet du palais des sports Jean-Weille \u00e0 Gentilly pour leur premier entra\u00eenement, marquant le coup d&#039;envoi de leur pr\u00e9paration pour la saison 2026-2027. St\u00e9phane GOMBAULD. Photo C\u00e9dric Jacquot\" rel=\"nofollow noopener\" target=\"_blank\">&#13;<br \/>\n                        <img decoding=\"async\" src=\"https:\/\/www.europesays.com\/fr\/wp-content\/uploads\/2026\/08\/les-joueurs-du-sluc-nancy-retrouvent-le-parquet-du-palais-des-sports-jean-weille-a-gentilly-pour-leu.jpeg\"   alt=\"Les joueurs du SLUC Nancy retrouvent le parquet du palais des sports Jean-Weille \u00e0 Gentilly pour leur premier entra\u00eenement, marquant le coup d'envoi de leur pr\u00e9paration pour la saison 2026-2027. St\u00e9phane GOMBAULD. Photo C\u00e9dric Jacquot\" fetchpriority=\"high\" data-mobile=\"NW_detail_M|1786977585\" data-base=\"NW_detail|1786977585\"\/>&#13;<br \/>\n                    <\/a>&#13;<\/p>\n<p>Les joueurs du SLUC Nancy retrouvent le parquet du palais des sports Jean-Weille \u00e0 Gentilly pour leur premier entra\u00eenement, marquant le coup d&rsquo;envoi de leur pr\u00e9paration pour la saison 2026-2027. St\u00e9phane GOMBAULD. Photo C\u00e9dric Jacquot<\/p>\n<p>                    &#13;<br \/>\n                                       &#13;\n            <\/li>\n<p>&#13;<br \/>\n            &#13;<\/p>\n<li class=\"carousel-wrapper__slides--slide item slideWithPub\" id=\"slide-2\">&#13;<br \/>\n                        &#13;<br \/>\n                            <a class=\"chocolat-image\" title=\"Publicit\u00e9\" href=\"data:image\/gif;base64,R0lGODlhAQABAAD\/ACwAAAAAAQABAAACADs=\">&#13;<br \/>\n                                <img decoding=\"async\" src=\"data:image\/gif;base64,R0lGODlhAQABAAD\/ACwAAAAAAQABAAACADs=\" alt=\"Publicit\u00e9\" loading=\"lazy\" fetchpriority=\"low\"\/>&#13;<br \/>\n                            <\/a>&#13;<br \/>\n                        &#13;\n                    <\/li>\n<p>&#13;<\/p>\n<li class=\"carousel-wrapper__slides--slide item\" id=\"slide-3\">&#13;<br \/>\n                                &#13;<br \/>\n                    <a class=\"chocolat-image GA-tracking\" data-ga_type=\"click\" data-ga_category=\"D\u00e9tail\" data-ga_action=\"zoomer\" data-ga_label=\"aggrandir image\" href=\"https:\/\/cdn-s-www.estrepublicain.fr\/images\/57274A18-6AC2-4391-9F3F-E66ED30ACCE2\/NW_raw\/les-joueurs-du-sluc-nancy-retrouvent-le-parquet-du-palais-des-sports-jean-weille-a-gentilly-pour-leur-premier-entrainement-marquant-le-coup-d-envoi-de-leur-preparation-pour-la-saison-2026-2027-sylvain-lautie-entraineur-photo-cedric-jacquot-1786977585.jpg\" title=\"Les joueurs du SLUC Nancy retrouvent le parquet du palais des sports Jean-Weille \u00e0 Gentilly pour leur premier entra\u00eenement, marquant le coup d&#039;envoi de leur pr\u00e9paration pour la saison 2026-2027. Sylvain Lauti\u00e9, entra\u00eeneur. Photo C\u00e9dric Jacquot\" rel=\"nofollow noopener\" target=\"_blank\">&#13;<br \/>\n                        <img decoding=\"async\" src=\"https:\/\/www.europesays.com\/fr\/wp-content\/uploads\/2026\/08\/1787109483_764_les-joueurs-du-sluc-nancy-retrouvent-le-parquet-du-palais-des-sports-jean-weille-a-gentilly-pour-leu.jpeg\"   alt=\"Les joueurs du SLUC Nancy retrouvent le parquet du palais des sports Jean-Weille \u00e0 Gentilly pour leur premier entra\u00eenement, marquant le coup d'envoi de leur pr\u00e9paration pour la saison 2026-2027. Sylvain Lauti\u00e9, entra\u00eeneur. Photo C\u00e9dric Jacquot\" loading=\"lazy\" fetchpriority=\"low\" data-mobile=\"NW_detail_M|1786977585\" data-base=\"NW_detail|1786977585\"\/>&#13;<br \/>\n                    <\/a>&#13;<\/p>\n<p>Les joueurs du SLUC Nancy retrouvent le parquet du palais des sports Jean-Weille \u00e0 Gentilly pour leur premier entra\u00eenement, marquant le coup d&rsquo;envoi de leur pr\u00e9paration pour la saison 2026-2027. Sylvain Lauti\u00e9, entra\u00eeneur. Photo C\u00e9dric Jacquot<\/p>\n<p>                    &#13;<br \/>\n                                       &#13;\n            <\/li>\n<p>&#13;<br \/>\n            &#13;<\/p>\n<li class=\"carousel-wrapper__slides--slide item\" id=\"slide-4\">&#13;<br \/>\n                                &#13;<br \/>\n                    <a class=\"chocolat-image GA-tracking\" data-ga_type=\"click\" data-ga_category=\"D\u00e9tail\" data-ga_action=\"zoomer\" data-ga_label=\"aggrandir image\" href=\"https:\/\/cdn-s-www.estrepublicain.fr\/images\/70E362E1-36B1-45B6-9F81-BF2F6AE2D0C8\/NW_raw\/les-joueurs-du-sluc-nancy-retrouvent-le-parquet-du-palais-des-sports-jean-weille-a-gentilly-pour-leur-premier-entrainement-marquant-le-coup-d-envoi-de-leur-preparation-pour-la-saison-2026-2027-brice-eyaga-nouveau-joueur-photo-cedric-jacquot-1786975053.jpg\" title=\"Les joueurs du SLUC Nancy retrouvent le parquet du palais des sports Jean-Weille \u00e0 Gentilly pour leur premier entra\u00eenement, marquant le coup d&#039;envoi de leur pr\u00e9paration pour la saison 2026-2027. Brice EYAGA, nouveau joueur. Photo C\u00e9dric Jacquot\" rel=\"nofollow noopener\" target=\"_blank\">&#13;<br \/>\n                        <img decoding=\"async\" src=\"https:\/\/www.europesays.com\/fr\/wp-content\/uploads\/2026\/08\/1787109485_77_les-joueurs-du-sluc-nancy-retrouvent-le-parquet-du-palais-des-sports-jean-weille-a-gentilly-pour-leu.jpeg\"   alt=\"Les joueurs du SLUC Nancy retrouvent le parquet du palais des sports Jean-Weille \u00e0 Gentilly pour leur premier entra\u00eenement, marquant le coup d'envoi de leur pr\u00e9paration pour la saison 2026-2027. Brice EYAGA, nouveau joueur. Photo C\u00e9dric Jacquot\" loading=\"lazy\" fetchpriority=\"low\" data-mobile=\"NW_detail_M|1786975053\" data-base=\"NW_detail|1786975053\"\/>&#13;<br \/>\n                    <\/a>&#13;<\/p>\n<p>Les joueurs du SLUC Nancy retrouvent le parquet du palais des sports Jean-Weille \u00e0 Gentilly pour leur premier entra\u00eenement, marquant le coup d&rsquo;envoi de leur pr\u00e9paration pour la saison 2026-2027. Brice EYAGA, nouveau joueur. Photo C\u00e9dric Jacquot<\/p>\n<p>                    &#13;<br \/>\n                                       &#13;\n            <\/li>\n<p>&#13;<br \/>\n            &#13;<\/p>\n<li class=\"carousel-wrapper__slides--slide item\" id=\"slide-5\">&#13;<br \/>\n                                &#13;<br \/>\n                    <a class=\"chocolat-image GA-tracking\" data-ga_type=\"click\" data-ga_category=\"D\u00e9tail\" data-ga_action=\"zoomer\" data-ga_label=\"aggrandir image\" href=\"https:\/\/cdn-s-www.estrepublicain.fr\/images\/29D916BF-7A23-467A-A87B-B7AA9D9040E9\/NW_raw\/les-joueurs-du-sluc-nancy-retrouvent-le-parquet-du-palais-des-sports-jean-weille-a-gentilly-pour-leur-premier-entrainement-marquant-le-coup-d-envoi-de-leur-preparation-pour-la-saison-2026-2027-yaphet-moundi-nouveau-joueur-photo-cedric-jacquot-1787003938.jpg\" title=\"Les joueurs du SLUC Nancy retrouvent le parquet du palais des sports Jean-Weille \u00e0 Gentilly pour leur premier entra\u00eenement, marquant le coup d&#039;envoi de leur pr\u00e9paration pour la saison 2026-2027. Yaphet MOUNDI, nouveau joueur. Photo C\u00e9dric Jacquot\" rel=\"nofollow noopener\" target=\"_blank\">&#13;<br \/>\n                        <img decoding=\"async\" src=\"https:\/\/www.europesays.com\/fr\/wp-content\/uploads\/2026\/08\/1787109487_580_les-joueurs-du-sluc-nancy-retrouvent-le-parquet-du-palais-des-sports-jean-weille-a-gentilly-pour-leu.jpeg\"   alt=\"Les joueurs du SLUC Nancy retrouvent le parquet du palais des sports Jean-Weille \u00e0 Gentilly pour leur premier entra\u00eenement, marquant le coup d'envoi de leur pr\u00e9paration pour la saison 2026-2027. Yaphet MOUNDI, nouveau joueur. Photo C\u00e9dric Jacquot\" loading=\"lazy\" fetchpriority=\"low\" data-mobile=\"NW_detail_M|1787003938\" data-base=\"NW_detail|1787003938\"\/>&#13;<br \/>\n                    <\/a>&#13;<\/p>\n<p>Les joueurs du SLUC Nancy retrouvent le parquet du palais des sports Jean-Weille \u00e0 Gentilly pour leur premier entra\u00eenement, marquant le coup d&rsquo;envoi de leur pr\u00e9paration pour la saison 2026-2027. Yaphet MOUNDI, nouveau joueur. Photo C\u00e9dric Jacquot<\/p>\n<p>                    &#13;<br \/>\n                                       &#13;\n            <\/li>\n<p>&#13;<br \/>\n            &#13;<\/p>\n<li class=\"carousel-wrapper__slides--slide item\" id=\"slide-6\">&#13;<br \/>\n                                &#13;<br \/>\n                    <a class=\"chocolat-image GA-tracking\" data-ga_type=\"click\" data-ga_category=\"D\u00e9tail\" data-ga_action=\"zoomer\" data-ga_label=\"aggrandir image\" href=\"https:\/\/cdn-s-www.estrepublicain.fr\/images\/D0FF8398-EE31-4F42-AFAF-3213E233EA7A\/NW_raw\/les-joueurs-du-sluc-nancy-retrouvent-le-parquet-du-palais-des-sports-jean-weille-a-gentilly-pour-leur-premier-entrainement-marquant-le-coup-d-envoi-de-leur-preparation-pour-la-saison-2026-2027-jessy-valet-entraineur-adjoint-photo-cedric-jacquot-1786977585.jpg\" title=\"Les joueurs du SLUC Nancy retrouvent le parquet du palais des sports Jean-Weille \u00e0 Gentilly pour leur premier entra\u00eenement, marquant le coup d&#039;envoi de leur pr\u00e9paration pour la saison 2026-2027. Jessy VALET, entra\u00eeneur adjoint. Photo C\u00e9dric Jacquot\" rel=\"nofollow noopener\" target=\"_blank\">&#13;<br \/>\n                        <img decoding=\"async\" src=\"https:\/\/www.europesays.com\/fr\/wp-content\/uploads\/2026\/08\/1787109488_410_les-joueurs-du-sluc-nancy-retrouvent-le-parquet-du-palais-des-sports-jean-weille-a-gentilly-pour-leu.jpeg\"   alt=\"Les joueurs du SLUC Nancy retrouvent le parquet du palais des sports Jean-Weille \u00e0 Gentilly pour leur premier entra\u00eenement, marquant le coup d'envoi de leur pr\u00e9paration pour la saison 2026-2027. Jessy VALET, entra\u00eeneur adjoint. Photo C\u00e9dric Jacquot\" loading=\"lazy\" fetchpriority=\"low\" data-mobile=\"NW_detail_M|1786977585\" data-base=\"NW_detail|1786977585\"\/>&#13;<br \/>\n                    <\/a>&#13;<\/p>\n<p>Les joueurs du SLUC Nancy retrouvent le parquet du palais des sports Jean-Weille \u00e0 Gentilly pour leur premier entra\u00eenement, marquant le coup d&rsquo;envoi de leur pr\u00e9paration pour la saison 2026-2027. Jessy VALET, entra\u00eeneur adjoint. Photo C\u00e9dric Jacquot<\/p>\n<p>                    &#13;<br \/>\n                                       &#13;\n            <\/li>\n<p>&#13;<br \/>\n            &#13;<\/p>\n<li class=\"carousel-wrapper__slides--slide item slideWithPub\" id=\"slide-7\">&#13;<br \/>\n                        &#13;<br \/>\n                            <a class=\"chocolat-image\" title=\"Publicit\u00e9\" href=\"data:image\/gif;base64,R0lGODlhAQABAAD\/ACwAAAAAAQABAAACADs=\">&#13;<br \/>\n                                <img decoding=\"async\" src=\"data:image\/gif;base64,R0lGODlhAQABAAD\/ACwAAAAAAQABAAACADs=\" alt=\"Publicit\u00e9\" loading=\"lazy\" fetchpriority=\"low\"\/>&#13;<br \/>\n                            <\/a>&#13;<br \/>\n                        &#13;\n                    <\/li>\n<p>&#13;<\/p>\n<li class=\"carousel-wrapper__slides--slide item\" id=\"slide-8\">&#13;<br \/>\n                                &#13;<br \/>\n                    <a class=\"chocolat-image GA-tracking\" data-ga_type=\"click\" data-ga_category=\"D\u00e9tail\" data-ga_action=\"zoomer\" data-ga_label=\"aggrandir image\" href=\"https:\/\/cdn-s-www.estrepublicain.fr\/images\/A1F95387-642E-4C3C-B70D-962F2E34EF5D\/NW_raw\/jessy-valet-entraineur-adjoint-photo-cedric-jacquot-1786977585.jpg\" title=\"Jessy VALET, entra\u00eeneur adjoint. Photo C\u00e9dric Jacquot\" rel=\"nofollow noopener\" target=\"_blank\">&#13;<br \/>\n                        <img decoding=\"async\" src=\"https:\/\/www.europesays.com\/fr\/wp-content\/uploads\/2026\/08\/jessy-valet-entraineur-adjoint-photo-cedric-jacquot-1786977585.jpg\"   alt=\"Jessy VALET, entra\u00eeneur adjoint. Photo C\u00e9dric Jacquot\" loading=\"lazy\" fetchpriority=\"low\" data-mobile=\"NW_detail_M|1786977585\" data-base=\"NW_detail|1786977585\"\/>&#13;<br \/>\n                    <\/a>&#13;<\/p>\n<p>Jessy VALET, entra\u00eeneur adjoint. Photo C\u00e9dric Jacquot<\/p>\n<p>                    &#13;<br \/>\n                                       &#13;\n            <\/li>\n<p>&#13;<br \/>\n            &#13;<\/p>\n<li class=\"carousel-wrapper__slides--slide item\" id=\"slide-9\">&#13;<br \/>\n                                &#13;<br \/>\n                    <a class=\"chocolat-image GA-tracking\" data-ga_type=\"click\" data-ga_category=\"D\u00e9tail\" data-ga_action=\"zoomer\" data-ga_label=\"aggrandir image\" href=\"https:\/\/cdn-s-www.estrepublicain.fr\/images\/0EFF05AC-DAE0-440F-920E-6977CB5106B0\/NW_raw\/les-joueurs-du-sluc-nancy-retrouvent-le-parquet-du-palais-des-sports-jean-weille-a-gentilly-pour-leur-premier-entrainement-marquant-le-coup-d-envoi-de-leur-preparation-pour-la-saison-2026-2027-kany-n-kouka-et-yaphet-moundi-photo-cedric-jacquot-1786977585.jpg\" title=\"Les joueurs du SLUC Nancy retrouvent le parquet du palais des sports Jean-Weille \u00e0 Gentilly pour leur premier entra\u00eenement, marquant le coup d&#039;envoi de leur pr\u00e9paration pour la saison 2026-2027. Kany N&#039;KOUKA et Yaphet MOUNDI. Photo C\u00e9dric Jacquot\" rel=\"nofollow noopener\" target=\"_blank\">&#13;<br \/>\n                        <img decoding=\"async\" src=\"https:\/\/www.europesays.com\/fr\/wp-content\/uploads\/2026\/08\/1787109490_970_les-joueurs-du-sluc-nancy-retrouvent-le-parquet-du-palais-des-sports-jean-weille-a-gentilly-pour-leu.jpeg\"   alt=\"Les joueurs du SLUC Nancy retrouvent le parquet du palais des sports Jean-Weille \u00e0 Gentilly pour leur premier entra\u00eenement, marquant le coup d'envoi de leur pr\u00e9paration pour la saison 2026-2027. Kany N'KOUKA et Yaphet MOUNDI. Photo C\u00e9dric Jacquot\" loading=\"lazy\" fetchpriority=\"low\" data-mobile=\"NW_detail_M|1786977585\" data-base=\"NW_detail|1786977585\"\/>&#13;<br \/>\n                    <\/a>&#13;<\/p>\n<p>Les joueurs du SLUC Nancy retrouvent le parquet du palais des sports Jean-Weille \u00e0 Gentilly pour leur premier entra\u00eenement, marquant le coup d&rsquo;envoi de leur pr\u00e9paration pour la saison 2026-2027. Kany N&rsquo;KOUKA et Yaphet MOUNDI. Photo C\u00e9dric Jacquot<\/p>\n<p>                    &#13;<br \/>\n                                       &#13;\n            <\/li>\n<p>&#13;<br \/>\n            &#13;<\/p>\n<li class=\"carousel-wrapper__slides--slide item\" id=\"slide-10\">&#13;<br \/>\n                                &#13;<br \/>\n                    <a class=\"chocolat-image GA-tracking\" data-ga_type=\"click\" data-ga_category=\"D\u00e9tail\" data-ga_action=\"zoomer\" data-ga_label=\"aggrandir image\" href=\"https:\/\/cdn-s-www.estrepublicain.fr\/images\/8BD93E8D-8498-4527-BF17-A3BCF1EAF73F\/NW_raw\/les-joueurs-du-sluc-nancy-retrouvent-le-parquet-du-palais-des-sports-jean-weille-a-gentilly-pour-leur-premier-entrainement-marquant-le-coup-d-envoi-de-leur-preparation-pour-la-saison-2026-2027-axel-villain-espoir-photo-cedric-jacquot-1786977585.jpg\" title=\"Les joueurs du SLUC Nancy retrouvent le parquet du palais des sports Jean-Weille \u00e0 Gentilly pour leur premier entra\u00eenement, marquant le coup d&#039;envoi de leur pr\u00e9paration pour la saison 2026-2027. Axel VILLAIN, espoir. Photo C\u00e9dric Jacquot\" rel=\"nofollow noopener\" target=\"_blank\">&#13;<br \/>\n                        <img decoding=\"async\" src=\"https:\/\/www.europesays.com\/fr\/wp-content\/uploads\/2026\/08\/1787109492_982_les-joueurs-du-sluc-nancy-retrouvent-le-parquet-du-palais-des-sports-jean-weille-a-gentilly-pour-leu.jpeg\"   alt=\"Les joueurs du SLUC Nancy retrouvent le parquet du palais des sports Jean-Weille \u00e0 Gentilly pour leur premier entra\u00eenement, marquant le coup d'envoi de leur pr\u00e9paration pour la saison 2026-2027. Axel VILLAIN, espoir. Photo C\u00e9dric Jacquot\" loading=\"lazy\" fetchpriority=\"low\" data-mobile=\"NW_detail_M|1786977585\" data-base=\"NW_detail|1786977585\"\/>&#13;<br \/>\n                    <\/a>&#13;<\/p>\n<p>Les joueurs du SLUC Nancy retrouvent le parquet du palais des sports Jean-Weille \u00e0 Gentilly pour leur premier entra\u00eenement, marquant le coup d&rsquo;envoi de leur pr\u00e9paration pour la saison 2026-2027. Axel VILLAIN, espoir. Photo C\u00e9dric Jacquot<\/p>\n<p>                    &#13;<br \/>\n                                       &#13;\n            <\/li>\n<p>&#13;<br \/>\n            &#13;<\/p>\n<li class=\"carousel-wrapper__slides--slide item\" id=\"slide-11\">&#13;<br \/>\n                                &#13;<br \/>\n                    <a class=\"chocolat-image GA-tracking\" data-ga_type=\"click\" data-ga_category=\"D\u00e9tail\" data-ga_action=\"zoomer\" data-ga_label=\"aggrandir image\" href=\"https:\/\/cdn-s-www.estrepublicain.fr\/images\/156FBA89-653A-43F2-90F8-0840BD1DD1EB\/NW_raw\/sylvain-lautie-entraineur-photo-cedric-jacquot-1786977585.jpg\" title=\"Sylvain Lauti\u00e9, entra\u00eeneur. Photo C\u00e9dric Jacquot\" rel=\"nofollow noopener\" target=\"_blank\">&#13;<br \/>\n                        <img decoding=\"async\" src=\"https:\/\/www.europesays.com\/fr\/wp-content\/uploads\/2026\/08\/sylvain-lautie-entraineur-photo-cedric-jacquot-1786977585.jpg\"   alt=\"Sylvain Lauti\u00e9, entra\u00eeneur. Photo C\u00e9dric Jacquot\" loading=\"lazy\" fetchpriority=\"low\" data-mobile=\"NW_detail_M|1786977585\" data-base=\"NW_detail|1786977585\"\/>&#13;<br \/>\n                    <\/a>&#13;<\/p>\n<p>Sylvain Lauti\u00e9, entra\u00eeneur. Photo C\u00e9dric Jacquot<\/p>\n<p>                    &#13;<br \/>\n                                       &#13;\n            <\/li>\n<p>&#13;<br \/>\n            &#13;<\/p>\n<li class=\"carousel-wrapper__slides--slide item slideWithPub\" id=\"slide-12\">&#13;<br \/>\n                        &#13;<br \/>\n                            <a class=\"chocolat-image\" title=\"Publicit\u00e9\" href=\"data:image\/gif;base64,R0lGODlhAQABAAD\/ACwAAAAAAQABAAACADs=\">&#13;<br \/>\n                                <img decoding=\"async\" src=\"data:image\/gif;base64,R0lGODlhAQABAAD\/ACwAAAAAAQABAAACADs=\" alt=\"Publicit\u00e9\" loading=\"lazy\" fetchpriority=\"low\"\/>&#13;<br \/>\n                            <\/a>&#13;<br \/>\n                        &#13;\n                    <\/li>\n<p>&#13;<\/p>\n<li class=\"carousel-wrapper__slides--slide item\" id=\"slide-13\">&#13;<br \/>\n                                &#13;<br \/>\n                    <a class=\"chocolat-image GA-tracking\" data-ga_type=\"click\" data-ga_category=\"D\u00e9tail\" data-ga_action=\"zoomer\" data-ga_label=\"aggrandir image\" href=\"https:\/\/cdn-s-www.estrepublicain.fr\/images\/69B9607B-576B-4200-9169-2DCF67063F11\/NW_raw\/les-joueurs-du-sluc-nancy-retrouvent-le-parquet-du-palais-des-sports-jean-weille-a-gentilly-pour-leur-premier-entrainement-marquant-le-coup-d-envoi-de-leur-preparation-pour-la-saison-2026-2027-carlos-marshall-nouveau-joueur-photo-cedric-jacquot-1786984890.jpg\" title=\"Les joueurs du SLUC Nancy retrouvent le parquet du palais des sports Jean-Weille \u00e0 Gentilly pour leur premier entra\u00eenement, marquant le coup d&#039;envoi de leur pr\u00e9paration pour la saison 2026-2027. Carlos MARSHALL, nouveau joueur. Photo C\u00e9dric Jacquot\" rel=\"nofollow noopener\" target=\"_blank\">&#13;<br \/>\n                        <img decoding=\"async\" src=\"https:\/\/www.europesays.com\/fr\/wp-content\/uploads\/2026\/08\/1787109494_586_les-joueurs-du-sluc-nancy-retrouvent-le-parquet-du-palais-des-sports-jean-weille-a-gentilly-pour-leu.jpeg\"   alt=\"Les joueurs du SLUC Nancy retrouvent le parquet du palais des sports Jean-Weille \u00e0 Gentilly pour leur premier entra\u00eenement, marquant le coup d'envoi de leur pr\u00e9paration pour la saison 2026-2027. Carlos MARSHALL, nouveau joueur. Photo C\u00e9dric Jacquot\" loading=\"lazy\" fetchpriority=\"low\" data-mobile=\"NW_detail_M|1786984890\" data-base=\"NW_detail|1786984890\"\/>&#13;<br \/>\n                    <\/a>&#13;<\/p>\n<p>Les joueurs du SLUC Nancy retrouvent le parquet du palais des sports Jean-Weille \u00e0 Gentilly pour leur premier entra\u00eenement, marquant le coup d&rsquo;envoi de leur pr\u00e9paration pour la saison 2026-2027. Carlos MARSHALL, nouveau joueur. Photo C\u00e9dric Jacquot<\/p>\n<p>                    &#13;<br \/>\n                                       &#13;\n            <\/li>\n<p>&#13;<br \/>\n            &#13;<\/p>\n<li class=\"carousel-wrapper__slides--slide item\" id=\"slide-14\">&#13;<br \/>\n                                &#13;<br \/>\n                    <a class=\"chocolat-image GA-tracking\" data-ga_type=\"click\" data-ga_category=\"D\u00e9tail\" data-ga_action=\"zoomer\" data-ga_label=\"aggrandir image\" href=\"https:\/\/cdn-s-www.estrepublicain.fr\/images\/4ABCA938-C0BF-4365-A79D-2DDF848D5E11\/NW_raw\/les-joueurs-du-sluc-nancy-retrouvent-le-parquet-du-palais-des-sports-jean-weille-a-gentilly-pour-leur-premier-entrainement-marquant-le-coup-d-envoi-de-leur-preparation-pour-la-saison-2026-2027-mickael-weathers-nouveau-joueur-photo-cedric-jacquot-1786977585.jpg\" title=\"Les joueurs du SLUC Nancy retrouvent le parquet du palais des sports Jean-Weille \u00e0 Gentilly pour leur premier entra\u00eenement, marquant le coup d&#039;envoi de leur pr\u00e9paration pour la saison 2026-2027. Mickael WEATHERS, nouveau joueur. Photo C\u00e9dric Jacquot\" rel=\"nofollow noopener\" target=\"_blank\">&#13;<br \/>\n                        <img decoding=\"async\" src=\"https:\/\/www.europesays.com\/fr\/wp-content\/uploads\/2026\/08\/1787109495_622_les-joueurs-du-sluc-nancy-retrouvent-le-parquet-du-palais-des-sports-jean-weille-a-gentilly-pour-leu.jpeg\"   alt=\"Les joueurs du SLUC Nancy retrouvent le parquet du palais des sports Jean-Weille \u00e0 Gentilly pour leur premier entra\u00eenement, marquant le coup d'envoi de leur pr\u00e9paration pour la saison 2026-2027. Mickael WEATHERS, nouveau joueur. Photo C\u00e9dric Jacquot\" loading=\"lazy\" fetchpriority=\"low\" data-mobile=\"NW_detail_M|1786977585\" data-base=\"NW_detail|1786977585\"\/>&#13;<br \/>\n                    <\/a>&#13;<\/p>\n<p>Les joueurs du SLUC Nancy retrouvent le parquet du palais des sports Jean-Weille \u00e0 Gentilly pour leur premier entra\u00eenement, marquant le coup d&rsquo;envoi de leur pr\u00e9paration pour la saison 2026-2027. Mickael WEATHERS, nouveau joueur. Photo C\u00e9dric Jacquot<\/p>\n<p>                    &#13;<br \/>\n                                       &#13;\n            <\/li>\n<p>&#13;<br \/>\n            &#13;<\/p>\n<li class=\"carousel-wrapper__slides--slide item\" id=\"slide-15\">&#13;<br \/>\n                                &#13;<br \/>\n                    <a class=\"chocolat-image GA-tracking\" data-ga_type=\"click\" data-ga_category=\"D\u00e9tail\" data-ga_action=\"zoomer\" data-ga_label=\"aggrandir image\" href=\"https:\/\/cdn-s-www.estrepublicain.fr\/images\/7A9129B6-75C2-49AC-816C-CF7D8B02D6C5\/NW_raw\/les-joueurs-du-sluc-nancy-retrouvent-le-parquet-du-palais-des-sports-jean-weille-a-gentilly-pour-leur-premier-entrainement-marquant-le-coup-d-envoi-de-leur-preparation-pour-la-saison-2026-2027-stephane-gombauld-photo-cedric-jacquot-1786977585.jpg\" title=\"Les joueurs du SLUC Nancy retrouvent le parquet du palais des sports Jean-Weille \u00e0 Gentilly pour leur premier entra\u00eenement, marquant le coup d&#039;envoi de leur pr\u00e9paration pour la saison 2026-2027. St\u00e9phane GOMBAULD. Photo C\u00e9dric Jacquot\" rel=\"nofollow noopener\" target=\"_blank\">&#13;<br \/>\n                        <img decoding=\"async\" src=\"https:\/\/www.europesays.com\/fr\/wp-content\/uploads\/2026\/08\/1787109496_717_les-joueurs-du-sluc-nancy-retrouvent-le-parquet-du-palais-des-sports-jean-weille-a-gentilly-pour-leu.jpeg\"   alt=\"Les joueurs du SLUC Nancy retrouvent le parquet du palais des sports Jean-Weille \u00e0 Gentilly pour leur premier entra\u00eenement, marquant le coup d'envoi de leur pr\u00e9paration pour la saison 2026-2027. St\u00e9phane GOMBAULD. Photo C\u00e9dric Jacquot\" loading=\"lazy\" fetchpriority=\"low\" data-mobile=\"NW_detail_M|1786977585\" data-base=\"NW_detail|1786977585\"\/>&#13;<br \/>\n                    <\/a>&#13;<\/p>\n<p>Les joueurs du SLUC Nancy retrouvent le parquet du palais des sports Jean-Weille \u00e0 Gentilly pour leur premier entra\u00eenement, marquant le coup d&rsquo;envoi de leur pr\u00e9paration pour la saison 2026-2027. St\u00e9phane GOMBAULD. Photo C\u00e9dric Jacquot<\/p>\n<p>                    &#13;<br \/>\n                                       &#13;\n            <\/li>\n<p>&#13;<br \/>\n            &#13;<\/p>\n<li class=\"carousel-wrapper__slides--slide item\" id=\"slide-16\">&#13;<br \/>\n                                &#13;<br \/>\n                    <a class=\"chocolat-image GA-tracking\" data-ga_type=\"click\" data-ga_category=\"D\u00e9tail\" data-ga_action=\"zoomer\" data-ga_label=\"aggrandir image\" href=\"https:\/\/cdn-s-www.estrepublicain.fr\/images\/E84EE3BD-F097-458C-B7CD-ABDE6FF26F39\/NW_raw\/quentin-boullet-entraineur-adjoint-photo-cedric-jacquot-1786977585.jpg\" title=\"Quentin BOULLET, entra\u00eeneur adjoint. Photo C\u00e9dric Jacquot\" rel=\"nofollow noopener\" target=\"_blank\">&#13;<br \/>\n                        <img decoding=\"async\" src=\"https:\/\/www.europesays.com\/fr\/wp-content\/uploads\/2026\/08\/quentin-boullet-entraineur-adjoint-photo-cedric-jacquot-1786977585.jpg\"   alt=\"Quentin BOULLET, entra\u00eeneur adjoint. Photo C\u00e9dric Jacquot\" loading=\"lazy\" fetchpriority=\"low\" data-mobile=\"NW_detail_M|1786977585\" data-base=\"NW_detail|1786977585\"\/>&#13;<br \/>\n                    <\/a>&#13;<\/p>\n<p>Quentin BOULLET, entra\u00eeneur adjoint. Photo C\u00e9dric Jacquot<\/p>\n<p>                    &#13;<br \/>\n                                       &#13;\n            <\/li>\n<p>&#13;<br \/>\n            &#13;<\/p>\n<li class=\"carousel-wrapper__slides--slide item slideWithPub\" id=\"slide-17\">&#13;<br \/>\n                        &#13;<br \/>\n                            <a class=\"chocolat-image\" title=\"Publicit\u00e9\" href=\"data:image\/gif;base64,R0lGODlhAQABAAD\/ACwAAAAAAQABAAACADs=\">&#13;<br \/>\n                                <img decoding=\"async\" src=\"data:image\/gif;base64,R0lGODlhAQABAAD\/ACwAAAAAAQABAAACADs=\" alt=\"Publicit\u00e9\" loading=\"lazy\" fetchpriority=\"low\"\/>&#13;<br \/>\n                            <\/a>&#13;<br \/>\n                        &#13;\n                    <\/li>\n<p>&#13;<\/p>\n<li class=\"carousel-wrapper__slides--slide item\" id=\"slide-18\">&#13;<br \/>\n                                &#13;<br \/>\n                    <a class=\"chocolat-image GA-tracking\" data-ga_type=\"click\" data-ga_category=\"D\u00e9tail\" data-ga_action=\"zoomer\" data-ga_label=\"aggrandir image\" href=\"https:\/\/cdn-s-www.estrepublicain.fr\/images\/38DF7630-44B6-4D04-87DE-FE1C8C537C29\/NW_raw\/les-joueurs-du-sluc-nancy-retrouvent-le-parquet-du-palais-des-sports-jean-weille-a-gentilly-pour-leur-premier-entrainement-marquant-le-coup-d-envoi-de-leur-preparation-pour-la-saison-2026-2027-mickael-weathers-nouveau-joueur-photo-cedric-jacquot-1786977585.jpg\" title=\"Les joueurs du SLUC Nancy retrouvent le parquet du palais des sports Jean-Weille \u00e0 Gentilly pour leur premier entra\u00eenement, marquant le coup d&#039;envoi de leur pr\u00e9paration pour la saison 2026-2027. Mickael WEATHERS, nouveau joueur. Photo C\u00e9dric Jacquot\" rel=\"nofollow noopener\" target=\"_blank\">&#13;<br \/>\n                        <img decoding=\"async\" src=\"https:\/\/www.europesays.com\/fr\/wp-content\/uploads\/2026\/08\/1787109500_178_les-joueurs-du-sluc-nancy-retrouvent-le-parquet-du-palais-des-sports-jean-weille-a-gentilly-pour-leu.jpeg\"   alt=\"Les joueurs du SLUC Nancy retrouvent le parquet du palais des sports Jean-Weille \u00e0 Gentilly pour leur premier entra\u00eenement, marquant le coup d'envoi de leur pr\u00e9paration pour la saison 2026-2027. Mickael WEATHERS, nouveau joueur. Photo C\u00e9dric Jacquot\" loading=\"lazy\" fetchpriority=\"low\" data-mobile=\"NW_detail_M|1786977585\" data-base=\"NW_detail|1786977585\"\/>&#13;<br \/>\n                    <\/a>&#13;<\/p>\n<p>Les joueurs du SLUC Nancy retrouvent le parquet du palais des sports Jean-Weille \u00e0 Gentilly pour leur premier entra\u00eenement, marquant le coup d&rsquo;envoi de leur pr\u00e9paration pour la saison 2026-2027. Mickael WEATHERS, nouveau joueur. Photo C\u00e9dric Jacquot<\/p>\n<p>                    &#13;<br \/>\n                                       &#13;\n            <\/li>\n<p>&#13;<br \/>\n            &#13;<\/p>\n<li class=\"carousel-wrapper__slides--slide item\" id=\"slide-19\">&#13;<br \/>\n                                &#13;<br \/>\n                    <a class=\"chocolat-image GA-tracking\" data-ga_type=\"click\" data-ga_category=\"D\u00e9tail\" data-ga_action=\"zoomer\" data-ga_label=\"aggrandir image\" href=\"https:\/\/cdn-s-www.estrepublicain.fr\/images\/8F029F6C-A15D-42E7-8381-20053601924C\/NW_raw\/les-joueurs-du-sluc-nancy-retrouvent-le-parquet-du-palais-des-sports-jean-weille-a-gentilly-pour-leur-premier-entrainement-marquant-le-coup-d-envoi-de-leur-preparation-pour-la-saison-2026-2027-brice-eyaga-(nouveau-joueur)-et-axel-villain-(espoir)-photo-cedric-jacquot-1786977585.jpg\" title=\"Les joueurs du SLUC Nancy retrouvent le parquet du palais des sports Jean-Weille \u00e0 Gentilly pour leur premier entra\u00eenement, marquant le coup d&#039;envoi de leur pr\u00e9paration pour la saison 2026-2027. Brice EYAGA (nouveau joueur) et Axel VILLAIN (espoir). Photo C\u00e9dric Jacquot\" rel=\"nofollow noopener\" target=\"_blank\">&#13;<br \/>\n                        <img decoding=\"async\" src=\"https:\/\/www.europesays.com\/fr\/wp-content\/uploads\/2026\/08\/1787109501_874_les-joueurs-du-sluc-nancy-retrouvent-le-parquet-du-palais-des-sports-jean-weille-a-gentilly-pour-leu.jpeg\"   alt=\"Les joueurs du SLUC Nancy retrouvent le parquet du palais des sports Jean-Weille \u00e0 Gentilly pour leur premier entra\u00eenement, marquant le coup d'envoi de leur pr\u00e9paration pour la saison 2026-2027. Brice EYAGA (nouveau joueur) et Axel VILLAIN (espoir). Photo C\u00e9dric Jacquot\" loading=\"lazy\" fetchpriority=\"low\" data-mobile=\"NW_detail_M|1786977585\" data-base=\"NW_detail|1786977585\"\/>&#13;<br \/>\n                    <\/a>&#13;<\/p>\n<p>Les joueurs du SLUC Nancy retrouvent le parquet du palais des sports Jean-Weille \u00e0 Gentilly pour leur premier entra\u00eenement, marquant le coup d&rsquo;envoi de leur pr\u00e9paration pour la saison 2026-2027. Brice EYAGA (nouveau joueur) et Axel VILLAIN (espoir). Photo C\u00e9dric Jacquot<\/p>\n<p>                    &#13;<br \/>\n                                       &#13;\n            <\/li>\n<p>&#13;<br \/>\n            &#13;<\/p>\n<li class=\"carousel-wrapper__slides--slide item\" id=\"slide-20\">&#13;<br \/>\n                                &#13;<br \/>\n                    <a class=\"chocolat-image GA-tracking\" data-ga_type=\"click\" data-ga_category=\"D\u00e9tail\" data-ga_action=\"zoomer\" data-ga_label=\"aggrandir image\" href=\"https:\/\/cdn-s-www.estrepublicain.fr\/images\/4452A716-D099-454F-8440-AE84A0F6B1B5\/NW_raw\/les-joueurs-du-sluc-nancy-retrouvent-le-parquet-du-palais-des-sports-jean-weille-a-gentilly-pour-leur-premier-entrainement-marquant-le-coup-d-envoi-de-leur-preparation-pour-la-saison-2026-2027-brice-eyaga-nouveau-joueur-photo-cedric-jacquot-1786977585.jpg\" title=\"Les joueurs du SLUC Nancy retrouvent le parquet du palais des sports Jean-Weille \u00e0 Gentilly pour leur premier entra\u00eenement, marquant le coup d&#039;envoi de leur pr\u00e9paration pour la saison 2026-2027. Brice EYAGA, nouveau joueur. Photo C\u00e9dric Jacquot\" rel=\"nofollow noopener\" target=\"_blank\">&#13;<br \/>\n                        <img decoding=\"async\" src=\"https:\/\/www.europesays.com\/fr\/wp-content\/uploads\/2026\/08\/1787109503_964_les-joueurs-du-sluc-nancy-retrouvent-le-parquet-du-palais-des-sports-jean-weille-a-gentilly-pour-leu.jpeg\"   alt=\"Les joueurs du SLUC Nancy retrouvent le parquet du palais des sports Jean-Weille \u00e0 Gentilly pour leur premier entra\u00eenement, marquant le coup d'envoi de leur pr\u00e9paration pour la saison 2026-2027. Brice EYAGA, nouveau joueur. Photo C\u00e9dric Jacquot\" loading=\"lazy\" fetchpriority=\"low\" data-mobile=\"NW_detail_M|1786977585\" data-base=\"NW_detail|1786977585\"\/>&#13;<br \/>\n                    <\/a>&#13;<\/p>\n<p>Les joueurs du SLUC Nancy retrouvent le parquet du palais des sports Jean-Weille \u00e0 Gentilly pour leur premier entra\u00eenement, marquant le coup d&rsquo;envoi de leur pr\u00e9paration pour la saison 2026-2027. Brice EYAGA, nouveau joueur. Photo C\u00e9dric Jacquot<\/p>\n<p>                    &#13;<br \/>\n                                       &#13;\n            <\/li>\n<p>&#13;<br \/>\n            &#13;<\/p>\n<li class=\"carousel-wrapper__slides--slide item\" id=\"slide-21\">&#13;<br \/>\n                                &#13;<br \/>\n                    <a class=\"chocolat-image GA-tracking\" data-ga_type=\"click\" data-ga_category=\"D\u00e9tail\" data-ga_action=\"zoomer\" data-ga_label=\"aggrandir image\" href=\"https:\/\/cdn-s-www.estrepublicain.fr\/images\/FE60BF71-4814-44F3-A594-E703792E05F7\/NW_raw\/sylvain-lautie-en-compagnie-de-ses-deux-adjoints-jessy-valet-et-quentin-boullet-photo-cedric-jacquot-1786977585.jpg\" title=\"Sylvain Lauti\u00e9 en compagnie de ses deux adjoints, Jessy VALET et Quentin BOULLET. Photo C\u00e9dric Jacquot\" rel=\"nofollow noopener\" target=\"_blank\">&#13;<br \/>\n                        <img decoding=\"async\" src=\"https:\/\/www.europesays.com\/fr\/wp-content\/uploads\/2026\/08\/sylvain-lautie-en-compagnie-de-ses-deux-adjoints-jessy-valet-et-quentin-boullet-photo-cedric-jacquot.jpeg\"   alt=\"Sylvain Lauti\u00e9 en compagnie de ses deux adjoints, Jessy VALET et Quentin BOULLET. Photo C\u00e9dric Jacquot\" loading=\"lazy\" fetchpriority=\"low\" data-mobile=\"NW_detail_M|1786977585\" data-base=\"NW_detail|1786977585\"\/>&#13;<br \/>\n                    <\/a>&#13;<\/p>\n<p>Sylvain Lauti\u00e9 en compagnie de ses deux adjoints, Jessy VALET et Quentin BOULLET. Photo C\u00e9dric Jacquot<\/p>\n<p>                    &#13;<br \/>\n                                       &#13;\n            <\/li>\n<p>&#13;<br \/>\n            &#13;<\/p>\n<li class=\"carousel-wrapper__slides--slide item slideWithPub\" id=\"slide-22\">&#13;<br \/>\n                        &#13;<br \/>\n                            <a class=\"chocolat-image\" title=\"Publicit\u00e9\" href=\"data:image\/gif;base64,R0lGODlhAQABAAD\/ACwAAAAAAQABAAACADs=\">&#13;<br \/>\n                                <img decoding=\"async\" src=\"data:image\/gif;base64,R0lGODlhAQABAAD\/ACwAAAAAAQABAAACADs=\" alt=\"Publicit\u00e9\" loading=\"lazy\" fetchpriority=\"low\"\/>&#13;<br \/>\n                            <\/a>&#13;<br \/>\n                        &#13;\n                    <\/li>\n<p>&#13;<\/p>\n<li class=\"carousel-wrapper__slides--slide item\" id=\"slide-23\">&#13;<br \/>\n                                &#13;<br \/>\n                    <a class=\"chocolat-image GA-tracking\" data-ga_type=\"click\" data-ga_category=\"D\u00e9tail\" data-ga_action=\"zoomer\" data-ga_label=\"aggrandir image\" href=\"https:\/\/cdn-s-www.estrepublicain.fr\/images\/E879C15B-8573-4171-87EB-92E6EBB8D976\/NW_raw\/les-joueurs-du-sluc-nancy-retrouvent-le-parquet-du-palais-des-sports-jean-weille-a-gentilly-pour-leur-premier-entrainement-marquant-le-coup-d-envoi-de-leur-preparation-pour-la-saison-2026-2027-photo-cedric-jacquot-1786977585.jpg\" title=\"Les joueurs du SLUC Nancy retrouvent le parquet du palais des sports Jean-Weille \u00e0 Gentilly pour leur premier entra\u00eenement, marquant le coup d&#039;envoi de leur pr\u00e9paration pour la saison 2026-2027. Photo C\u00e9dric Jacquot\" rel=\"nofollow noopener\" target=\"_blank\">&#13;<br \/>\n                        <img decoding=\"async\" src=\"https:\/\/www.europesays.com\/fr\/wp-content\/uploads\/2026\/08\/1787109509_592_les-joueurs-du-sluc-nancy-retrouvent-le-parquet-du-palais-des-sports-jean-weille-a-gentilly-pour-leu.jpeg\"   alt=\"Les joueurs du SLUC Nancy retrouvent le parquet du palais des sports Jean-Weille \u00e0 Gentilly pour leur premier entra\u00eenement, marquant le coup d'envoi de leur pr\u00e9paration pour la saison 2026-2027. Photo C\u00e9dric Jacquot\" loading=\"lazy\" fetchpriority=\"low\" data-mobile=\"NW_detail_M|1786977585\" data-base=\"NW_detail|1786977585\"\/>&#13;<br \/>\n                    <\/a>&#13;<\/p>\n<p>Les joueurs du SLUC Nancy retrouvent le parquet du palais des sports Jean-Weille \u00e0 Gentilly pour leur premier entra\u00eenement, marquant le coup d&rsquo;envoi de leur pr\u00e9paration pour la saison 2026-2027. Photo C\u00e9dric Jacquot<\/p>\n<p>                    &#13;<br \/>\n                                       &#13;\n            <\/li>\n<p>&#13;<br \/>\n            &#13;<\/p>\n<li class=\"carousel-wrapper__slides--slide item\" id=\"slide-24\">&#13;<br \/>\n                                &#13;<br \/>\n                    <a class=\"chocolat-image GA-tracking\" data-ga_type=\"click\" data-ga_category=\"D\u00e9tail\" data-ga_action=\"zoomer\" data-ga_label=\"aggrandir image\" href=\"https:\/\/cdn-s-www.estrepublicain.fr\/images\/1E9B6991-F1A0-4A1A-8256-472BE058CA9A\/NW_raw\/les-joueurs-du-sluc-nancy-retrouvent-le-parquet-du-palais-des-sports-jean-weille-a-gentilly-pour-leur-premier-entrainement-marquant-le-coup-d-envoi-de-leur-preparation-pour-la-saison-2026-2027-yaphet-moundi-nouveau-joueur-photo-cedric-jacquot-1786977585.jpg\" title=\"Les joueurs du SLUC Nancy retrouvent le parquet du palais des sports Jean-Weille \u00e0 Gentilly pour leur premier entra\u00eenement, marquant le coup d&#039;envoi de leur pr\u00e9paration pour la saison 2026-2027. Yaphet MOUNDI, nouveau joueur. Photo C\u00e9dric Jacquot\" rel=\"nofollow noopener\" target=\"_blank\">&#13;<br \/>\n                        <img decoding=\"async\" src=\"https:\/\/www.europesays.com\/fr\/wp-content\/uploads\/2026\/08\/1787109510_347_les-joueurs-du-sluc-nancy-retrouvent-le-parquet-du-palais-des-sports-jean-weille-a-gentilly-pour-leu.jpeg\"   alt=\"Les joueurs du SLUC Nancy retrouvent le parquet du palais des sports Jean-Weille \u00e0 Gentilly pour leur premier entra\u00eenement, marquant le coup d'envoi de leur pr\u00e9paration pour la saison 2026-2027. Yaphet MOUNDI, nouveau joueur. Photo C\u00e9dric Jacquot\" loading=\"lazy\" fetchpriority=\"low\" data-mobile=\"NW_detail_M|1786977585\" data-base=\"NW_detail|1786977585\"\/>&#13;<br \/>\n                    <\/a>&#13;<\/p>\n<p>Les joueurs du SLUC Nancy retrouvent le parquet du palais des sports Jean-Weille \u00e0 Gentilly pour leur premier entra\u00eenement, marquant le coup d&rsquo;envoi de leur pr\u00e9paration pour la saison 2026-2027. Yaphet MOUNDI, nouveau joueur. Photo C\u00e9dric Jacquot<\/p>\n<p>                    &#13;<br \/>\n                                       &#13;\n            <\/li>\n<p>&#13;<br \/>\n            &#13;<\/p>\n<li class=\"carousel-wrapper__slides--slide item\" id=\"slide-25\">&#13;<br \/>\n                                &#13;<br \/>\n                    <a class=\"chocolat-image GA-tracking\" data-ga_type=\"click\" data-ga_category=\"D\u00e9tail\" data-ga_action=\"zoomer\" data-ga_label=\"aggrandir image\" href=\"https:\/\/cdn-s-www.estrepublicain.fr\/images\/BD416D9F-5642-419F-B5BE-2833D24D73E4\/NW_raw\/les-joueurs-du-sluc-nancy-retrouvent-le-parquet-du-palais-des-sports-jean-weille-a-gentilly-pour-leur-premier-entrainement-marquant-le-coup-d-envoi-de-leur-preparation-pour-la-saison-2026-2027-photo-cedric-jacquot-1786977585.jpg\" title=\"Les joueurs du SLUC Nancy retrouvent le parquet du palais des sports Jean-Weille \u00e0 Gentilly pour leur premier entra\u00eenement, marquant le coup d&#039;envoi de leur pr\u00e9paration pour la saison 2026-2027. Photo C\u00e9dric Jacquot\" rel=\"nofollow noopener\" target=\"_blank\">&#13;<br \/>\n                        <img decoding=\"async\" src=\"https:\/\/www.europesays.com\/fr\/wp-content\/uploads\/2026\/08\/1787109511_870_les-joueurs-du-sluc-nancy-retrouvent-le-parquet-du-palais-des-sports-jean-weille-a-gentilly-pour-leu.jpeg\"   alt=\"Les joueurs du SLUC Nancy retrouvent le parquet du palais des sports Jean-Weille \u00e0 Gentilly pour leur premier entra\u00eenement, marquant le coup d'envoi de leur pr\u00e9paration pour la saison 2026-2027. Photo C\u00e9dric Jacquot\" loading=\"lazy\" fetchpriority=\"low\" data-mobile=\"NW_detail_M|1786977585\" data-base=\"NW_detail|1786977585\"\/>&#13;<br \/>\n                    <\/a>&#13;<\/p>\n<p>Les joueurs du SLUC Nancy retrouvent le parquet du palais des sports Jean-Weille \u00e0 Gentilly pour leur premier entra\u00eenement, marquant le coup d&rsquo;envoi de leur pr\u00e9paration pour la saison 2026-2027. Photo C\u00e9dric Jacquot<\/p>\n<p>                    &#13;<br \/>\n                                       &#13;\n            <\/li>\n<p>&#13;<br \/>\n            &#13;<\/p>\n<li class=\"carousel-wrapper__slides--slide item\" id=\"slide-26\">&#13;<br \/>\n                                &#13;<br \/>\n                    <a class=\"chocolat-image GA-tracking\" data-ga_type=\"click\" data-ga_category=\"D\u00e9tail\" data-ga_action=\"zoomer\" data-ga_label=\"aggrandir image\" href=\"https:\/\/cdn-s-www.estrepublicain.fr\/images\/DAAF683A-19A3-4203-890E-F5ED5D75BD2C\/NW_raw\/les-joueurs-du-sluc-nancy-retrouvent-le-parquet-du-palais-des-sports-jean-weille-a-gentilly-pour-leur-premier-entrainement-marquant-le-coup-d-envoi-de-leur-preparation-pour-la-saison-2026-2027-mickael-weathers-nouveau-joueur-photo-cedric-jacquot-1786977585.jpg\" title=\"Les joueurs du SLUC Nancy retrouvent le parquet du palais des sports Jean-Weille \u00e0 Gentilly pour leur premier entra\u00eenement, marquant le coup d&#039;envoi de leur pr\u00e9paration pour la saison 2026-2027. Mickael WEATHERS, nouveau joueur. Photo C\u00e9dric Jacquot\" rel=\"nofollow noopener\" target=\"_blank\">&#13;<br \/>\n                        <img decoding=\"async\" src=\"https:\/\/www.europesays.com\/fr\/wp-content\/uploads\/2026\/08\/1787109513_501_les-joueurs-du-sluc-nancy-retrouvent-le-parquet-du-palais-des-sports-jean-weille-a-gentilly-pour-leu.jpeg\"   alt=\"Les joueurs du SLUC Nancy retrouvent le parquet du palais des sports Jean-Weille \u00e0 Gentilly pour leur premier entra\u00eenement, marquant le coup d'envoi de leur pr\u00e9paration pour la saison 2026-2027. Mickael WEATHERS, nouveau joueur. Photo C\u00e9dric Jacquot\" loading=\"lazy\" fetchpriority=\"low\" data-mobile=\"NW_detail_M|1786977585\" data-base=\"NW_detail|1786977585\"\/>&#13;<br \/>\n                    <\/a>&#13;<\/p>\n<p>Les joueurs du SLUC Nancy retrouvent le parquet du palais des sports Jean-Weille \u00e0 Gentilly pour leur premier entra\u00eenement, marquant le coup d&rsquo;envoi de leur pr\u00e9paration pour la saison 2026-2027. Mickael WEATHERS, nouveau joueur. Photo C\u00e9dric Jacquot<\/p>\n<p>                    &#13;<br \/>\n                                       &#13;\n            <\/li>\n<p>&#13;<br \/>\n            &#13;<\/p>\n<li class=\"carousel-wrapper__slides--slide item slideWithPub\" id=\"slide-27\">&#13;<br \/>\n                        &#13;<br \/>\n                            <a class=\"chocolat-image\" title=\"Publicit\u00e9\" href=\"data:image\/gif;base64,R0lGODlhAQABAAD\/ACwAAAAAAQABAAACADs=\">&#13;<br \/>\n                                <img decoding=\"async\" src=\"data:image\/gif;base64,R0lGODlhAQABAAD\/ACwAAAAAAQABAAACADs=\" alt=\"Publicit\u00e9\" loading=\"lazy\" fetchpriority=\"low\"\/>&#13;<br \/>\n                            <\/a>&#13;<br \/>\n                        &#13;\n                    <\/li>\n<p>&#13;<\/p>\n<li class=\"carousel-wrapper__slides--slide item\" id=\"slide-28\">&#13;<br \/>\n                                &#13;<br \/>\n                    <a class=\"chocolat-image GA-tracking\" data-ga_type=\"click\" data-ga_category=\"D\u00e9tail\" data-ga_action=\"zoomer\" data-ga_label=\"aggrandir image\" href=\"https:\/\/cdn-s-www.estrepublicain.fr\/images\/1C1F24D1-3776-4E66-B1C7-C0ADABEF8AD9\/NW_raw\/les-joueurs-du-sluc-nancy-retrouvent-le-parquet-du-palais-des-sports-jean-weille-a-gentilly-pour-leur-premier-entrainement-marquant-le-coup-d-envoi-de-leur-preparation-pour-la-saison-2026-2027-erwan-ntsontso-espoir-photo-cedric-jacquot-1786977585.jpg\" title=\"Les joueurs du SLUC Nancy retrouvent le parquet du palais des sports Jean-Weille \u00e0 Gentilly pour leur premier entra\u00eenement, marquant le coup d&#039;envoi de leur pr\u00e9paration pour la saison 2026-2027. Erwan NTSONTSO, espoir. Photo C\u00e9dric Jacquot\" rel=\"nofollow noopener\" target=\"_blank\">&#13;<br \/>\n                        <img decoding=\"async\" src=\"https:\/\/www.europesays.com\/fr\/wp-content\/uploads\/2026\/08\/1787109514_32_les-joueurs-du-sluc-nancy-retrouvent-le-parquet-du-palais-des-sports-jean-weille-a-gentilly-pour-leu.jpeg\"   alt=\"Les joueurs du SLUC Nancy retrouvent le parquet du palais des sports Jean-Weille \u00e0 Gentilly pour leur premier entra\u00eenement, marquant le coup d'envoi de leur pr\u00e9paration pour la saison 2026-2027. Erwan NTSONTSO, espoir. Photo C\u00e9dric Jacquot\" loading=\"lazy\" fetchpriority=\"low\" data-mobile=\"NW_detail_M|1786977585\" data-base=\"NW_detail|1786977585\"\/>&#13;<br \/>\n                    <\/a>&#13;<\/p>\n<p>Les joueurs du SLUC Nancy retrouvent le parquet du palais des sports Jean-Weille \u00e0 Gentilly pour leur premier entra\u00eenement, marquant le coup d&rsquo;envoi de leur pr\u00e9paration pour la saison 2026-2027. Erwan NTSONTSO, espoir. Photo C\u00e9dric Jacquot<\/p>\n<p>                    &#13;<br \/>\n                                       &#13;\n            <\/li>\n<p>&#13;<br \/>\n            &#13;<\/p>\n<li class=\"carousel-wrapper__slides--slide item\" id=\"slide-29\">&#13;<br \/>\n                                &#13;<br \/>\n                    <a class=\"chocolat-image GA-tracking\" data-ga_type=\"click\" data-ga_category=\"D\u00e9tail\" data-ga_action=\"zoomer\" data-ga_label=\"aggrandir image\" href=\"https:\/\/cdn-s-www.estrepublicain.fr\/images\/ED25EF9D-5EB1-4DE0-A63C-64EC483E08F4\/NW_raw\/les-joueurs-du-sluc-nancy-retrouvent-le-parquet-du-palais-des-sports-jean-weille-a-gentilly-pour-leur-premier-entrainement-marquant-le-coup-d-envoi-de-leur-preparation-pour-la-saison-2026-2027-mickael-weathers-nouveau-joueur-photo-cedric-jacquot-1786977585.jpg\" title=\"Les joueurs du SLUC Nancy retrouvent le parquet du palais des sports Jean-Weille \u00e0 Gentilly pour leur premier entra\u00eenement, marquant le coup d&#039;envoi de leur pr\u00e9paration pour la saison 2026-2027. Mickael WEATHERS, nouveau joueur. Photo C\u00e9dric Jacquot\" rel=\"nofollow noopener\" target=\"_blank\">&#13;<br \/>\n                        <img decoding=\"async\" src=\"https:\/\/www.europesays.com\/fr\/wp-content\/uploads\/2026\/08\/1787109516_4_les-joueurs-du-sluc-nancy-retrouvent-le-parquet-du-palais-des-sports-jean-weille-a-gentilly-pour-leu.jpeg\"   alt=\"Les joueurs du SLUC Nancy retrouvent le parquet du palais des sports Jean-Weille \u00e0 Gentilly pour leur premier entra\u00eenement, marquant le coup d'envoi de leur pr\u00e9paration pour la saison 2026-2027. Mickael WEATHERS, nouveau joueur. Photo C\u00e9dric Jacquot\" loading=\"lazy\" fetchpriority=\"low\" data-mobile=\"NW_detail_M|1786977585\" data-base=\"NW_detail|1786977585\"\/>&#13;<br \/>\n                    <\/a>&#13;<\/p>\n<p>Les joueurs du SLUC Nancy retrouvent le parquet du palais des sports Jean-Weille \u00e0 Gentilly pour leur premier entra\u00eenement, marquant le coup d&rsquo;envoi de leur pr\u00e9paration pour la saison 2026-2027. Mickael WEATHERS, nouveau joueur. Photo C\u00e9dric Jacquot<\/p>\n<p>                    &#13;<br \/>\n                                       &#13;\n            <\/li>\n<p>&#13;<br \/>\n            &#13;<\/p>\n<li class=\"carousel-wrapper__slides--slide item\" id=\"slide-30\">&#13;<br \/>\n                                &#13;<br \/>\n                    <a class=\"chocolat-image GA-tracking\" data-ga_type=\"click\" data-ga_category=\"D\u00e9tail\" data-ga_action=\"zoomer\" data-ga_label=\"aggrandir image\" href=\"https:\/\/cdn-s-www.estrepublicain.fr\/images\/863328E4-466E-4AE3-99CE-AAC6A0E966C4\/NW_raw\/les-joueurs-du-sluc-nancy-retrouvent-le-parquet-du-palais-des-sports-jean-weille-a-gentilly-pour-leur-premier-entrainement-marquant-le-coup-d-envoi-de-leur-preparation-pour-la-saison-2026-2027-brice-eyaga-nouveau-joueur-photo-cedric-jacquot-1786977585.jpg\" title=\"Les joueurs du SLUC Nancy retrouvent le parquet du palais des sports Jean-Weille \u00e0 Gentilly pour leur premier entra\u00eenement, marquant le coup d&#039;envoi de leur pr\u00e9paration pour la saison 2026-2027. Brice EYAGA, nouveau joueur. Photo C\u00e9dric Jacquot\" rel=\"nofollow noopener\" target=\"_blank\">&#13;<br \/>\n                        <img decoding=\"async\" src=\"https:\/\/www.europesays.com\/fr\/wp-content\/uploads\/2026\/08\/1787109516_558_les-joueurs-du-sluc-nancy-retrouvent-le-parquet-du-palais-des-sports-jean-weille-a-gentilly-pour-leu.jpeg\"   alt=\"Les joueurs du SLUC Nancy retrouvent le parquet du palais des sports Jean-Weille \u00e0 Gentilly pour leur premier entra\u00eenement, marquant le coup d'envoi de leur pr\u00e9paration pour la saison 2026-2027. Brice EYAGA, nouveau joueur. Photo C\u00e9dric Jacquot\" loading=\"lazy\" fetchpriority=\"low\" data-mobile=\"NW_detail_M|1786977585\" data-base=\"NW_detail|1786977585\"\/>&#13;<br \/>\n                    <\/a>&#13;<\/p>\n<p>Les joueurs du SLUC Nancy retrouvent le parquet du palais des sports Jean-Weille \u00e0 Gentilly pour leur premier entra\u00eenement, marquant le coup d&rsquo;envoi de leur pr\u00e9paration pour la saison 2026-2027. Brice EYAGA, nouveau joueur. Photo C\u00e9dric Jacquot<\/p>\n<p>                    &#13;<br \/>\n                                       &#13;\n            <\/li>\n<p>&#13;<br \/>\n            &#13;<\/p>\n<li class=\"carousel-wrapper__slides--slide item\" id=\"slide-31\">&#13;<br \/>\n                                &#13;<br \/>\n                    <a class=\"chocolat-image GA-tracking\" data-ga_type=\"click\" data-ga_category=\"D\u00e9tail\" data-ga_action=\"zoomer\" data-ga_label=\"aggrandir image\" href=\"https:\/\/cdn-s-www.estrepublicain.fr\/images\/50880CB6-56BA-4A39-85FC-E5389F16B25D\/NW_raw\/les-joueurs-du-sluc-nancy-retrouvent-le-parquet-du-palais-des-sports-jean-weille-a-gentilly-pour-leur-premier-entrainement-marquant-le-coup-d-envoi-de-leur-preparation-pour-la-saison-2026-2027-yaphet-moundi-nouveau-joueur-photo-cedric-jacquot-1786977585.jpg\" title=\"Les joueurs du SLUC Nancy retrouvent le parquet du palais des sports Jean-Weille \u00e0 Gentilly pour leur premier entra\u00eenement, marquant le coup d&#039;envoi de leur pr\u00e9paration pour la saison 2026-2027. Yaphet MOUNDI, nouveau joueur. Photo C\u00e9dric Jacquot\" rel=\"nofollow noopener\" target=\"_blank\">&#13;<br \/>\n                        <img decoding=\"async\" src=\"https:\/\/www.europesays.com\/fr\/wp-content\/uploads\/2026\/08\/1787109518_668_les-joueurs-du-sluc-nancy-retrouvent-le-parquet-du-palais-des-sports-jean-weille-a-gentilly-pour-leu.jpeg\"   alt=\"Les joueurs du SLUC Nancy retrouvent le parquet du palais des sports Jean-Weille \u00e0 Gentilly pour leur premier entra\u00eenement, marquant le coup d'envoi de leur pr\u00e9paration pour la saison 2026-2027. Yaphet MOUNDI, nouveau joueur. Photo C\u00e9dric Jacquot\" loading=\"lazy\" fetchpriority=\"low\" data-mobile=\"NW_detail_M|1786977585\" data-base=\"NW_detail|1786977585\"\/>&#13;<br \/>\n                    <\/a>&#13;<\/p>\n<p>Les joueurs du SLUC Nancy retrouvent le parquet du palais des sports Jean-Weille \u00e0 Gentilly pour leur premier entra\u00eenement, marquant le coup d&rsquo;envoi de leur pr\u00e9paration pour la saison 2026-2027. Yaphet MOUNDI, nouveau joueur. Photo C\u00e9dric Jacquot<\/p>\n<p>                    &#13;<br \/>\n                                       &#13;\n            <\/li>\n<p>&#13;<br \/>\n            &#13;<\/p>\n<li class=\"carousel-wrapper__slides--slide item slideWithPub\" id=\"slide-32\">&#13;<br \/>\n                        &#13;<br \/>\n                            <a class=\"chocolat-image\" title=\"Publicit\u00e9\" href=\"data:image\/gif;base64,R0lGODlhAQABAAD\/ACwAAAAAAQABAAACADs=\">&#13;<br \/>\n                                <img decoding=\"async\" src=\"data:image\/gif;base64,R0lGODlhAQABAAD\/ACwAAAAAAQABAAACADs=\" alt=\"Publicit\u00e9\" loading=\"lazy\" fetchpriority=\"low\"\/>&#13;<br \/>\n                            <\/a>&#13;<br \/>\n                        &#13;\n                    <\/li>\n<p>&#13;<\/p>\n<li class=\"carousel-wrapper__slides--slide item\" id=\"slide-33\">&#13;<br \/>\n                                &#13;<br \/>\n                    <a class=\"chocolat-image GA-tracking\" data-ga_type=\"click\" data-ga_category=\"D\u00e9tail\" data-ga_action=\"zoomer\" data-ga_label=\"aggrandir image\" href=\"https:\/\/cdn-s-www.estrepublicain.fr\/images\/A280E2DE-1E38-4251-811F-41B52F59E85D\/NW_raw\/les-joueurs-du-sluc-nancy-retrouvent-le-parquet-du-palais-des-sports-jean-weille-a-gentilly-pour-leur-premier-entrainement-marquant-le-coup-d-envoi-de-leur-preparation-pour-la-saison-2026-2027-mohammad-amini-photo-cedric-jacquot-1786977585.jpg\" title=\"Les joueurs du SLUC Nancy retrouvent le parquet du palais des sports Jean-Weille \u00e0 Gentilly pour leur premier entra\u00eenement, marquant le coup d&#039;envoi de leur pr\u00e9paration pour la saison 2026-2027. Mohammad AMINI. Photo C\u00e9dric Jacquot\" rel=\"nofollow noopener\" target=\"_blank\">&#13;<br \/>\n                        <img decoding=\"async\" src=\"https:\/\/www.europesays.com\/fr\/wp-content\/uploads\/2026\/08\/1787109520_622_les-joueurs-du-sluc-nancy-retrouvent-le-parquet-du-palais-des-sports-jean-weille-a-gentilly-pour-leu.jpeg\"   alt=\"Les joueurs du SLUC Nancy retrouvent le parquet du palais des sports Jean-Weille \u00e0 Gentilly pour leur premier entra\u00eenement, marquant le coup d'envoi de leur pr\u00e9paration pour la saison 2026-2027. Mohammad AMINI. Photo C\u00e9dric Jacquot\" loading=\"lazy\" fetchpriority=\"low\" data-mobile=\"NW_detail_M|1786977585\" data-base=\"NW_detail|1786977585\"\/>&#13;<br \/>\n                    <\/a>&#13;<\/p>\n<p>Les joueurs du SLUC Nancy retrouvent le parquet du palais des sports Jean-Weille \u00e0 Gentilly pour leur premier entra\u00eenement, marquant le coup d&rsquo;envoi de leur pr\u00e9paration pour la saison 2026-2027. Mohammad AMINI. Photo C\u00e9dric Jacquot<\/p>\n<p>                    &#13;<br \/>\n                                       &#13;\n            <\/li>\n<p>&#13;<br \/>\n            &#13;<\/p>\n<li class=\"carousel-wrapper__slides--slide item\" id=\"slide-34\">&#13;<br \/>\n                                &#13;<br \/>\n                    <a class=\"chocolat-image GA-tracking\" data-ga_type=\"click\" data-ga_category=\"D\u00e9tail\" data-ga_action=\"zoomer\" data-ga_label=\"aggrandir image\" href=\"https:\/\/cdn-s-www.estrepublicain.fr\/images\/B72B3E14-B13E-4563-835B-201A646CE054\/NW_raw\/les-joueurs-du-sluc-nancy-retrouvent-le-parquet-du-palais-des-sports-jean-weille-a-gentilly-pour-leur-premier-entrainement-marquant-le-coup-d-envoi-de-leur-preparation-pour-la-saison-2026-2027-yaphet-moundi-nouveau-joueur-photo-cedric-jacquot-1786977585.jpg\" title=\"Les joueurs du SLUC Nancy retrouvent le parquet du palais des sports Jean-Weille \u00e0 Gentilly pour leur premier entra\u00eenement, marquant le coup d&#039;envoi de leur pr\u00e9paration pour la saison 2026-2027. Yaphet MOUNDI, nouveau joueur. Photo C\u00e9dric Jacquot\" rel=\"nofollow noopener\" target=\"_blank\">&#13;<br \/>\n                        <img decoding=\"async\" src=\"https:\/\/www.europesays.com\/fr\/wp-content\/uploads\/2026\/08\/1787109522_532_les-joueurs-du-sluc-nancy-retrouvent-le-parquet-du-palais-des-sports-jean-weille-a-gentilly-pour-leu.jpeg\"   alt=\"Les joueurs du SLUC Nancy retrouvent le parquet du palais des sports Jean-Weille \u00e0 Gentilly pour leur premier entra\u00eenement, marquant le coup d'envoi de leur pr\u00e9paration pour la saison 2026-2027. Yaphet MOUNDI, nouveau joueur. Photo C\u00e9dric Jacquot\" loading=\"lazy\" fetchpriority=\"low\" data-mobile=\"NW_detail_M|1786977585\" data-base=\"NW_detail|1786977585\"\/>&#13;<br \/>\n                    <\/a>&#13;<\/p>\n<p>Les joueurs du SLUC Nancy retrouvent le parquet du palais des sports Jean-Weille \u00e0 Gentilly pour leur premier entra\u00eenement, marquant le coup d&rsquo;envoi de leur pr\u00e9paration pour la saison 2026-2027. Yaphet MOUNDI, nouveau joueur. Photo C\u00e9dric Jacquot<\/p>\n<p>                    &#13;<br \/>\n                                       &#13;\n            <\/li>\n<p>&#13;<br \/>\n            &#13;<\/p>\n<li class=\"carousel-wrapper__slides--slide item\" id=\"slide-35\">&#13;<br \/>\n                                &#13;<br \/>\n                    <a class=\"chocolat-image GA-tracking\" data-ga_type=\"click\" data-ga_category=\"D\u00e9tail\" data-ga_action=\"zoomer\" data-ga_label=\"aggrandir image\" href=\"https:\/\/cdn-s-www.estrepublicain.fr\/images\/34D8B8FC-8CA7-48E1-84AE-3881AC7C2195\/NW_raw\/les-joueurs-du-sluc-nancy-retrouvent-le-parquet-du-palais-des-sports-jean-weille-a-gentilly-pour-leur-premier-entrainement-marquant-le-coup-d-envoi-de-leur-preparation-pour-la-saison-2026-2027-stephane-gombauld-photo-cedric-jacquot-1786977585.jpg\" title=\"Les joueurs du SLUC Nancy retrouvent le parquet du palais des sports Jean-Weille \u00e0 Gentilly pour leur premier entra\u00eenement, marquant le coup d&#039;envoi de leur pr\u00e9paration pour la saison 2026-2027. St\u00e9phane GOMBAULD. Photo C\u00e9dric Jacquot\" rel=\"nofollow noopener\" target=\"_blank\">&#13;<br \/>\n                        <img decoding=\"async\" src=\"https:\/\/www.europesays.com\/fr\/wp-content\/uploads\/2026\/08\/1787109523_801_les-joueurs-du-sluc-nancy-retrouvent-le-parquet-du-palais-des-sports-jean-weille-a-gentilly-pour-leu.jpeg\"   alt=\"Les joueurs du SLUC Nancy retrouvent le parquet du palais des sports Jean-Weille \u00e0 Gentilly pour leur premier entra\u00eenement, marquant le coup d'envoi de leur pr\u00e9paration pour la saison 2026-2027. St\u00e9phane GOMBAULD. Photo C\u00e9dric Jacquot\" loading=\"lazy\" fetchpriority=\"low\" data-mobile=\"NW_detail_M|1786977585\" data-base=\"NW_detail|1786977585\"\/>&#13;<br \/>\n                    <\/a>&#13;<\/p>\n<p>Les joueurs du SLUC Nancy retrouvent le parquet du palais des sports Jean-Weille \u00e0 Gentilly pour leur premier entra\u00eenement, marquant le coup d&rsquo;envoi de leur pr\u00e9paration pour la saison 2026-2027. St\u00e9phane GOMBAULD. Photo C\u00e9dric Jacquot<\/p>\n<p>                    &#13;<br \/>\n                                       &#13;\n            <\/li>\n<p>&#13;<br \/>\n            &#13;<\/p>\n<li class=\"carousel-wrapper__slides--slide item\" id=\"slide-36\">&#13;<br \/>\n                                &#13;<br \/>\n                    <a class=\"chocolat-image GA-tracking\" data-ga_type=\"click\" data-ga_category=\"D\u00e9tail\" data-ga_action=\"zoomer\" data-ga_label=\"aggrandir image\" href=\"https:\/\/cdn-s-www.estrepublicain.fr\/images\/90721924-FC85-439A-9AF8-16EA3FD5AC7E\/NW_raw\/les-joueurs-du-sluc-nancy-retrouvent-le-parquet-du-palais-des-sports-jean-weille-a-gentilly-pour-leur-premier-entrainement-marquant-le-coup-d-envoi-de-leur-preparation-pour-la-saison-2026-2027-axel-villain-espoir-photo-cedric-jacquot-1786977585.jpg\" title=\"Les joueurs du SLUC Nancy retrouvent le parquet du palais des sports Jean-Weille \u00e0 Gentilly pour leur premier entra\u00eenement, marquant le coup d&#039;envoi de leur pr\u00e9paration pour la saison 2026-2027. Axel VILLAIN, espoir. Photo C\u00e9dric Jacquot\" rel=\"nofollow noopener\" target=\"_blank\">&#13;<br \/>\n                        <img decoding=\"async\" src=\"https:\/\/www.europesays.com\/fr\/wp-content\/uploads\/2026\/08\/1787109525_329_les-joueurs-du-sluc-nancy-retrouvent-le-parquet-du-palais-des-sports-jean-weille-a-gentilly-pour-leu.jpeg\"   alt=\"Les joueurs du SLUC Nancy retrouvent le parquet du palais des sports Jean-Weille \u00e0 Gentilly pour leur premier entra\u00eenement, marquant le coup d'envoi de leur pr\u00e9paration pour la saison 2026-2027. Axel VILLAIN, espoir. Photo C\u00e9dric Jacquot\" loading=\"lazy\" fetchpriority=\"low\" data-mobile=\"NW_detail_M|1786977585\" data-base=\"NW_detail|1786977585\"\/>&#13;<br \/>\n                    <\/a>&#13;<\/p>\n<p>Les joueurs du SLUC Nancy retrouvent le parquet du palais des sports Jean-Weille \u00e0 Gentilly pour leur premier entra\u00eenement, marquant le coup d&rsquo;envoi de leur pr\u00e9paration pour la saison 2026-2027. Axel VILLAIN, espoir. Photo C\u00e9dric Jacquot<\/p>\n<p>                    &#13;<br \/>\n                                       &#13;\n            <\/li>\n<p>&#13;<br \/>\n            &#13;<\/p>\n<li class=\"carousel-wrapper__slides--slide item slideWithPub\" id=\"slide-37\">&#13;<br \/>\n                        &#13;<br \/>\n                            <a class=\"chocolat-image\" title=\"Publicit\u00e9\" href=\"data:image\/gif;base64,R0lGODlhAQABAAD\/ACwAAAAAAQABAAACADs=\">&#13;<br \/>\n                                <img decoding=\"async\" src=\"data:image\/gif;base64,R0lGODlhAQABAAD\/ACwAAAAAAQABAAACADs=\" alt=\"Publicit\u00e9\" loading=\"lazy\" fetchpriority=\"low\"\/>&#13;<br \/>\n                            <\/a>&#13;<br \/>\n                        &#13;\n                    <\/li>\n<p>&#13;<\/p>\n<li class=\"carousel-wrapper__slides--slide item\" id=\"slide-38\">&#13;<br \/>\n                                &#13;<br \/>\n                    <a class=\"chocolat-image GA-tracking\" data-ga_type=\"click\" data-ga_category=\"D\u00e9tail\" data-ga_action=\"zoomer\" data-ga_label=\"aggrandir image\" href=\"https:\/\/cdn-s-www.estrepublicain.fr\/images\/91516978-469C-4122-B803-8638250B8292\/NW_raw\/les-joueurs-du-sluc-nancy-retrouvent-le-parquet-du-palais-des-sports-jean-weille-a-gentilly-pour-leur-premier-entrainement-marquant-le-coup-d-envoi-de-leur-preparation-pour-la-saison-2026-2027-enzo-goudou-sinha-photo-cedric-jacquot-1786977585.jpg\" title=\"Les joueurs du SLUC Nancy retrouvent le parquet du palais des sports Jean-Weille \u00e0 Gentilly pour leur premier entra\u00eenement, marquant le coup d&#039;envoi de leur pr\u00e9paration pour la saison 2026-2027. Enzo GOUDOU SINHA. Photo C\u00e9dric Jacquot\" rel=\"nofollow noopener\" target=\"_blank\">&#13;<br \/>\n                        <img decoding=\"async\" src=\"https:\/\/www.europesays.com\/fr\/wp-content\/uploads\/2026\/08\/1787109527_274_les-joueurs-du-sluc-nancy-retrouvent-le-parquet-du-palais-des-sports-jean-weille-a-gentilly-pour-leu.jpeg\"   alt=\"Les joueurs du SLUC Nancy retrouvent le parquet du palais des sports Jean-Weille \u00e0 Gentilly pour leur premier entra\u00eenement, marquant le coup d'envoi de leur pr\u00e9paration pour la saison 2026-2027. Enzo GOUDOU SINHA. Photo C\u00e9dric Jacquot\" loading=\"lazy\" fetchpriority=\"low\" data-mobile=\"NW_detail_M|1786977585\" data-base=\"NW_detail|1786977585\"\/>&#13;<br \/>\n                    <\/a>&#13;<\/p>\n<p>Les joueurs du SLUC Nancy retrouvent le parquet du palais des sports Jean-Weille \u00e0 Gentilly pour leur premier entra\u00eenement, marquant le coup d&rsquo;envoi de leur pr\u00e9paration pour la saison 2026-2027. Enzo GOUDOU SINHA. Photo C\u00e9dric Jacquot<\/p>\n<p>                    &#13;<br \/>\n                                       &#13;\n            <\/li>\n<p>&#13;<br \/>\n            &#13;<\/p>\n<li class=\"carousel-wrapper__slides--slide item\" id=\"slide-39\">&#13;<br \/>\n                                &#13;<br \/>\n                    <a class=\"chocolat-image GA-tracking\" data-ga_type=\"click\" data-ga_category=\"D\u00e9tail\" data-ga_action=\"zoomer\" data-ga_label=\"aggrandir image\" href=\"https:\/\/cdn-s-www.estrepublicain.fr\/images\/1AAE23FF-BB54-4913-AC86-D65F80AAE7A4\/NW_raw\/les-joueurs-du-sluc-nancy-retrouvent-le-parquet-du-palais-des-sports-jean-weille-a-gentilly-pour-leur-premier-entrainement-marquant-le-coup-d-envoi-de-leur-preparation-pour-la-saison-2026-2027-stephane-gombauld-photo-cedric-jacquot-1786977585.jpg\" title=\"Les joueurs du SLUC Nancy retrouvent le parquet du palais des sports Jean-Weille \u00e0 Gentilly pour leur premier entra\u00eenement, marquant le coup d&#039;envoi de leur pr\u00e9paration pour la saison 2026-2027. St\u00e9phane GOMBAULD. Photo C\u00e9dric Jacquot\" rel=\"nofollow noopener\" target=\"_blank\">&#13;<br \/>\n                        <img decoding=\"async\" src=\"https:\/\/www.europesays.com\/fr\/wp-content\/uploads\/2026\/08\/1787109529_770_les-joueurs-du-sluc-nancy-retrouvent-le-parquet-du-palais-des-sports-jean-weille-a-gentilly-pour-leu.jpeg\"   alt=\"Les joueurs du SLUC Nancy retrouvent le parquet du palais des sports Jean-Weille \u00e0 Gentilly pour leur premier entra\u00eenement, marquant le coup d'envoi de leur pr\u00e9paration pour la saison 2026-2027. St\u00e9phane GOMBAULD. Photo C\u00e9dric Jacquot\" loading=\"lazy\" fetchpriority=\"low\" data-mobile=\"NW_detail_M|1786977585\" data-base=\"NW_detail|1786977585\"\/>&#13;<br \/>\n                    <\/a>&#13;<\/p>\n<p>Les joueurs du SLUC Nancy retrouvent le parquet du palais des sports Jean-Weille \u00e0 Gentilly pour leur premier entra\u00eenement, marquant le coup d&rsquo;envoi de leur pr\u00e9paration pour la saison 2026-2027. St\u00e9phane GOMBAULD. Photo C\u00e9dric Jacquot<\/p>\n<p>                    &#13;<br \/>\n                                       &#13;\n            <\/li>\n<p>&#13;<br \/>\n            &#13;<\/p>\n<li class=\"carousel-wrapper__slides--slide item\" id=\"slide-40\">&#13;<br \/>\n                                &#13;<br \/>\n                    <a class=\"chocolat-image GA-tracking\" data-ga_type=\"click\" data-ga_category=\"D\u00e9tail\" data-ga_action=\"zoomer\" data-ga_label=\"aggrandir image\" href=\"https:\/\/cdn-s-www.estrepublicain.fr\/images\/47F81197-4042-4460-80DF-1D3919F15F98\/NW_raw\/les-joueurs-du-sluc-nancy-retrouvent-le-parquet-du-palais-des-sports-jean-weille-a-gentilly-pour-leur-premier-entrainement-marquant-le-coup-d-envoi-de-leur-preparation-pour-la-saison-2026-2027-axel-villain-espoir-photo-cedric-jacquot-1786977585.jpg\" title=\"Les joueurs du SLUC Nancy retrouvent le parquet du palais des sports Jean-Weille \u00e0 Gentilly pour leur premier entra\u00eenement, marquant le coup d&#039;envoi de leur pr\u00e9paration pour la saison 2026-2027. Axel VILLAIN, espoir. Photo C\u00e9dric Jacquot\" rel=\"nofollow noopener\" target=\"_blank\">&#13;<br \/>\n                        <img decoding=\"async\" src=\"https:\/\/www.europesays.com\/fr\/wp-content\/uploads\/2026\/08\/1787109530_923_les-joueurs-du-sluc-nancy-retrouvent-le-parquet-du-palais-des-sports-jean-weille-a-gentilly-pour-leu.jpeg\"   alt=\"Les joueurs du SLUC Nancy retrouvent le parquet du palais des sports Jean-Weille \u00e0 Gentilly pour leur premier entra\u00eenement, marquant le coup d'envoi de leur pr\u00e9paration pour la saison 2026-2027. Axel VILLAIN, espoir. Photo C\u00e9dric Jacquot\" loading=\"lazy\" fetchpriority=\"low\" data-mobile=\"NW_detail_M|1786977585\" data-base=\"NW_detail|1786977585\"\/>&#13;<br \/>\n                    <\/a>&#13;<\/p>\n<p>Les joueurs du SLUC Nancy retrouvent le parquet du palais des sports Jean-Weille \u00e0 Gentilly pour leur premier entra\u00eenement, marquant le coup d&rsquo;envoi de leur pr\u00e9paration pour la saison 2026-2027. Axel VILLAIN, espoir. Photo C\u00e9dric Jacquot<\/p>\n<p>                    &#13;<br \/>\n                                       &#13;\n            <\/li>\n<p>&#13;<br \/>\n            &#13;\n                <\/ul>\n","protected":false},"excerpt":{"rendered":"&#13; Photo C\u00e9dric Jacquot &#8211; &#13; &#13; Hier \u00e0 06:30&#13; &#13; &#8211; Temps de lecture : &#13; &#13;&hellip;\n","protected":false},"author":2,"featured_media":1133866,"comment_status":"","ping_status":"","sticky":false,"template":"","format":"standard","meta":{"footnotes":"","_share_on_mastodon":"0"},"categories":[9635],"tags":[1111,11,1791,1704,1777,674,1795,1011,27,5325,2798,9540,775,1702,12,25,11567,517,1700],"class_list":["post-1135681","post","type-post","status-publish","format-standard","has-post-thumbnail","category-nancy","tag-actu","tag-actualites","tag-basket-ball","tag-edition-nancy-et-agglomeration","tag-eu","tag-europe","tag-fil-web","tag-fr","tag-france","tag-galerie-media","tag-galerie-photo","tag-galerie-sport","tag-grand-est","tag-nancy","tag-news","tag-republique-francaise","tag-sluc","tag-sport","tag-sport-lorrain"],"share_on_mastodon":{"url":"https:\/\/pubeurope.com\/@fr\/117120023171982163","error":""},"_links":{"self":[{"href":"https:\/\/www.europesays.com\/fr\/wp-json\/wp\/v2\/posts\/1135681","targetHints":{"allow":["GET"]}}],"collection":[{"href":"https:\/\/www.europesays.com\/fr\/wp-json\/wp\/v2\/posts"}],"about":[{"href":"https:\/\/www.europesays.com\/fr\/wp-json\/wp\/v2\/types\/post"}],"author":[{"embeddable":true,"href":"https:\/\/www.europesays.com\/fr\/wp-json\/wp\/v2\/users\/2"}],"replies":[{"embeddable":true,"href":"https:\/\/www.europesays.com\/fr\/wp-json\/wp\/v2\/comments?post=1135681"}],"version-history":[{"count":0,"href":"https:\/\/www.europesays.com\/fr\/wp-json\/wp\/v2\/posts\/1135681\/revisions"}],"wp:featuredmedia":[{"embeddable":true,"href":"https:\/\/www.europesays.com\/fr\/wp-json\/wp\/v2\/media\/1133866"}],"wp:attachment":[{"href":"https:\/\/www.europesays.com\/fr\/wp-json\/wp\/v2\/media?parent=1135681"}],"wp:term":[{"taxonomy":"category","embeddable":true,"href":"https:\/\/www.europesays.com\/fr\/wp-json\/wp\/v2\/categories?post=1135681"},{"taxonomy":"post_tag","embeddable":true,"href":"https:\/\/www.europesays.com\/fr\/wp-json\/wp\/v2\/tags?post=1135681"}],"curies":[{"name":"wp","href":"https:\/\/api.w.org\/{rel}","templated":true}]}}