{"id":113569,"date":"2025-05-20T05:41:08","date_gmt":"2025-05-20T05:41:08","guid":{"rendered":"https:\/\/www.europesays.com\/fr\/113569\/"},"modified":"2025-05-20T05:41:08","modified_gmt":"2025-05-20T05:41:08","slug":"un-festival-culinaire-va-avoir-lieu-ce-dimanche-au-phare-citadelle-a-strasbourg","status":"publish","type":"post","link":"https:\/\/www.europesays.com\/fr\/113569\/","title":{"rendered":"un festival culinaire va avoir lieu ce dimanche au phare citadelle \u00e0 Strasbourg"},"content":{"rendered":"<p>            Par<br \/>\n        <strong><br \/>\n            <a href=\"https:\/\/actu.fr\/auteur\/margot-fournie\" title=\"Consulter tous les articles de Margot Fournie\" rel=\"nofollow noopener\" target=\"_blank\">Margot Fournie<\/a><br \/>\n        <\/strong><\/p>\n<p>        Publi\u00e9 le<\/p>\n<p>            20 mai 2025 \u00e0 7h02        <\/p>\n<p>Ce dimanche, de 11h \u00e0 21h, un <strong>festival d\u00e9di\u00e9 \u00e0 la cuisine v\u00e9g\u00e9tarienne<\/strong> va se tenir au tiers-lieu le Phare citadelle, \u00e0 <a href=\"https:\/\/actu.fr\/strasbourg\/\" rel=\"nofollow noopener\" target=\"_blank\">Strasbourg<\/a>.<\/p>\n<p class=\" wall-content\">Organis\u00e9 par Les marmites du Turfu, ce festival a une <strong>programmation all\u00e9chante <\/strong>plac\u00e9e sous le th\u00e8me de l\u2019Oc\u00e9an. Ateliers culinaires, brunch, tables rondes\u2026 On vous pr\u00e9sente <strong>ses temps forts<\/strong>.<\/p>\n<p>Des Food trucks pour se restaurer, essayer de nouvelles choses<\/p>\n<p class=\" wall-content\">En se rendant sur place, \u00ab\u2009les visiteurs pourront tester des burgers aux saveurs de l\u2019Oc\u00e9an de Chez Veg\u2019Anne ou des <strong>pizzas et tartes flamb\u00e9es v\u00e9g\u00e9tariennes<\/strong> de PP pizza\u2009\u00bb, annonce l\u2019un des membres de l\u2019organisation.<\/p>\n<p class=\" wall-content\">Il ajoute qu\u2019il \u00ab\u2009y aura aussi des <strong>glaces artisanales <\/strong>et des p\u00e2tisseries v\u00e9g\u00e9tales.\u2009\u00bb<\/p>\n<p>Vid\u00e9os : en ce moment sur ActuDurant le festival, il y aura des ateliers culinaires et des tables rondes<\/p>\n<p class=\" wall-content\">Il sera \u00e9galement possible de participer \u00e0 des ateliers\u00a0comme celui pour confectionner des mochis avec <a href=\"https:\/\/actu.fr\/grand-est\/strasbourg_67482\/une-boutique-specialisee-dans-les-patisseries-japonaises-debarque-bientot-a-strasbourg_53732520.html\" rel=\"nofollow noopener\" target=\"_blank\">la p\u00e2tisserie japonaise<\/a>\u00a0Usagiya. Ou bien celui qui propose de r\u00e9aliser des mini-pizzas avec Tit\u2019Anick, ou m\u00eame d\u2019<strong>apprendre \u00e0 utiliser des algues<\/strong> avec the Vegan Foodie Project.<\/p>\n<p class=\" wall-content\">Il faudra, cependant, <a href=\"https:\/\/www.helloasso.com\/associations\/les-marmites-du-turfu\/evenements\/atelier-pizettes-avec-tit-anick\" rel=\"nofollow noopener\" target=\"_blank\">r\u00e9server sa place<\/a> en avance. <strong>Chacun<\/strong> d\u2019entre eux <strong>co\u00fbte cinq euros<\/strong>.<\/p>\n<p class=\" wall-content\">Au programme, on pourra encore retrouver des<strong> tables rondes<\/strong>. \u00ab\u2009Il y en aura une <strong>sur le<\/strong> <strong>th\u00e8me de l\u2019Oc\u00e9an<\/strong>, une autre sur la nutrition v\u00e9gane\u2009\u00bb, avance un des organisateurs.<\/p>\n<p class=\" wall-content\">Suivez toute l\u2019actualit\u00e9 de vos villes et m\u00e9dias favoris en vous inscrivant \u00e0 <a href=\"https:\/\/moncompte.actu.fr\" title=\"D\u00e9couvez Mon Actu\" rel=\"nofollow noopener\" data-trk=\"{&quot;cta&quot;:{&quot;action&quot;:&quot;https:\\\/\\\/moncompte.actu.fr&quot;,&quot;category&quot;:&quot;mon compte&quot;,&quot;from&quot;:&quot;article footer&quot;,&quot;name&quot;:&quot;Mon actu&quot;,&quot;type&quot;:&quot;cta&quot;}}\" target=\"_blank\">Mon Actu<\/a>.<\/p>\n","protected":false},"excerpt":{"rendered":"Par Margot Fournie Publi\u00e9 le 20 mai 2025 \u00e0 7h02 Ce dimanche, de 11h \u00e0 21h, un festival&hellip;\n","protected":false},"author":2,"featured_media":113570,"comment_status":"","ping_status":"","sticky":false,"template":"","format":"standard","meta":{"footnotes":""},"categories":[2820],"tags":[1111,11,902,1777,674,1011,27,775,1652,12,25,640,10479],"class_list":{"0":"post-113569","1":"post","2":"type-post","3":"status-publish","4":"format-standard","5":"has-post-thumbnail","7":"category-strasbourg","8":"tag-actu","9":"tag-actualites","10":"tag-cuisine","11":"tag-eu","12":"tag-europe","13":"tag-fr","14":"tag-france","15":"tag-grand-est","16":"tag-loisirs-culture","17":"tag-news","18":"tag-republique-francaise","19":"tag-strasbourg","20":"tag-street-food"},"share_on_mastodon":{"url":"https:\/\/pubeurope.com\/@fr\/114538563786827380","error":""},"_links":{"self":[{"href":"https:\/\/www.europesays.com\/fr\/wp-json\/wp\/v2\/posts\/113569","targetHints":{"allow":["GET"]}}],"collection":[{"href":"https:\/\/www.europesays.com\/fr\/wp-json\/wp\/v2\/posts"}],"about":[{"href":"https:\/\/www.europesays.com\/fr\/wp-json\/wp\/v2\/types\/post"}],"author":[{"embeddable":true,"href":"https:\/\/www.europesays.com\/fr\/wp-json\/wp\/v2\/users\/2"}],"replies":[{"embeddable":true,"href":"https:\/\/www.europesays.com\/fr\/wp-json\/wp\/v2\/comments?post=113569"}],"version-history":[{"count":0,"href":"https:\/\/www.europesays.com\/fr\/wp-json\/wp\/v2\/posts\/113569\/revisions"}],"wp:featuredmedia":[{"embeddable":true,"href":"https:\/\/www.europesays.com\/fr\/wp-json\/wp\/v2\/media\/113570"}],"wp:attachment":[{"href":"https:\/\/www.europesays.com\/fr\/wp-json\/wp\/v2\/media?parent=113569"}],"wp:term":[{"taxonomy":"category","embeddable":true,"href":"https:\/\/www.europesays.com\/fr\/wp-json\/wp\/v2\/categories?post=113569"},{"taxonomy":"post_tag","embeddable":true,"href":"https:\/\/www.europesays.com\/fr\/wp-json\/wp\/v2\/tags?post=113569"}],"curies":[{"name":"wp","href":"https:\/\/api.w.org\/{rel}","templated":true}]}}