{"id":113577,"date":"2025-05-20T05:45:14","date_gmt":"2025-05-20T05:45:14","guid":{"rendered":"https:\/\/www.europesays.com\/fr\/113577\/"},"modified":"2025-05-20T05:45:14","modified_gmt":"2025-05-20T05:45:14","slug":"un-demarchage-abusif-met-en-alerte-cette-commune","status":"publish","type":"post","link":"https:\/\/www.europesays.com\/fr\/113577\/","title":{"rendered":"un d\u00e9marchage abusif met en alerte cette commune"},"content":{"rendered":"<p>            Par<br \/>\n        <strong><br \/>\n            <a href=\"https:\/\/actu.fr\/auteur\/tristan-mahe-actu-fr\" title=\"Consulter tous les articles de Tristan Mah\u00e9\" rel=\"nofollow noopener\" target=\"_blank\">Tristan Mah\u00e9<\/a><br \/>\n        <\/strong><\/p>\n<p>        Publi\u00e9 le<\/p>\n<p>            20 mai 2025 \u00e0 7h32        <\/p>\n<p>Depuis quelque temps, la <a href=\"https:\/\/www.orvault.fr\/\" rel=\"nofollow noopener\" target=\"_blank\">commune d\u2019Orvault<\/a> fait face \u00e0 des <strong>d\u00e9marchages abusifs<\/strong>. Plusieurs \u00ab\u00a0jeunes individus\u00a0\u00bb viennent sonner au domicile de certains habitants pour tenter de <strong>vendre des cartes postales<\/strong> sous couvert d\u2019un projet scolaire.<\/p>\n<p class=\" wall-content\">Les actes des jeunes gens ont d\u00e9j\u00e0 \u00e9t\u00e9 signal\u00e9s, et la ville de la m\u00e9tropole nantaise appelle les Orvaltais \u00e0 <strong>faire preuve de prudence<\/strong>.<\/p>\n<p>Que faire si cela vous arrive\u2009?<\/p>\n<p class=\" wall-content\">La commune a recommand\u00e9 des comportements \u00e0 adopter si cela venait \u00e0 arriver. Si le moindre doute survient, il est conseill\u00e9 d\u2019<strong>appeler la police<\/strong> nationale (<strong>17<\/strong>), ou la police municipale (<strong>06\u200922\u200939\u200962\u200970<\/strong>), entre 8h et 17h30.<\/p>\n<p class=\" wall-content\">Il est \u00e9galement recommand\u00e9 de <strong>ne divulguer aucune information personnelle<\/strong>, de <strong>ne laisser sous aucun pr\u00e9texte les d\u00e9marcheurs entrer<\/strong> chez vous, et de demander des d\u00e9tails sur l\u2019\u00e9tablissement scolaire en question, ou une carte professionnelle dans le cas d\u2019une entreprise.<\/p>\n<p class=\" wall-content\">Orvault appelle au <strong>partage de la mise en garde<\/strong> pour rem\u00e9dier \u00e0 ces arnaques, notamment aupr\u00e8s des personnes influen\u00e7ables, \u00e2g\u00e9es, ou isol\u00e9es.<\/p>\n<p>Vid\u00e9os : en ce moment sur Actu<\/p>\n<p class=\" wall-content\">Suivez toute l\u2019actualit\u00e9 de vos villes et m\u00e9dias favoris en vous inscrivant \u00e0 <a href=\"https:\/\/moncompte.actu.fr\" title=\"D\u00e9couvez Mon Actu\" rel=\"nofollow noopener\" data-trk=\"{&quot;cta&quot;:{&quot;action&quot;:&quot;https:\\\/\\\/moncompte.actu.fr&quot;,&quot;category&quot;:&quot;mon compte&quot;,&quot;from&quot;:&quot;article footer&quot;,&quot;name&quot;:&quot;Mon actu&quot;,&quot;type&quot;:&quot;cta&quot;}}\" target=\"_blank\">Mon Actu<\/a>.<\/p>\n<ul class=\"ac-article-tag wall-content\">\n<li><a href=\"https:\/\/actu.fr\/tag\/arnaque\" data-trk=\"{&quot;cta&quot;:{&quot;action&quot;:&quot;Arnaque&quot;,&quot;category&quot;:&quot;tag&quot;,&quot;from&quot;:&quot;article footer&quot;,&quot;name&quot;:&quot;Arnaque&quot;,&quot;type&quot;:&quot;cta&quot;}}\" rel=\"nofollow noopener\" target=\"_blank\">#Arnaque<\/a><\/li>\n<li><a href=\"https:\/\/actu.fr\/tag\/demarchage-abusif\" data-trk=\"{&quot;cta&quot;:{&quot;action&quot;:&quot;D\\u00e9marchage abusif&quot;,&quot;category&quot;:&quot;tag&quot;,&quot;from&quot;:&quot;article footer&quot;,&quot;name&quot;:&quot;D\\u00e9marchage abusif&quot;,&quot;type&quot;:&quot;cta&quot;}}\" rel=\"nofollow noopener\" target=\"_blank\">#D\u00e9marchage abusif<\/a><\/li>\n<\/ul>\n","protected":false},"excerpt":{"rendered":"Par Tristan Mah\u00e9 Publi\u00e9 le 20 mai 2025 \u00e0 7h32 Depuis quelque temps, la commune d\u2019Orvault fait face&hellip;\n","protected":false},"author":2,"featured_media":113578,"comment_status":"","ping_status":"","sticky":false,"template":"","format":"standard","meta":{"footnotes":""},"categories":[2818],"tags":[1111,11,3514,23332,1777,674,118,1011,27,766,12,2636,25],"class_list":{"0":"post-113577","1":"post","2":"type-post","3":"status-publish","4":"format-standard","5":"has-post-thumbnail","7":"category-nantes","8":"tag-actu","9":"tag-actualites","10":"tag-arnaque","11":"tag-demarchage-abusif","12":"tag-eu","13":"tag-europe","14":"tag-faits-divers","15":"tag-fr","16":"tag-france","17":"tag-nantes","18":"tag-news","19":"tag-pays-de-la-loire","20":"tag-republique-francaise"},"share_on_mastodon":{"url":"https:\/\/pubeurope.com\/@fr\/114538579510629310","error":""},"_links":{"self":[{"href":"https:\/\/www.europesays.com\/fr\/wp-json\/wp\/v2\/posts\/113577","targetHints":{"allow":["GET"]}}],"collection":[{"href":"https:\/\/www.europesays.com\/fr\/wp-json\/wp\/v2\/posts"}],"about":[{"href":"https:\/\/www.europesays.com\/fr\/wp-json\/wp\/v2\/types\/post"}],"author":[{"embeddable":true,"href":"https:\/\/www.europesays.com\/fr\/wp-json\/wp\/v2\/users\/2"}],"replies":[{"embeddable":true,"href":"https:\/\/www.europesays.com\/fr\/wp-json\/wp\/v2\/comments?post=113577"}],"version-history":[{"count":0,"href":"https:\/\/www.europesays.com\/fr\/wp-json\/wp\/v2\/posts\/113577\/revisions"}],"wp:featuredmedia":[{"embeddable":true,"href":"https:\/\/www.europesays.com\/fr\/wp-json\/wp\/v2\/media\/113578"}],"wp:attachment":[{"href":"https:\/\/www.europesays.com\/fr\/wp-json\/wp\/v2\/media?parent=113577"}],"wp:term":[{"taxonomy":"category","embeddable":true,"href":"https:\/\/www.europesays.com\/fr\/wp-json\/wp\/v2\/categories?post=113577"},{"taxonomy":"post_tag","embeddable":true,"href":"https:\/\/www.europesays.com\/fr\/wp-json\/wp\/v2\/tags?post=113577"}],"curies":[{"name":"wp","href":"https:\/\/api.w.org\/{rel}","templated":true}]}}