{"id":113579,"date":"2025-05-20T05:46:45","date_gmt":"2025-05-20T05:46:45","guid":{"rendered":"https:\/\/www.europesays.com\/fr\/113579\/"},"modified":"2025-05-20T05:46:45","modified_gmt":"2025-05-20T05:46:45","slug":"deux-operations-escargot-sont-en-cours-attention-aux-ralentissements","status":"publish","type":"post","link":"https:\/\/www.europesays.com\/fr\/113579\/","title":{"rendered":"deux op\u00e9rations escargot sont en cours, attention aux ralentissements"},"content":{"rendered":"<p>            Par<br \/>\n        <strong><br \/>\n            <a href=\"https:\/\/actu.fr\/auteur\/laure-gentil\" title=\"Consulter tous les articles de Laure Gentil\" target=\"_blank\" rel=\"noopener\">Laure Gentil<\/a><br \/>\n        <\/strong><\/p>\n<p>        Publi\u00e9 le<\/p>\n<p>            19 mai 2025 \u00e0 9h44        <\/p>\n<p>Le <a href=\"https:\/\/actu.fr\/ile-de-france\/paris_75056\/manifestation-des-taxis-operation-escargot-sur-l-a6-la-circulation-perturbee-sur-les-routes-d-ile-de-france_62653692.html\" target=\"_blank\" rel=\"noopener\">mouvement national des taxis<\/a> contre la r\u00e9forme du transport sanitaire g\u00e9n\u00e8re d\u2019importants ralentissements de circulation sur le <strong>p\u00e9riph\u00e9rique de Nantes<\/strong> o\u00f9 deux op\u00e9rations escargot sont en cours.<\/p>\n<p class=\" wall-content\">Partout en France, les taxis sont mobilis\u00e9s contre la r\u00e9forme du transport sanitaire et les nouveaux tarifs que souhaite imposer la S\u00e9curit\u00e9 sociale. \u00ab\u2009En d\u00e9r\u00e9glant les tarifs de transport,<strong> l\u2019Assurance maladie<\/strong> met en difficult\u00e9 financi\u00e8re les entreprises de taxis et fait peser le poids de la d\u00e9sorganisation de l\u2019administration sur leurs entreprises qui ne pourront plus assumer leur service aupr\u00e8s des patients\u2009\u00bb, d\u00e9nonce l\u2019intersyndicale des f\u00e9d\u00e9rations professionnelles dans un communiqu\u00e9.<\/p>\n<p>P\u00e9riph\u00e9rique ext\u00e9rieur et int\u00e9rieur<\/p>\n<p class=\" wall-content\">Selon Bison Fut\u00e9, une des op\u00e9rations escargot a lieu en p\u00e9riph\u00e9rique ext\u00e9rieur depuis la porte de la Beaujoire<strong> en direction du p\u00e9riph\u00e9rique Nord<\/strong>, l\u2019autre en p\u00e9riph\u00e9rique int\u00e9rieur depuis la porte de la Beaujoire <strong>en direction du p\u00e9riph\u00e9rique Sud.<\/strong><\/p>\n<p class=\" wall-content\">\u00ab\u2009Compte tenu de la circulation \u00e0 cette heure de fort trafic, les usagers sont fortement ralentis dans les secteurs concern\u00e9s. La plus grande vigilance est de mise, les usagers sont invit\u00e9s \u00e0 adapter leur conduite aux conditions de circulation\u2009\u00bb, alerte Bison Fut\u00e9.<\/p>\n<p class=\" wall-content\">Selon J\u00e9r\u00f4me Bernouis, pr\u00e9sident de la CPAT 44, la d\u00e9l\u00e9gation syndicale des taxis sera re\u00e7ue \u00e0 11\u2009h devant la pr\u00e9fecture.<\/p>\n<p>Vid\u00e9os : en ce moment sur Actu<\/p>\n<p class=\" wall-content\">Suivez toute l\u2019actualit\u00e9 de vos villes et m\u00e9dias favoris en vous inscrivant \u00e0 <a href=\"https:\/\/moncompte.actu.fr\" title=\"D\u00e9couvez Mon Actu\" rel=\"nofollow noopener\" data-trk=\"{&quot;cta&quot;:{&quot;action&quot;:&quot;https:\\\/\\\/moncompte.actu.fr&quot;,&quot;category&quot;:&quot;mon compte&quot;,&quot;from&quot;:&quot;article footer&quot;,&quot;name&quot;:&quot;Mon actu&quot;,&quot;type&quot;:&quot;cta&quot;}}\" target=\"_blank\">Mon Actu<\/a>.<\/p>\n<ul class=\"ac-article-tag wall-content\">\n<li><a href=\"https:\/\/actu.fr\/tag\/circulation\" data-trk=\"{&quot;cta&quot;:{&quot;action&quot;:&quot;Circulation&quot;,&quot;category&quot;:&quot;tag&quot;,&quot;from&quot;:&quot;article footer&quot;,&quot;name&quot;:&quot;Circulation&quot;,&quot;type&quot;:&quot;cta&quot;}}\" target=\"_blank\" rel=\"noopener\">#Circulation<\/a><\/li>\n<li><a href=\"https:\/\/actu.fr\/tag\/peripherique\" data-trk=\"{&quot;cta&quot;:{&quot;action&quot;:&quot;P\\u00e9riph\\u00e9rique&quot;,&quot;category&quot;:&quot;tag&quot;,&quot;from&quot;:&quot;article footer&quot;,&quot;name&quot;:&quot;P\\u00e9riph\\u00e9rique&quot;,&quot;type&quot;:&quot;cta&quot;}}\" target=\"_blank\" rel=\"noopener\">#P\u00e9riph\u00e9rique<\/a><\/li>\n<\/ul>\n","protected":false},"excerpt":{"rendered":"Par Laure Gentil Publi\u00e9 le 19 mai 2025 \u00e0 9h44 Le mouvement national des taxis contre la r\u00e9forme&hellip;\n","protected":false},"author":2,"featured_media":113580,"comment_status":"","ping_status":"","sticky":false,"template":"","format":"standard","meta":{"footnotes":""},"categories":[2818],"tags":[1111,11,3542,1777,674,1011,27,766,12,2636,4013,25,104],"class_list":{"0":"post-113579","1":"post","2":"type-post","3":"status-publish","4":"format-standard","5":"has-post-thumbnail","7":"category-nantes","8":"tag-actu","9":"tag-actualites","10":"tag-circulation","11":"tag-eu","12":"tag-europe","13":"tag-fr","14":"tag-france","15":"tag-nantes","16":"tag-news","17":"tag-pays-de-la-loire","18":"tag-peripherique","19":"tag-republique-francaise","20":"tag-societe"},"share_on_mastodon":{"url":"https:\/\/pubeurope.com\/@fr\/114538583385832050","error":""},"_links":{"self":[{"href":"https:\/\/www.europesays.com\/fr\/wp-json\/wp\/v2\/posts\/113579","targetHints":{"allow":["GET"]}}],"collection":[{"href":"https:\/\/www.europesays.com\/fr\/wp-json\/wp\/v2\/posts"}],"about":[{"href":"https:\/\/www.europesays.com\/fr\/wp-json\/wp\/v2\/types\/post"}],"author":[{"embeddable":true,"href":"https:\/\/www.europesays.com\/fr\/wp-json\/wp\/v2\/users\/2"}],"replies":[{"embeddable":true,"href":"https:\/\/www.europesays.com\/fr\/wp-json\/wp\/v2\/comments?post=113579"}],"version-history":[{"count":0,"href":"https:\/\/www.europesays.com\/fr\/wp-json\/wp\/v2\/posts\/113579\/revisions"}],"wp:featuredmedia":[{"embeddable":true,"href":"https:\/\/www.europesays.com\/fr\/wp-json\/wp\/v2\/media\/113580"}],"wp:attachment":[{"href":"https:\/\/www.europesays.com\/fr\/wp-json\/wp\/v2\/media?parent=113579"}],"wp:term":[{"taxonomy":"category","embeddable":true,"href":"https:\/\/www.europesays.com\/fr\/wp-json\/wp\/v2\/categories?post=113579"},{"taxonomy":"post_tag","embeddable":true,"href":"https:\/\/www.europesays.com\/fr\/wp-json\/wp\/v2\/tags?post=113579"}],"curies":[{"name":"wp","href":"https:\/\/api.w.org\/{rel}","templated":true}]}}