{"id":11358,"date":"2025-04-08T23:32:32","date_gmt":"2025-04-08T23:32:32","guid":{"rendered":"https:\/\/www.europesays.com\/fr\/11358\/"},"modified":"2025-04-08T23:32:32","modified_gmt":"2025-04-08T23:32:32","slug":"pres-de-nantes-un-autopont-symbole-du-tout-voiture-sera-detruit-le-8-avril-prochain-2","status":"publish","type":"post","link":"https:\/\/www.europesays.com\/fr\/11358\/","title":{"rendered":"Pr\u00e8s de Nantes, un autopont symbole du tout voiture sera d\u00e9truit le 8 avril prochain"},"content":{"rendered":"<p><strong>Laisse b\u00e9ton &#8211; Afin d\u2019accueillir les deux nouvelles lignes de tramway, Nantes m\u00e9tropole lance une op\u00e9ration de destruction de l\u2019autopont de Rez\u00e9, un ouvrage de 48 m de long emprunt\u00e9 par 30.000 v\u00e9hicules chaque jour<\/strong><\/p>\n<p>Chaque jour, plus de 30.000 automobilistes traversent l\u2019autopont de <a href=\"https:\/\/www.20minutes.fr\/nantes\/4146570-20250402-loire-atlantique-trois-ans-apres-suicide-maire-reze-homme-place-garde-vue\" rel=\"nofollow noopener\" target=\"_blank\" data-ylk=\"slk:Rez\u00e9;elm:context_link;itc:0;sec:content-canvas\" class=\"link \">Rez\u00e9 <\/a>pour rejoindre le sud de Nantes. Inaugur\u00e9 en\u00a01978 \u00e0 une \u00e9poque o\u00f9 la voiture \u00e9tait reine, cet ouvrage de 48 m de long va prochainement dispara\u00eetre du paysage. Dans le cadre des travaux d\u2019am\u00e9nagement des nouvelles lignes de tramway, Nantes M\u00e9tropole a act\u00e9 sa d\u00e9molition pour le mardi 8\u00a0avril. Les habitants de Rez\u00e9 pourront assister \u00e0 la destruction, entre 9h et 17h30, depuis un espace s\u00e9curis\u00e9, situ\u00e9 au 7 avenue du Mar\u00e9chal de Lattre de Tassigny.<\/p>\n<p>Le principal but de l\u2019op\u00e9ration est de mettre \u00e0 niveau l\u2019avenue du Mar\u00e9chal de Lattre de Tassigny afin d\u2019installer le futur terminus des deux lignes de <a href=\"https:\/\/www.20minutes.fr\/nantes\/4144639-20250324-elles-comptent-pres-2-millions-kms-comment-nantes-gere-fin-vie-vieilles-rames-tramway\" rel=\"nofollow noopener\" target=\"_blank\" data-ylk=\"slk:tramway;elm:context_link;itc:0;sec:content-canvas\" class=\"link \">tramway <\/a>et un arr\u00eat pour la ligne 8 du busway \u00e9lectrique.<\/p>\n<p>Entre le 8 et le 18\u00a0avril, plusieurs pelleteuses munies de grappins grignoteront progressivement le b\u00e9ton du pont, jusqu\u2019\u00e0 sa destruction compl\u00e8te. \u00ab\u00a0Une brumisation sera effectu\u00e9e \u00e0 chaque \u00e9mission de poussi\u00e8res pour en limiter leur propagation\u00a0\u00bb, pr\u00e9vient la ville de Rez\u00e9. Ses fondations enfonc\u00e9es jusqu\u2019\u00e0 2 m de profondeur seront \u00e9galement retir\u00e9es.<\/p>\n<p><img decoding=\"async\" class=\"caas-img caas-lazy has-preview\" alt=\"[object Object]\" src=\"https:\/\/www.europesays.com\/fr\/wp-content\/uploads\/2025\/04\/934c406c0d1e3e188afd4b2f0a059736.jpeg\"\/><\/p>\n<p>[object Object]<\/p>\n<p>Si la circulation sera interdite sous l\u2019ouvrage durant la d\u00e9molition, elle sera en revanche maintenue sur les bretelles de part et d\u2019autre de l\u2019autopont. Une d\u00e9viation sera mise en place pour la travers\u00e9e pi\u00e9tonne et les v\u00e9los pied \u00e0 terre.<\/p>\n<p>La prochaine \u00e9tape consistera \u00e0 combler les fouilles afin de reconstituer les chauss\u00e9es et les trottoirs environnants, avant de r\u00e9aliser un marquage au sol pour la r\u00e9ouve(&#8230;)<\/p>\n<p><a href=\"https:\/\/www.20minutes.fr\/nantes\/4147018-20250407-pres-nantes-autopont-symbole-tout-voiture-detruit-8-avril-prochain&quot;\" rel=\"nofollow noopener\" target=\"_blank\" data-ylk=\"slk:Lire la suite sur 20minutes;elm:context_link;itc:0;sec:content-canvas\" class=\"link \">Lire la suite sur 20minutes<\/a><\/p>\n<p>\u00c0 lire aussi :<br \/><a href=\"https:\/\/www.20minutes.fr\/nantes\/4133488-20250114-nantes-route-pornic-travaux-preparer-arrivee-tramway-busway\" rel=\"nofollow noopener\" target=\"_blank\" data-ylk=\"slk:Nantes\u00a0: La route de Pornic en travaux pour pr\u00e9parer l\u2019arriv\u00e9e du tramway et du busway;elm:context_link;itc:0;sec:content-canvas\" class=\"link \">Nantes\u00a0: La route de Pornic en travaux pour pr\u00e9parer l\u2019arriv\u00e9e du tramway et du busway<\/a><br \/><a href=\"https:\/\/www.20minutes.fr\/faits_divers\/4139522-20250219-loire-atlantique-disparu-apres-accident-homme-reapparait-240-km-desoriente\" rel=\"nofollow noopener\" target=\"_blank\" data-ylk=\"slk:Loire-Atlantique\u00a0: Disparu apr\u00e8s un accident, un homme r\u00e9appara\u00eet \u00e0 240\u00a0km \u00ab\u00a0d\u00e9sorient\u00e9\u00a0\u00bb;elm:context_link;itc:0;sec:content-canvas\" class=\"link \">Loire-Atlantique\u00a0: Disparu apr\u00e8s un accident, un homme r\u00e9appara\u00eet \u00e0 240\u00a0km \u00ab\u00a0d\u00e9sorient\u00e9\u00a0\u00bb<\/a><\/p>\n","protected":false},"excerpt":{"rendered":"Laisse b\u00e9ton &#8211; Afin d\u2019accueillir les deux nouvelles lignes de tramway, Nantes m\u00e9tropole lance une op\u00e9ration de destruction&hellip;\n","protected":false},"author":2,"featured_media":11359,"comment_status":"","ping_status":"","sticky":false,"template":"","format":"standard","meta":{"footnotes":""},"categories":[2818],"tags":[1111,11,1777,674,1011,27,5424,766,2635,12,2636,25,3740],"class_list":{"0":"post-11358","1":"post","2":"type-post","3":"status-publish","4":"format-standard","5":"has-post-thumbnail","7":"category-nantes","8":"tag-actu","9":"tag-actualites","10":"tag-eu","11":"tag-europe","12":"tag-fr","13":"tag-france","14":"tag-lattre-de-tassigny","15":"tag-nantes","16":"tag-nantes-metropole","17":"tag-news","18":"tag-pays-de-la-loire","19":"tag-republique-francaise","20":"tag-reze"},"share_on_mastodon":{"url":"https:\/\/pubeurope.com\/@fr\/114304958052658787","error":""},"_links":{"self":[{"href":"https:\/\/www.europesays.com\/fr\/wp-json\/wp\/v2\/posts\/11358","targetHints":{"allow":["GET"]}}],"collection":[{"href":"https:\/\/www.europesays.com\/fr\/wp-json\/wp\/v2\/posts"}],"about":[{"href":"https:\/\/www.europesays.com\/fr\/wp-json\/wp\/v2\/types\/post"}],"author":[{"embeddable":true,"href":"https:\/\/www.europesays.com\/fr\/wp-json\/wp\/v2\/users\/2"}],"replies":[{"embeddable":true,"href":"https:\/\/www.europesays.com\/fr\/wp-json\/wp\/v2\/comments?post=11358"}],"version-history":[{"count":0,"href":"https:\/\/www.europesays.com\/fr\/wp-json\/wp\/v2\/posts\/11358\/revisions"}],"wp:featuredmedia":[{"embeddable":true,"href":"https:\/\/www.europesays.com\/fr\/wp-json\/wp\/v2\/media\/11359"}],"wp:attachment":[{"href":"https:\/\/www.europesays.com\/fr\/wp-json\/wp\/v2\/media?parent=11358"}],"wp:term":[{"taxonomy":"category","embeddable":true,"href":"https:\/\/www.europesays.com\/fr\/wp-json\/wp\/v2\/categories?post=11358"},{"taxonomy":"post_tag","embeddable":true,"href":"https:\/\/www.europesays.com\/fr\/wp-json\/wp\/v2\/tags?post=11358"}],"curies":[{"name":"wp","href":"https:\/\/api.w.org\/{rel}","templated":true}]}}