{"id":113591,"date":"2025-05-20T05:53:08","date_gmt":"2025-05-20T05:53:08","guid":{"rendered":"https:\/\/www.europesays.com\/fr\/113591\/"},"modified":"2025-05-20T05:53:08","modified_gmt":"2025-05-20T05:53:08","slug":"en-mai-a-marseille-des-plages-bondees-mais-toujours-pas-surveillees","status":"publish","type":"post","link":"https:\/\/www.europesays.com\/fr\/113591\/","title":{"rendered":"En mai \u00e0 Marseille, des plages bond\u00e9es mais toujours pas surveill\u00e9es"},"content":{"rendered":"<p>Chaque ann\u00e9e, la m\u00eame histoire. Depuis le 1er mai, quand le ciel vire au bleu, les <a href=\"https:\/\/www.laprovence.com\/article\/region\/6061030479124614\/des-plages-de-marseille-encore-polluees-ce-mardi-matin-retrouvez-notre-carte\" target=\"_blank\" rel=\"noopener\">plages marseillaises<\/a> sont prises d\u2019assaut. Pourtant, point de drapeaux hiss\u00e9s aux postes de secours, ni r\u00e9glementation en vigueur sur le sable, encore moins de toilettes et de douches op\u00e9rationnelles : la <a href=\"https:\/\/www.laprovence.com\/article\/region\/252402128299215\/pourquoi-les-plages-marseillaises-ne-sont-pas-surveillees-avant-l-ete\" target=\"_blank\" rel=\"noopener\">surveillance de la baignade<\/a> d\u00e9butera samedi 31 mai. Jusqu\u2019au 31 ao\u00fbt. Une p\u00e9riode que beaucoup aimeraient voir rallonger.<\/p>\n<p>L\u2019adjoint \u00e0 la mer lui-m\u00eame ne d\u00e9sesp\u00e9rait pas de voir d\u00e9barquer les sauveteurs un peu plus t\u00f4t cette saison. \u00ab\u00a0Mais c\u2019est compliqu\u00e9 \u00e9tant donn\u00e9 les surco\u00fbts\u00a0\u00bb, expliquait Herv\u00e9 Menchon (EELV), le 28\u00a0avril, alors qu\u2019il pr\u00e9sentait les <a href=\"https:\/\/www.laprovence.com\/article\/region\/3970334357270914\/nettoyage-travaux-reamenagement-les-marseillais-prives-de-plage-pendant-trois-jours-aux-catalans\" target=\"_blank\" rel=\"noopener\">travaux r\u00e9alis\u00e9s sur la plage des Catalans<\/a>. \u00ab\u00a0On est en train d\u2019\u00e9tudier la possibilit\u00e9 de surveiller au moins une plage durant les quinze premiers jours de septembre. Mais l\u00e0 encore, ce n\u2019est pas gagn\u00e9\u00a0\u00bb, soufflait-il.<\/p>\n<p>\u00c0 combien s\u2019\u00e9l\u00e8verait la rallonge n\u00e9cessaire pour quinze jours de baignade surveill\u00e9e en plus\u00a0? \u00ab\u00a0Aux alentours de 90\u00a0000\u00a0euros pour deux plages seulement, rel\u00e8ve l\u2019adjoint \u00e0 la mer. Un co\u00fbt non n\u00e9gligeable sur les finances de la Ville. Se pose aussi la question du ou des sites choisis. On est toujours en cours de r\u00e9flexion mais prolonger la surveillance sur l\u2019arri\u00e8re-saison est une ambition forte de la Ville.\u00a0\u00bb<\/p>\n<p>Des projets de r\u00e9habilitation en stand-by<\/p>\n<p>\u00c0 dix jours de l\u2019ouverture de la saison, de <a href=\"https:\/\/www.laprovence.com\/article\/region\/69336595266455\/pour-corbieres-la-ville-de-marseille-reve-de-plages-en-grand\" target=\"_blank\" rel=\"noopener\">Corbi\u00e8res<\/a> \u00e0 la <a href=\"https:\/\/www.laprovence.com\/article\/ecoplanete\/2697102234653315\/marseille-la-plage-de-la-pointe-rouge-interdite-a-la-baignade-ce-vendredi\" target=\"_blank\" rel=\"noopener\">Pointe-Rouge<\/a>, les plages se pr\u00e9parent \u00e0 l\u2019\u00e9t\u00e9. Entre exp\u00e9rimentation environnementale et travaux de derni\u00e8res minutes, les engins sont de sortie. Sur les plages de Corbi\u00e8res, Bonneveine, Bor\u00e9ly et du Proph\u00e8te, les <a href=\"https:\/\/www.laprovence.com\/article\/ecoplanete\/1228487232135614\/prophete-bonneveine-a-marseille-4-plages-experimentent-des-couches-de-feuilles-mortes-de-posidonie-sous-le-sable\" target=\"_blank\" rel=\"noopener\">feuilles mortes de posidonie ne sont pas \u00e9vacu\u00e9es mais r\u00e9utilis\u00e9es pour faire barrage \u00e0 la houle<\/a>.<\/p>\n<p>Sur la plage des Catalans, on revoit le positionnement des installations alors que le p\u00e9rim\u00e8tre de s\u00e9curit\u00e9 a \u00e9t\u00e9 trac\u00e9 autour de la tour du Lazaret afin de permettre les fouilles arch\u00e9ologiques. \u00ab\u00a0Des am\u00e9nagements temporaires, comme des Algeco pour les consignes gratuites, ne seront donc pas install\u00e9s comme pr\u00e9vu sous les arcades apr\u00e8s l\u2019avis des ABF (architectes des b\u00e2timents de France, NDLR)\u00a0\u00bb, souligne Herv\u00e9 Menchon.<strong\/><\/p>\n<p><a href=\"https:\/\/www.laprovence.com\/article\/region\/5401867939767314\/menacee-par-des-chutes-de-pierre-l-anse-de-maldorme-interdite-au-public-a-marseille\" target=\"_blank\" rel=\"noopener\">\u00c0 l\u2019anse de Maldorm\u00e9<\/a>, depuis le mois de f\u00e9vrier et l\u2019interdiction de l\u2019usage de la plateforme \u00e0 la suite de la d\u00e9couverte de fissures dans la roche, les travaux ont permis de s\u00e9curiser les lieux.<\/p>\n<p>\u00c0 Malmousque,<a href=\"https:\/\/www.laprovence.com\/article\/region\/5700292683592614\/marseille-a-malmousque-l-anse-des-bains-de-mer-chauds-interdite-au-public\" target=\"_blank\" rel=\"noopener\"> l\u2019anse des Bains chauds <\/a>avait elle aussi \u00e9t\u00e9 interdite par arr\u00eat\u00e9 pr\u00e9fectoral en mars apr\u00e8s l\u2019effondrement partiel d\u2019une dalle, la s\u00e9curisation du site est toujours en cours. \u00c0 Corbi\u00e8res, \u00ab\u00a0des pergolas ont \u00e9t\u00e9 pos\u00e9es pour apporter plus d\u2019ombre\u00a0\u00bb, annonce l\u2019adjoint \u00e0 la mer.<\/p>\n<p>Un projet de 12 millions d&rsquo;euros<\/p>\n<p>Et rien de plus. Annonc\u00e9 d\u00e8s 2021 par la Ville, le projet \u00e0 pr\u00e8s de 12\u00a0millions d\u2019euros pour la r\u00e9habilitation des Catalans a fini par se heurter \u00e0 une <a href=\"https:\/\/www.laprovence.com\/article\/societe\/8212239947844914\/reamenagement-de-la-plage-aux-catalans-la-ville-de-marseille-et-sea-one-trouvent-un-terrain-d-entente\" target=\"_blank\" rel=\"noopener\">proc\u00e9dure judiciaire avec le promoteur de la r\u00e9sidence mitoyenne Sea One<\/a>. Si la m\u00e9diation a fini par d\u00e9boucher sur un consensus, la plateforme d\u2019acc\u00e8s pour les personnes \u00e0 mobilit\u00e9 r\u00e9duite, l\u2019ouverture des arcades pour abriter douches et vestiaire et l\u2019implantation de commerces qui devaient \u00eatre livr\u00e9s en 2024 sont toujours au point mort.<\/p>\n<p>Le maire avait \u00e9galement affich\u00e9 sa volont\u00e9 de \u00ab\u00a0repenser le plus beau rivage du monde\u00a0\u00bb en\u00a02022 mais comme aux Catalans, les projets de r\u00e9am\u00e9nagement n\u2019ont toujours pas vu le jour \u00e0 Corbi\u00e8res.<\/p>\n<p>Du nord au sud de Marseille, on colmate, on r\u00e9pare, on tente de lutter contre l\u2019\u00e9rosion du littoral. Mais pour les grands projets, rien de neuf sous le soleil.<\/p>\n<p>Les horaires de la baignade surveill\u00e9e \u00e0 partir du 31 mai : Corbi\u00e8res, Proph\u00e8te, Prado Nord, Prado Sud, Huveaune, Bonneveine, Pointe Rouge : de 9h30 \u00e0 19h ; Catalans : de 10h \u00e0 19h30 ; Sormiou : de 11h \u00e0 18h30 ; Frioul : de 10h \u00e0 18h.<\/p>\n","protected":false},"excerpt":{"rendered":"Chaque ann\u00e9e, la m\u00eame histoire. Depuis le 1er mai, quand le ciel vire au bleu, les plages marseillaises&hellip;\n","protected":false},"author":2,"featured_media":113592,"comment_status":"","ping_status":"","sticky":false,"template":"","format":"standard","meta":{"footnotes":""},"categories":[2814],"tags":[17,1111,11,23333,154,1777,674,1011,27,2565,4564,884,12,8302,882,16,25,1810],"class_list":{"0":"post-113591","1":"post","2":"type-post","3":"status-publish","4":"format-standard","5":"has-post-thumbnail","7":"category-marseille","8":"tag-17","9":"tag-actu","10":"tag-actualites","11":"tag-bondees","12":"tag-des","13":"tag-eu","14":"tag-europe","15":"tag-fr","16":"tag-france","17":"tag-mai","18":"tag-mais","19":"tag-marseille","20":"tag-news","21":"tag-plages","22":"tag-provence-alpes-cote-dazur","23":"tag-region","24":"tag-republique-francaise","25":"tag-toujours"},"share_on_mastodon":{"url":"https:\/\/pubeurope.com\/@fr\/114538610957802162","error":""},"_links":{"self":[{"href":"https:\/\/www.europesays.com\/fr\/wp-json\/wp\/v2\/posts\/113591","targetHints":{"allow":["GET"]}}],"collection":[{"href":"https:\/\/www.europesays.com\/fr\/wp-json\/wp\/v2\/posts"}],"about":[{"href":"https:\/\/www.europesays.com\/fr\/wp-json\/wp\/v2\/types\/post"}],"author":[{"embeddable":true,"href":"https:\/\/www.europesays.com\/fr\/wp-json\/wp\/v2\/users\/2"}],"replies":[{"embeddable":true,"href":"https:\/\/www.europesays.com\/fr\/wp-json\/wp\/v2\/comments?post=113591"}],"version-history":[{"count":0,"href":"https:\/\/www.europesays.com\/fr\/wp-json\/wp\/v2\/posts\/113591\/revisions"}],"wp:featuredmedia":[{"embeddable":true,"href":"https:\/\/www.europesays.com\/fr\/wp-json\/wp\/v2\/media\/113592"}],"wp:attachment":[{"href":"https:\/\/www.europesays.com\/fr\/wp-json\/wp\/v2\/media?parent=113591"}],"wp:term":[{"taxonomy":"category","embeddable":true,"href":"https:\/\/www.europesays.com\/fr\/wp-json\/wp\/v2\/categories?post=113591"},{"taxonomy":"post_tag","embeddable":true,"href":"https:\/\/www.europesays.com\/fr\/wp-json\/wp\/v2\/tags?post=113591"}],"curies":[{"name":"wp","href":"https:\/\/api.w.org\/{rel}","templated":true}]}}