{"id":1135942,"date":"2026-08-19T06:36:15","date_gmt":"2026-08-19T06:36:15","guid":{"rendered":"https:\/\/www.europesays.com\/fr\/1135942\/"},"modified":"2026-08-19T06:36:15","modified_gmt":"2026-08-19T06:36:15","slug":"votre-enfant-sera-t-il-le-talent-de-demain-un-casting-de-mannequinat-ouvert-a-tous-au-kiabi-village","status":"publish","type":"post","link":"https:\/\/www.europesays.com\/fr\/1135942\/","title":{"rendered":"Votre enfant sera-t-il le \u00ab\u00a0talent de demain\u00a0\u00bb ? Un casting de mannequinat ouvert \u00e0 tous au Kiabi Village"},"content":{"rendered":"<p>                    Par<br \/>\n        <strong><br \/>\n            <a href=\"https:\/\/actu.fr\/auteur\/margot-nicodeme\" title=\"Consulter tous les articles de Margot Nicod\u00e8me\" rel=\"nofollow noopener\" target=\"_blank\">Margot Nicod\u00e8me<\/a><br \/>\n                    <\/strong><\/p>\n<p>        Publi\u00e9 le<\/p>\n<p>            19 ao\u00fbt 2026 \u00e0 7h36        <\/p>\n<p>Vous ne comptez pas aller \u00e0 la <a href=\"https:\/\/actu.fr\/tag\/braderie-de-lille\" rel=\"nofollow noopener\" target=\"_blank\">Braderie de Lille<\/a> ? Ou peut-\u00eatre que oui, mais que vous voulez compl\u00e9ter la sortie avec une autre, tant que vous \u00eates dans la m\u00e9tropole. Alors si vous \u00eates <b>parent d\u2019une ou plusieurs adorables t\u00eates blondes<\/b>, voici qui pourrait vous int\u00e9resser. Le samedi 5 septembre, <b>un grand casting pour enfants<\/b> est organis\u00e9 au <a href=\"https:\/\/actu.fr\/hauts-de-france\/lezennes_59346\/lezennes-le-kiabi-village-bien-plus-quun-magasin-2_61694874.html\" rel=\"nofollow noopener\" target=\"_blank\">Kiabi Village de Lezennes<\/a> en partenariat avec <b>l\u2019agence de mannequins lilloise Little Model<\/b>. D\u00e9tails.<\/p>\n<p>Un casting de mannequinat pour les enfants au Kiabi Village de Lezennes le 5 septembre<\/p>\n<p class=\" wall-content\">Peut-\u00eatre que votre fils, votre fille, sera l\u2019un des \u00ab\u00a0talents de demain\u00a0\u00bb ! \u00ab\u00a0Avec ce casting, Kiabi et Little Model souhaitent donner leur chance \u00e0 de nouveaux profils et permettre \u00e0 chaque enfant de r\u00e9v\u00e9ler ce qui fait sa singularit\u00e9\u00a0\u00bb, est-il expliqu\u00e9. Les enfants qui ont tap\u00e9 dans l\u2019\u0153il des casteurs seront ainsi \u00ab\u00a0susceptibles d\u2019int\u00e9grer l\u2019agence Lilttle Model et d\u2019\u00eatre propos\u00e9s aux diff\u00e9rentes marques clientes\u00a0\u00bb.\u00a0<\/p>\n<p class=\" wall-content\">Les enfants ne seront bien entendu pas brid\u00e9s, le jour J. Ils pourront d\u00e9couvrir \u00ab\u00a0les conditions d\u2019un shooting photo professionnel aux c\u00f4t\u00e9s de deux photographes\u00a0\u00bb, et \u00ab\u00a0prendre la pose, bouger, jouer avec les attitudes\u00a0\u00bb.\u00a0<\/p>\n<p class=\" wall-content\">Il s\u2019agit d\u2019un casting tr\u00e8s inclusif, puisque <b>tous les enfants \u00e2g\u00e9s de 3 mois \u00e0 16 ans sont invit\u00e9s \u00e0 se pr\u00e9senter<\/b> spontan\u00e9ment. Rendez-vous donc sans inscription, avec passage libre, le samedi 5 septembre entre 10h et 16h au Kiabi Village.<\/p>\n<p class=\" wall-content\">Personnalisez votre actualit\u00e9 en ajoutant vos villes et m\u00e9dias en favori avec <a href=\"https:\/\/moncompte.actu.fr\" title=\"D\u00e9couvez Mon Actu\" rel=\"nofollow noopener\" data-trk=\"{&quot;cta&quot;:{&quot;action&quot;:&quot;https:\\\/\\\/moncompte.actu.fr&quot;,&quot;category&quot;:&quot;mon compte&quot;,&quot;from&quot;:&quot;article footer&quot;,&quot;name&quot;:&quot;Mon actu&quot;,&quot;type&quot;:&quot;cta&quot;}}\" target=\"_blank\">Mon Actu<\/a>.<\/p>\n","protected":false},"excerpt":{"rendered":"Par Margot Nicod\u00e8me Publi\u00e9 le 19 ao\u00fbt 2026 \u00e0 7h36 Vous ne comptez pas aller \u00e0 la Braderie&hellip;\n","protected":false},"author":2,"featured_media":1135943,"comment_status":"","ping_status":"","sticky":false,"template":"","format":"standard","meta":{"footnotes":"","_share_on_mastodon":"0"},"categories":[2815],"tags":[1111,11,11668,1719,1777,674,1011,27,811,1307,1652,12,25],"class_list":["post-1135942","post","type-post","status-publish","format-standard","has-post-thumbnail","category-lille","tag-actu","tag-actualites","tag-casting","tag-enfants","tag-eu","tag-europe","tag-fr","tag-france","tag-hauts-de-france","tag-lille","tag-loisirs-culture","tag-news","tag-republique-francaise"],"share_on_mastodon":{"url":"https:\/\/pubeurope.com\/@fr\/117120793858556544","error":""},"_links":{"self":[{"href":"https:\/\/www.europesays.com\/fr\/wp-json\/wp\/v2\/posts\/1135942","targetHints":{"allow":["GET"]}}],"collection":[{"href":"https:\/\/www.europesays.com\/fr\/wp-json\/wp\/v2\/posts"}],"about":[{"href":"https:\/\/www.europesays.com\/fr\/wp-json\/wp\/v2\/types\/post"}],"author":[{"embeddable":true,"href":"https:\/\/www.europesays.com\/fr\/wp-json\/wp\/v2\/users\/2"}],"replies":[{"embeddable":true,"href":"https:\/\/www.europesays.com\/fr\/wp-json\/wp\/v2\/comments?post=1135942"}],"version-history":[{"count":0,"href":"https:\/\/www.europesays.com\/fr\/wp-json\/wp\/v2\/posts\/1135942\/revisions"}],"wp:featuredmedia":[{"embeddable":true,"href":"https:\/\/www.europesays.com\/fr\/wp-json\/wp\/v2\/media\/1135943"}],"wp:attachment":[{"href":"https:\/\/www.europesays.com\/fr\/wp-json\/wp\/v2\/media?parent=1135942"}],"wp:term":[{"taxonomy":"category","embeddable":true,"href":"https:\/\/www.europesays.com\/fr\/wp-json\/wp\/v2\/categories?post=1135942"},{"taxonomy":"post_tag","embeddable":true,"href":"https:\/\/www.europesays.com\/fr\/wp-json\/wp\/v2\/tags?post=1135942"}],"curies":[{"name":"wp","href":"https:\/\/api.w.org\/{rel}","templated":true}]}}