{"id":113601,"date":"2025-05-20T05:58:10","date_gmt":"2025-05-20T05:58:10","guid":{"rendered":"https:\/\/www.europesays.com\/fr\/113601\/"},"modified":"2025-05-20T05:58:10","modified_gmt":"2025-05-20T05:58:10","slug":"le-site-de-la-ficif-facilite-desormais-la-mise-en-relation-entre-chasseurs-et-gestionnaires-de-territoires-en-ile-de-france","status":"publish","type":"post","link":"https:\/\/www.europesays.com\/fr\/113601\/","title":{"rendered":"Le site de la FICIF facilite d\u00e9sormais la mise en relation entre chasseurs et gestionnaires de territoires en \u00cele-de-France"},"content":{"rendered":"<p>\t    \t\t\t    \t\t\t<img loading=\"lazy\" width=\"749\" height=\"499\" src=\"https:\/\/www.europesays.com\/fr\/wp-content\/uploads\/2025\/05\/Comparaison-des-agriculteurs-a-des-dealeurs-La-FNSEA-et-les-JA-demandent-une-suspension-des-controle.png\" class=\"attachment-medium_large size-medium_large wp-post-image\" alt=\"chasseurs\" decoding=\"async\"\/>\t    \t\t\t    <\/p>\n<p>             <strong>La FICIF facilite la mise en relation entre chasseurs en qu\u00eate de territoires et gestionnaires<\/strong><\/p>\n<p>La F\u00e9d\u00e9ration Interd\u00e9partementale des Chasseurs d\u2019\u00cele-de-France (FICIF) met en place un service pratique et gratuit pour simplifier la mise en relation entre chasseurs en qu\u00eate d\u2019un territoire de chasse et gestionnaires d\u00e9sireux d\u2019accueillir de nouveaux participants. Que ce soit pour la pratique de la chasse du petit gibier ou du grand gibier, cette initiative permet de r\u00e9pondre aux besoins de chacun pour tout l\u2019ouest de l\u2019\u00cele-de-France.<\/p>\n<p>Chasseur, vous cherchez un territoire pour la saison prochaine ?<\/p>\n<p>En quelques clics, vous pouvez consulter les annonces disponibles sur la page d\u00e9di\u00e9e de la FICIF : <a href=\"http:\/\/ficif.com\/bourse-territoires\" rel=\"nofollow noopener\" target=\"_blank\">http:\/\/ficif.com\/bourse-territoires<\/a>. Vous y trouverez des informations d\u00e9taill\u00e9es sur les types de chasse, les territoires propos\u00e9s, le nombre de chasseurs recherch\u00e9s, ainsi que les contacts des gestionnaires. Une occasion id\u00e9ale de trouver votre futur territoire pour pratiquer votre passion.<\/p>\n<p><strong>Gestionnaire d\u2019un territoire de chasse, vous souhaitez accueillir de nouveaux chasseurs ?<\/strong><\/p>\n<p>Valorisez votre territoire en d\u00e9posant une annonce gratuitement sur la plateforme d\u00e9di\u00e9e : <a href=\"http:\/\/ficif.com\/deposer-une-annonce\" rel=\"nofollow noopener\" target=\"_blank\">http:\/\/ficif.com\/deposer-une-annonce<\/a>. Ce service simple et rapide vous permet de donner de la visibilit\u00e9 \u00e0 vos offres et de trouver des partenaires pour g\u00e9rer efficacement votre territoire. Avec cette initiative, la FICIF facilite l\u2019acc\u00e8s \u00e0 de nouvelles opportunit\u00e9s de chasse pour les passionn\u00e9s, tout en contribuant \u00e0 une gestion raisonn\u00e9e et partag\u00e9e des espaces cyn\u00e9g\u00e9tiques en \u00cele-de-France.<\/p>\n<p>                <img decoding=\"async\" src=\"https:\/\/www.europesays.com\/fr\/wp-content\/uploads\/2025\/05\/1f4b4d53e45226a68f6a259ab1638b59\" alt=\"Fr\u00e9d\u00e9ric\"\/><\/p>\n<p>                Publi\u00e9 par Fr\u00e9d\u00e9ric Buszkowski<\/p>\n<p>Fr\u00e9d\u00e9ric Buszkowski, n\u00e9 en 1973, r\u00e9side dans le d\u00e9partement de la Dordogne. Ancien sous-officier de l&rsquo;arm\u00e9e de terre et ancien technicien sup\u00e9rieur \u00e0 la SNCF. Chasseur depuis une vingtaine d&rsquo;ann\u00e9es. Pratique\u00a0la chasse du grand gibier en battue et \u00e0 l&rsquo;aff\u00fbt, la chasse du pigeon ramier en palombi\u00e8re, la chasse du petit gibier \u00e0 plumes ainsi que la r\u00e9gulation de corvid\u00e9s.<\/p>\n<p>                                <a id=\"redirection\" href=\"https:\/\/www.chassons.com\/les-echos-des-federations\/le-site-de-la-ficif-facilite-desormais-la-mise-en-relation-entre-chasseurs-et-gestionnaires-de-territoires-en-ile-de-france\/414275\/#comments\" rel=\"nofollow noopener\" target=\"_blank\">Voir les commentaires<\/a><\/p>\n<p>    <img loading=\"lazy\" decoding=\"async\" src=\"https:\/\/www.europesays.com\/fr\/wp-content\/uploads\/2025\/05\/annonces.png\" alt=\"Annonce\" width=\"60\" height=\"60\"\/><br \/>\n    C&rsquo;est le moment de d\u00e9poser votre annonce<br \/>\n    Publier<\/p>\n","protected":false},"excerpt":{"rendered":"La FICIF facilite la mise en relation entre chasseurs en qu\u00eate de territoires et gestionnaires La F\u00e9d\u00e9ration Interd\u00e9partementale&hellip;\n","protected":false},"author":2,"featured_media":113602,"comment_status":"","ping_status":"","sticky":false,"template":"","format":"standard","meta":{"footnotes":""},"categories":[1592],"tags":[1111,11,1777,674,23338,1011,27,662,12,626,25],"class_list":{"0":"post-113601","1":"post","2":"type-post","3":"status-publish","4":"format-standard","5":"has-post-thumbnail","7":"category-ile-de-france","8":"tag-actu","9":"tag-actualites","10":"tag-eu","11":"tag-europe","12":"tag-federation-de-chasse","13":"tag-fr","14":"tag-france","15":"tag-ile-de-france","16":"tag-news","17":"tag-paris","18":"tag-republique-francaise"},"share_on_mastodon":{"url":"https:\/\/pubeurope.com\/@fr\/114538630855572991","error":""},"_links":{"self":[{"href":"https:\/\/www.europesays.com\/fr\/wp-json\/wp\/v2\/posts\/113601","targetHints":{"allow":["GET"]}}],"collection":[{"href":"https:\/\/www.europesays.com\/fr\/wp-json\/wp\/v2\/posts"}],"about":[{"href":"https:\/\/www.europesays.com\/fr\/wp-json\/wp\/v2\/types\/post"}],"author":[{"embeddable":true,"href":"https:\/\/www.europesays.com\/fr\/wp-json\/wp\/v2\/users\/2"}],"replies":[{"embeddable":true,"href":"https:\/\/www.europesays.com\/fr\/wp-json\/wp\/v2\/comments?post=113601"}],"version-history":[{"count":0,"href":"https:\/\/www.europesays.com\/fr\/wp-json\/wp\/v2\/posts\/113601\/revisions"}],"wp:featuredmedia":[{"embeddable":true,"href":"https:\/\/www.europesays.com\/fr\/wp-json\/wp\/v2\/media\/113602"}],"wp:attachment":[{"href":"https:\/\/www.europesays.com\/fr\/wp-json\/wp\/v2\/media?parent=113601"}],"wp:term":[{"taxonomy":"category","embeddable":true,"href":"https:\/\/www.europesays.com\/fr\/wp-json\/wp\/v2\/categories?post=113601"},{"taxonomy":"post_tag","embeddable":true,"href":"https:\/\/www.europesays.com\/fr\/wp-json\/wp\/v2\/tags?post=113601"}],"curies":[{"name":"wp","href":"https:\/\/api.w.org\/{rel}","templated":true}]}}