{"id":113603,"date":"2025-05-20T05:59:08","date_gmt":"2025-05-20T05:59:08","guid":{"rendered":"https:\/\/www.europesays.com\/fr\/113603\/"},"modified":"2025-05-20T05:59:08","modified_gmt":"2025-05-20T05:59:08","slug":"prevention-soins-quattendre-de-la-future-maison-de-lanimal-en-construction-dans-le-val-de-marne","status":"publish","type":"post","link":"https:\/\/www.europesays.com\/fr\/113603\/","title":{"rendered":"Pr\u00e9vention, soins&#8230; Qu&rsquo;attendre de la future maison de l&rsquo;animal en construction dans le Val-de-Marne\u00a0?"},"content":{"rendered":"<p>            Par<br \/>\n        <strong><br \/>\n            <a href=\"https:\/\/actu.fr\/auteur\/redaction-valdemarne\" title=\"Consulter tous les articles de R\u00e9daction Val de Marne\" target=\"_blank\" rel=\"noopener\">R\u00e9daction Val de Marne<\/a><br \/>\n        <\/strong><\/p>\n<p>        Publi\u00e9 le<\/p>\n<p>            20 mai 2025 \u00e0 7h24        <\/p>\n<p>Un lieu d\u00e9di\u00e9 \u00e0 la <a href=\"https:\/\/actu.fr\/ile-de-france\/chennevieres-sur-marne_94019\/le-refuge-avait-sombre-dans-l-horreur-200-chats-sauves-in-extremis-dans-le-val-de-marne_62242762.html\" target=\"_blank\" rel=\"noopener\">protection animale<\/a>. Ce mercredi 21 mai 2025, la ville de <a href=\"https:\/\/actu.fr\/ile-de-france\/chennevieres-sur-marne_94019\" target=\"_blank\" rel=\"noopener\">Chennevi\u00e8res-sur-Marne<\/a> (<a href=\"https:\/\/actu.fr\/ile-de-france\/val-de-marne_94\" target=\"_blank\" rel=\"noopener\">Val-de-Marne<\/a>) lancera officiellement le chantier de construction de sa<strong> maison de l\u2019animal et du biotope<\/strong>. Un \u00ab\u00a0\u00e9quipement pionnier\u00a0\u00bb, qui regroupera \u00ab\u00a0tous les aspects de la lutte\u00a0\u00bb en la mati\u00e8re, promet la municipalit\u00e9. <a href=\"https:\/\/actu.fr\/ile-de-france\/gennevilliers_92036\/un-refuge-pense-pour-le-bien-etre-animal-a-gennevilliers-une-nouvelle-spa-plus-moderne-et-spacieuse_62432568.html\" target=\"_blank\" rel=\"noopener\">Accueil d\u2019animaux abandonn\u00e9s<\/a>, <a href=\"https:\/\/actu.fr\/ile-de-france\/maisons-alfort_94046\/dans-les-coulisses-de-l-hopital-des-animaux-de-l-ecole-veterinaire-de-maisons-alfort_55101517.html\" target=\"_blank\" rel=\"noopener\">soins v\u00e9t\u00e9rinaires<\/a>, <a href=\"https:\/\/actu.fr\/ile-de-france\/saint-maur-des-fosses_94068\/dans-ce-centre-de-soins-corinne-offre-une-seconde-chance-aux-herissons-en-detresse_53214205.html\" target=\"_blank\" rel=\"noopener\">refuge pour la faune sauvage<\/a>\u2026 \u00c0 quoi s\u2019attendre ?<\/p>\n<p>Soins v\u00e9t\u00e9rinaires, refuge et lieu d\u2019accueil<\/p>\n<p class=\" wall-content\">La future maison, dont le co\u00fbt de construction s\u2019\u00e9l\u00e8ve \u00e0 <strong>5 millions d\u2019euros<\/strong>, est situ\u00e9e pr\u00e8s du Fort de Champigny, sur l\u2019avenue de Coeuilly. Pour mener \u00e0 bien ce projet, la ville a b\u00e9n\u00e9fici\u00e9 de subventions de la r\u00e9gion <a href=\"https:\/\/actu.fr\/ile-de-france\/\" target=\"_blank\" rel=\"noopener\">\u00cele-de-France<\/a>, de la <a href=\"https:\/\/actu.fr\/tag\/metropole-du-grand-paris\" target=\"_blank\" rel=\"noopener\">M\u00e9tropole du Grand Paris<\/a> et du d\u00e9partement du Val-de-Marne. Elle devrait ouvrir ses portes au <strong>premier semestre 2026<\/strong>.<\/p>\n<p class=\" wall-content\">Plusieurs activit\u00e9s y seront d\u00e9velopp\u00e9es : \u00ab\u00a0<strong>soins v\u00e9t\u00e9rinaires<\/strong> pour les animaux domestiques et la faune sauvage\u00a0\u00bb, \u00ab\u00a0<strong>lieu d\u2019accueil<\/strong> pour les animaux abandonn\u00e9s\u00a0\u00bb et \u00ab\u00a0<strong>refuge pour la faune sauvage<\/strong>\u00ab\u00a0, d\u00e9veloppe la mairie.<\/p>\n<p class=\" wall-content\">Le lieu sera notamment ouvert aux propri\u00e9taires d\u2019animaux en difficult\u00e9 financi\u00e8re afin qu\u2019ils puissent faire soigner leur compagnon \u00e0 quatre pattes. Sur le volet plus p\u00e9dagogique, des actions de sensibilisations seront dispens\u00e9es. Une place sera faite aux <strong>associations de protection animale<\/strong>.\u00a0<\/p>\n<p>Un engagement de longue date pour la cause animale<\/p>\n<p class=\" wall-content\">Plusieurs exigences techniques ont \u00e9t\u00e9 prises en compte dans l\u2019\u00e9laboration du plan architectural de la maison : \u00ab\u00a0accessibilit\u00e9, confort des animaux, performance thermique, renouvellement d\u2019air, int\u00e9gration dans l\u2019espace bois\u00e9, facilit\u00e9 d\u2019exploitation-maintenance, r\u00e9duction des co\u00fbts d\u2019entretien-maintenance\u00a0\u00bb, liste la ville.<\/p>\n<p>Vid\u00e9os : en ce moment sur Actu<\/p>\n<p class=\" wall-content\">Ce projet r\u00e9pond \u00e0 l\u2019<strong>engagement de la commune<\/strong> en faveur de la cause animale, initi\u00e9e en 2014 avec la cr\u00e9ation d\u2019une d\u00e9l\u00e9gation d\u00e9di\u00e9e \u00e0 ce sujet. Il s\u2019est concr\u00e9tis\u00e9 \u00e0 travers plusieurs mesures. Outre les subventions d\u2019aides vers\u00e9es aux associations de protection animale, la ville a \u00e9quip\u00e9 en juin 2024 un agent de sa Police municipale d\u2019un lecteur de puce pour identifier les animaux perdus ou errants.<\/p>\n<p class=\" wall-content\">Suivez toute l\u2019actualit\u00e9 de vos villes et m\u00e9dias favoris en vous inscrivant \u00e0 <a href=\"https:\/\/moncompte.actu.fr\" title=\"D\u00e9couvez Mon Actu\" rel=\"nofollow noopener\" data-trk=\"{&quot;cta&quot;:{&quot;action&quot;:&quot;https:\\\/\\\/moncompte.actu.fr&quot;,&quot;category&quot;:&quot;mon compte&quot;,&quot;from&quot;:&quot;article footer&quot;,&quot;name&quot;:&quot;Mon actu&quot;,&quot;type&quot;:&quot;cta&quot;}}\" target=\"_blank\">Mon Actu<\/a>.<\/p>\n","protected":false},"excerpt":{"rendered":"Par R\u00e9daction Val de Marne Publi\u00e9 le 20 mai 2025 \u00e0 7h24 Un lieu d\u00e9di\u00e9 \u00e0 la protection&hellip;\n","protected":false},"author":2,"featured_media":113604,"comment_status":"","ping_status":"","sticky":false,"template":"","format":"standard","meta":{"footnotes":""},"categories":[1888],"tags":[1111,1928,11,1927,1867,1777,674,1011,27,6795,12,1926,626,1925,25,104,2086],"class_list":{"0":"post-113603","1":"post","2":"type-post","3":"status-publish","4":"format-standard","5":"has-post-thumbnail","7":"category-paris","8":"tag-actu","9":"tag-actu-paris","10":"tag-actualites","11":"tag-actualites-paris","12":"tag-animaux","13":"tag-eu","14":"tag-europe","15":"tag-fr","16":"tag-france","17":"tag-maltraitance-animale","18":"tag-news","19":"tag-news-paris","20":"tag-paris","21":"tag-paris-news","22":"tag-republique-francaise","23":"tag-societe","24":"tag-travaux"},"share_on_mastodon":{"url":"https:\/\/pubeurope.com\/@fr\/114538634711436060","error":""},"_links":{"self":[{"href":"https:\/\/www.europesays.com\/fr\/wp-json\/wp\/v2\/posts\/113603","targetHints":{"allow":["GET"]}}],"collection":[{"href":"https:\/\/www.europesays.com\/fr\/wp-json\/wp\/v2\/posts"}],"about":[{"href":"https:\/\/www.europesays.com\/fr\/wp-json\/wp\/v2\/types\/post"}],"author":[{"embeddable":true,"href":"https:\/\/www.europesays.com\/fr\/wp-json\/wp\/v2\/users\/2"}],"replies":[{"embeddable":true,"href":"https:\/\/www.europesays.com\/fr\/wp-json\/wp\/v2\/comments?post=113603"}],"version-history":[{"count":0,"href":"https:\/\/www.europesays.com\/fr\/wp-json\/wp\/v2\/posts\/113603\/revisions"}],"wp:featuredmedia":[{"embeddable":true,"href":"https:\/\/www.europesays.com\/fr\/wp-json\/wp\/v2\/media\/113604"}],"wp:attachment":[{"href":"https:\/\/www.europesays.com\/fr\/wp-json\/wp\/v2\/media?parent=113603"}],"wp:term":[{"taxonomy":"category","embeddable":true,"href":"https:\/\/www.europesays.com\/fr\/wp-json\/wp\/v2\/categories?post=113603"},{"taxonomy":"post_tag","embeddable":true,"href":"https:\/\/www.europesays.com\/fr\/wp-json\/wp\/v2\/tags?post=113603"}],"curies":[{"name":"wp","href":"https:\/\/api.w.org\/{rel}","templated":true}]}}