{"id":1136030,"date":"2026-08-19T07:34:18","date_gmt":"2026-08-19T07:34:18","guid":{"rendered":"https:\/\/www.europesays.com\/fr\/1136030\/"},"modified":"2026-08-19T07:34:18","modified_gmt":"2026-08-19T07:34:18","slug":"face-aux-fortes-chaleurs-rouen-etudie-le-retour-a-la-baignade-en-seine-et-sinspire-dautres-villes","status":"publish","type":"post","link":"https:\/\/www.europesays.com\/fr\/1136030\/","title":{"rendered":"Face aux fortes chaleurs, Rouen \u00e9tudie le retour \u00e0 la baignade en Seine et s\u2019inspire d\u2019autres villes"},"content":{"rendered":"<p>\tEt vous, vous seriez pr\u00eats \u00e0 vous baigner dans la Seine, \u00e0 Rouen\u00a0? En cet \u00e9t\u00e9 2026 particuli\u00e8rement chaud, la Ville et la M\u00e9tropole se penchent activement sur la faisabilit\u00e9 du projet, notamment en cherchant l\u2019inspiration \u00e0 Paris et \u00e0 l\u2019\u00e9tranger.<\/p>\n<p>   Article r\u00e9serv\u00e9 aux abonn\u00e9s<\/p>\n<p>                    <a href=\"https:\/\/google.com\/preferences\/source?q=paris-normandie.fr\" target=\"_blank\" class=\"r-btn r-btn--outline-dark r-btn--google js-datalayer-click\" title=\"Ajouter sur Google\" data-clic-category=\"article\" data-clic-component=\"pr\u00e9f\u00e9rences\" data-clic-element-type=\"CTA\" data-clic-element-name=\"source\" pr=\"\" google=\"\" rel=\"nofollow noopener\"><\/p>\n<p>                      Ajouter Paris Normandie sur Google<br \/>\n                  <\/a><\/p>\n<p>  <img decoding=\"async\" data-copyright=\"Photo d\u2019archives PND\" class=\"r-img\"  typeof=\"foaf:Image\" src=\"https:\/\/www.europesays.com\/fr\/wp-content\/uploads\/2026\/08\/87500702.png\" alt=\"En juin 2026, des adolescents piquent une t\u00eate dans la Seine, au niveau de l\u2019\u00eele Lacroix, malgr\u00e9 l\u2019interdiction.\"\/>  <\/p>\n<p>Article multimedia<\/p>\n<p>  <img decoding=\"async\" class=\"r-img lazyloaded\" src=\"\/sites\/all\/themes\/enacarbon_pn\/images\/pn_logo_gris.png\" alt=\"Image auteur par d\u00e9faut\"\/><\/p>\n<p>\tPubli\u00e9: 19 Ao\u00fbt 2026 \u00e0 07h12<\/p>\n<p>Temps de lecture:<br \/>\n1 min<\/p>\n<p>Apr\u00e8s la qualit\u00e9 de l\u2019air, la qualit\u00e9 de l\u2019eau\u00a0? Face aux \u00e9pisodes de fortes chaleurs de cet \u00e9t\u00e9 2026, certains Rouennais \u2013 \u00e0 l\u2019instar du collectif Seine Vivante 76 \u2013 ont rouvert le d\u00e9bat quant \u00e0 la possibilit\u00e9 de se baigner dans la Seine d\u2019ici \u00e0 quelques ann\u00e9es.<\/p>\n<p>Au fait des donn\u00e9es positives transmises par les institutions sp\u00e9cialis\u00e9es, la Ville se pose, elle aussi, s\u00e9rieusement la question.<\/p>\n<p>&#13;<br \/>\n&#13;<\/p>\n<p>&#13;<br \/>\n&#13;<\/p>\n<p>      Cet article est r\u00e9serv\u00e9 aux abonn\u00e9s.<\/p>\n<p><strong>D\u00e9couvrez la suite<\/strong><\/p>\n<p>Sans engagement<\/p>\n<p>        <a onclick=\"dataLayer.push({&#039;event&#039;: &#039;PWClick&#039;,&#039;PWVersion&#039;: &#039;PW_en_dur&#039;,&#039;CTAClass&#039;:&#039;Je m\\&#039;abonne&#039;})\" class=\"r-btn r-btn--secondary\" target=\"_self\" id=\"btn_paywall_subscribe\" href=\"https:\/\/abonnement.paris-normandie.fr\/?int_source=paris_normandie&amp;int_medium=paywall_connecte&amp;int_campaign=dpi\" rel=\"nofollow noopener\">Je m&rsquo;abonne<\/a><\/p>\n<ul>\n<li>Acc\u00e8s illimit\u00e9 aux articles<\/li>\n<li>Journal en version num\u00e9rique<\/li>\n<li>Partage famille : 3 comptes<\/li>\n<\/ul>\n<p>      Pour continuer de lire cet article <br \/>ABONNEZ-VOUS<\/p>\n<p>        <a onclick=\"dataLayer.push({&#039;event&#039;: &#039;PWClick&#039;,&#039;PWVersion&#039;: &#039;PW_en_dur&#039;,&#039;CTAClass&#039;:&#039;Je m\\&#039;abonne&#039;})\" class=\"r-btn r-btn--secondary\" id=\"btn_paywall_subscribe\" target=\"_self\" href=\"https:\/\/abonnement.paris-normandie.fr\/?int_source=paris_normandie&amp;int_medium=paywall_anonyme&amp;int_campaign=dpi\" rel=\"nofollow noopener\">Je m&rsquo;abonne<\/a><\/p>\n<ul>\n<li>Acc\u00e8s illimit\u00e9 aux articles<\/li>\n<li>Journal en version num\u00e9rique 7j\/7<\/li>\n<li>Partage famille : 3 comptes<\/li>\n<\/ul>\n<p>D\u00e9j\u00e0 abonn\u00e9 ?<a class=\"bu_paywall_cp_anonyme js-sso--url\" id=\"btn_paywall_login\" href=\"https:\/\/ssov3.paris-normandie.fr\/product\/redirect?product_id=fr_parisnormandie&amp;return_to=[current-page:js-url]\" rel=\"nofollow noopener\" target=\"_blank\">Je m&rsquo;identifie<\/a><\/p>\n<p>Contenus sponsoris\u00e9s<\/p>\n<p>&#13;<br \/>\n&#13;<\/p>\n<p>&#13;<br \/>\n&#13;<\/p>\n","protected":false},"excerpt":{"rendered":"Et vous, vous seriez pr\u00eats \u00e0 vous baigner dans la Seine, \u00e0 Rouen\u00a0? En cet \u00e9t\u00e9 2026 particuli\u00e8rement&hellip;\n","protected":false},"author":2,"featured_media":1136031,"comment_status":"","ping_status":"","sticky":false,"template":"","format":"standard","meta":{"footnotes":"","_share_on_mastodon":"0"},"categories":[9587],"tags":[1111,11,1777,674,1011,27,92383,12,5161,25,9590,81595,13527],"class_list":["post-1136030","post","type-post","status-publish","format-standard","has-post-thumbnail","category-rouen","tag-actu","tag-actualites","tag-eu","tag-europe","tag-fr","tag-france","tag-mu00e9tropole-rouen-normandie","tag-news","tag-normandie","tag-republique-francaise","tag-rouen","tag-rouen-seine-maritime","tag-seine"],"share_on_mastodon":{"url":"https:\/\/pubeurope.com\/@fr\/117121024908614182","error":""},"_links":{"self":[{"href":"https:\/\/www.europesays.com\/fr\/wp-json\/wp\/v2\/posts\/1136030","targetHints":{"allow":["GET"]}}],"collection":[{"href":"https:\/\/www.europesays.com\/fr\/wp-json\/wp\/v2\/posts"}],"about":[{"href":"https:\/\/www.europesays.com\/fr\/wp-json\/wp\/v2\/types\/post"}],"author":[{"embeddable":true,"href":"https:\/\/www.europesays.com\/fr\/wp-json\/wp\/v2\/users\/2"}],"replies":[{"embeddable":true,"href":"https:\/\/www.europesays.com\/fr\/wp-json\/wp\/v2\/comments?post=1136030"}],"version-history":[{"count":0,"href":"https:\/\/www.europesays.com\/fr\/wp-json\/wp\/v2\/posts\/1136030\/revisions"}],"wp:featuredmedia":[{"embeddable":true,"href":"https:\/\/www.europesays.com\/fr\/wp-json\/wp\/v2\/media\/1136031"}],"wp:attachment":[{"href":"https:\/\/www.europesays.com\/fr\/wp-json\/wp\/v2\/media?parent=1136030"}],"wp:term":[{"taxonomy":"category","embeddable":true,"href":"https:\/\/www.europesays.com\/fr\/wp-json\/wp\/v2\/categories?post=1136030"},{"taxonomy":"post_tag","embeddable":true,"href":"https:\/\/www.europesays.com\/fr\/wp-json\/wp\/v2\/tags?post=1136030"}],"curies":[{"name":"wp","href":"https:\/\/api.w.org\/{rel}","templated":true}]}}