{"id":113609,"date":"2025-05-20T06:02:12","date_gmt":"2025-05-20T06:02:12","guid":{"rendered":"https:\/\/www.europesays.com\/fr\/113609\/"},"modified":"2025-05-20T06:02:12","modified_gmt":"2025-05-20T06:02:12","slug":"netanyahou-affirme-que-paris-londres-et-ottawa-encouragent-un-nouveau-7-octobre-liberation","status":"publish","type":"post","link":"https:\/\/www.europesays.com\/fr\/113609\/","title":{"rendered":"N\u00e9tanyahou affirme que Paris, Londres et Ottawa \u00abencouragent\u00bb un nouveau 7\u00a0Octobre \u2013 Lib\u00e9ration"},"content":{"rendered":"<p class=\"sc-ksZaOG ehjQrN text-element\">Aucune pudeur. <a href=\"https:\/\/www.liberation.fr\/international\/moyen-orient\/benyamin-netanyahou-joue-les-humanitaires-alors-que-loffensive-de-tsahal-redouble-a-gaza-20250519_BP3PK7XNO5D4DGU4TM7WSZ2YMY\/\" target=\"_blank\" rel=\"noopener\" title=\"https:\/\/www.liberation.fr\/international\/moyen-orient\/benyamin-netanyahou-joue-les-humanitaires-alors-que-loffensive-de-tsahal-redouble-a-gaza-20250519_BP3PK7XNO5D4DGU4TM7WSZ2YMY\/\">Benyamin\u00a0N\u00e9tanyahou<\/a>\u00a0a r\u00e9agi lundi \u00e0 la condamnation de l\u2019offensive militaire de son pays \u00e0 Gaza par <a href=\"https:\/\/www.liberation.fr\/international\/moyen-orient\/guerre-a-gaza-macron-starmer-et-carney-denoncent-les-actions-scandaleuses-du-gouvernement-de-netanyahou-20250519_26P2ESCPYRAW7NNPUKVOLMKVAQ\/\" target=\"_blank\" rel=\"noopener\" title=\"https:\/\/www.liberation.fr\/international\/moyen-orient\/guerre-a-gaza-macron-starmer-et-carney-denoncent-les-actions-scandaleuses-du-gouvernement-de-netanyahou-20250519_26P2ESCPYRAW7NNPUKVOLMKVAQ\/\">les dirigeants britannique, canadien et fran\u00e7ais<\/a>, estimant qu\u2019ils offrent ainsi une \u00abimmense r\u00e9compense\u00bb au Hamas.<\/p>\n<p class=\"sc-ksZaOG ehjQrN text-element\">\u00abEn demandant \u00e0 Isra\u00ebl de mettre fin \u00e0 une guerre d\u00e9fensive pour notre survie avant que les terroristes du Hamas \u00e0 notre fronti\u00e8re ne soient d\u00e9truits, et en exigeant un Etat palestinien, les dirigeants de Londres, Ottawa et Paris offrent une immense r\u00e9compense pour l\u2019attaque g\u00e9nocidaire contre Isra\u00ebl du 7\u00a0Octobre, tout en encourageant de nouvelles atrocit\u00e9s de ce genre\u00bb, a d\u00e9clar\u00e9 le Premier ministre isra\u00e9lien dans un communiqu\u00e9.<\/p>\n<p class=\"sc-ksZaOG ehjQrN text-element\">Emmanuel Macron, Keir Starmer et Mark Carney avaient pr\u00e9venu lundi qu\u2019ils ne resteraient \u00abpas les bras crois\u00e9s\u00bb face aux <a href=\"https:\/\/www.liberation.fr\/international\/moyen-orient\/israel-compte-prendre-le-controle-de-gaza-levee-partielle-du-blocus-sur-laide-humanitaire-frappes-meurtrieres-lactu-du-conflit-au-proche-orient-ce-lundi-19-mai-20250519_NXYBVZ2GLBA6ZEVZ76DXE5XB2Y\/\" target=\"_blank\" rel=\"noopener\" title=\"https:\/\/www.liberation.fr\/international\/moyen-orient\/israel-compte-prendre-le-controle-de-gaza-levee-partielle-du-blocus-sur-laide-humanitaire-frappes-meurtrieres-lactu-du-conflit-au-proche-orient-ce-lundi-19-mai-20250519_NXYBVZ2GLBA6ZEVZ76DXE5XB2Y\/\">\u00abactions scandaleuses\u00bb<\/a> du gouvernement isra\u00e9lien\u00a0\u00e0 Gaza, mena\u00e7ant de \u00abmesures concr\u00e8tes\u00bb s\u2019il ne cessait pas son offensive militaire et ne d\u00e9bloquait pas l\u2019aide humanitaire. \u00abNous sommes d\u00e9termin\u00e9s \u00e0 reconna\u00eetre un Etat palestinien en tant que contribution \u00e0 la r\u00e9alisation d\u2019une solution \u00e0 deux Etats et nous sommes pr\u00eats \u00e0 travailler avec d\u2019autres \u00e0 cette fin\u00bb, affirment le pr\u00e9sident fran\u00e7ais et les Premiers ministres britannique et canadien dans une d\u00e9claration conjointe, en r\u00e9f\u00e9rence notamment \u00e0 la conf\u00e9rence pr\u00e9vue en juin aux Nations unies \u00abpour d\u00e9gager un consensus international autour de cet objectif\u00bb.<\/p>\n<p class=\"sc-ksZaOG ehjQrN text-element\">\u00abNous nous opposons fermement \u00e0 l\u2019extension des op\u00e9rations militaires isra\u00e9liennes \u00e0 Gaza\u00bb, disent les dirigeants, selon lesquels le \u00abniveau de souffrance humaine\u00bb est \u00abintol\u00e9rable\u00bb dans l\u2019enclave palestinienne. Ils jugent \u00abtout \u00e0 fait insuffisante\u00bb l\u2019annonce de l\u2019acc\u00e8s octroy\u00e9 \u00e0 <a href=\"https:\/\/www.liberation.fr\/international\/moyen-orient\/en-direct-guerre-a-gaza-au-moins-33-palestiniens-tues-dans-un-pilonnage-israelien-selon-les-secours-20250518_TZOUUZDROJESLFTSQ5XSLAFVN4\/\" target=\"_blank\" rel=\"noopener\" title=\"https:\/\/www.liberation.fr\/international\/moyen-orient\/en-direct-guerre-a-gaza-au-moins-33-palestiniens-tues-dans-un-pilonnage-israelien-selon-les-secours-20250518_TZOUUZDROJESLFTSQ5XSLAFVN4\/\">\u00abune quantit\u00e9 minimale de nourriture\u00bb<\/a> et demandent \u00abau gouvernement isra\u00e9lien d\u2019arr\u00eater ses op\u00e9rations militaires \u00e0 Gaza et d\u2019autoriser imm\u00e9diatement l\u2019entr\u00e9e de l\u2019aide humanitaire\u00bb.<\/p>\n<p class=\"sc-ksZaOG ehjQrN text-element\">Keir Starmer, Mark Carney et Emmanuel Macron condamnent \u00e9galement \u00able langage odieux utilis\u00e9 r\u00e9cemment par des membres du gouvernement isra\u00e9lien et la menace agit\u00e9e d\u2019un d\u00e9placement forc\u00e9 des civils confront\u00e9s \u00e0 la destruction d\u00e9sesp\u00e9rante de Gaza\u00bb. Tout en reconnaissant le droit d\u2019Isra\u00ebl \u00e0 se \u00abd\u00e9fendre\u00bb contre \u00able terrorisme\u00bb et en demandant \u00abau Hamas de lib\u00e9rer imm\u00e9diatement les derniers otages qu\u2019il retient si cruellement depuis le 7\u00a0octobre 2023\u00bb, les trois dirigeants estiment que <a href=\"https:\/\/www.liberation.fr\/dossier\/israel-palestine-conflit\/\" target=\"_blank\" rel=\"noopener\" title=\"https:\/\/www.liberation.fr\/dossier\/israel-palestine-conflit\/\">l\u2019escalade men\u00e9e par les autorit\u00e9s isra\u00e9liennes<\/a> est \u00abtotalement disproportionn\u00e9e\u00bb.<\/p>\n<p class=\"sc-ksZaOG ehjQrN text-element\">\u00abSi Isra\u00ebl ne met pas fin \u00e0 la nouvelle offensive militaire et ne l\u00e8ve pas ses restrictions sur l\u2019aide humanitaire, nous prendrons d\u2019autres mesures concr\u00e8tes en r\u00e9ponse\u00bb, pr\u00e9viennent-ils sans pr\u00e9ciser lesquelles. Ils menacent aussi de \u00abmesures cibl\u00e9es\u00bb si Isra\u00ebl ne met pas fin aux \u00abimplantations qui sont ill\u00e9gales et compromettent la viabilit\u00e9 d\u2019un Etat palestinien\u00bb.<\/p>\n<p class=\"sc-ksZaOG ehjQrN text-element\">Evoquant la conf\u00e9rence du 18\u00a0juin \u00e0 New York, copr\u00e9sid\u00e9e par l\u2019Arabie saoudite et la France, sur la solution \u00e0 deux Etats, ils promettent de \u00abtravailler avec l\u2019Autorit\u00e9 palestinienne, les partenaires r\u00e9gionaux, Isra\u00ebl et les Etats-Unis afin de parvenir \u00e0 un consensus sur les dispositions \u00e0 prendre pour l\u2019avenir de Gaza, en s\u2019appuyant sur le plan arabe\u00bb.<\/p>\n","protected":false},"excerpt":{"rendered":"Aucune pudeur. Benyamin\u00a0N\u00e9tanyahou\u00a0a r\u00e9agi lundi \u00e0 la condamnation de l\u2019offensive militaire de son pays \u00e0 Gaza par les&hellip;\n","protected":false},"author":2,"featured_media":113610,"comment_status":"","ping_status":"","sticky":false,"template":"","format":"standard","meta":{"footnotes":""},"categories":[1888],"tags":[11,952,1777,674,1011,27,3517,664,3523,12,626,25],"class_list":{"0":"post-113609","1":"post","2":"type-post","3":"status-publish","4":"format-standard","5":"has-post-thumbnail","7":"category-paris","8":"tag-actualites","9":"tag-benyamin-netanyahou","10":"tag-eu","11":"tag-europe","12":"tag-fr","13":"tag-france","14":"tag-gaza-l-escalade","15":"tag-israel","16":"tag-israel-palestine-conflit","17":"tag-news","18":"tag-paris","19":"tag-republique-francaise"},"share_on_mastodon":{"url":"https:\/\/pubeurope.com\/@fr\/114538646463418472","error":""},"_links":{"self":[{"href":"https:\/\/www.europesays.com\/fr\/wp-json\/wp\/v2\/posts\/113609","targetHints":{"allow":["GET"]}}],"collection":[{"href":"https:\/\/www.europesays.com\/fr\/wp-json\/wp\/v2\/posts"}],"about":[{"href":"https:\/\/www.europesays.com\/fr\/wp-json\/wp\/v2\/types\/post"}],"author":[{"embeddable":true,"href":"https:\/\/www.europesays.com\/fr\/wp-json\/wp\/v2\/users\/2"}],"replies":[{"embeddable":true,"href":"https:\/\/www.europesays.com\/fr\/wp-json\/wp\/v2\/comments?post=113609"}],"version-history":[{"count":0,"href":"https:\/\/www.europesays.com\/fr\/wp-json\/wp\/v2\/posts\/113609\/revisions"}],"wp:featuredmedia":[{"embeddable":true,"href":"https:\/\/www.europesays.com\/fr\/wp-json\/wp\/v2\/media\/113610"}],"wp:attachment":[{"href":"https:\/\/www.europesays.com\/fr\/wp-json\/wp\/v2\/media?parent=113609"}],"wp:term":[{"taxonomy":"category","embeddable":true,"href":"https:\/\/www.europesays.com\/fr\/wp-json\/wp\/v2\/categories?post=113609"},{"taxonomy":"post_tag","embeddable":true,"href":"https:\/\/www.europesays.com\/fr\/wp-json\/wp\/v2\/tags?post=113609"}],"curies":[{"name":"wp","href":"https:\/\/api.w.org\/{rel}","templated":true}]}}