{"id":1136096,"date":"2026-08-19T08:21:16","date_gmt":"2026-08-19T08:21:16","guid":{"rendered":"https:\/\/www.europesays.com\/fr\/1136096\/"},"modified":"2026-08-19T08:21:16","modified_gmt":"2026-08-19T08:21:16","slug":"la-france-insoumise-va-reproposer-linterdiction-de-deux-pesticides-dont-lacetamipride-lors-de-sa-journee-a-lassemblee-fin-octobre","status":"publish","type":"post","link":"https:\/\/www.europesays.com\/fr\/1136096\/","title":{"rendered":"La France Insoumise va reproposer l&rsquo;interdiction de deux pesticides, dont l\u2019ac\u00e9tamipride, lors de sa journ\u00e9e \u00e0 l&rsquo;Assembl\u00e9e fin octobre"},"content":{"rendered":"<p>\n    \u00abNous utiliserons notre niche parlementaire pour abroger cette loi poison. L\u2019ann\u00e9e derni\u00e8re, 2,2 millions de personnes avaient sign\u00e9 une p\u00e9tition contre la r\u00e9introduction des n\u00e9onicotino\u00efdes\u00bb, a rappel\u00e9 mercredi Mathilde Panot sur France Inter.<\/p>\n<p class=\"fig-paragraph\">Le groupe\u00a0<a href=\"http:\/\/www.lefigaro.fr\/politique\/manuel-bompard-invite-officiellement-la-ministre-de-la-transition-ecologique-monique-barbut-a-un-debat-aux-journees-d-ete-lfi-20260818\" data-fig-type=\"NewsFlash\" data-gtm-custom-categorie=\"navigation\" data-gtm-custom-action=\"crossclick\" data-gtm-custom-label=\"Contextuel\" data-gtm-event=\"customEventSPE\" data-fig-domain=\"LEFIGARO\" rel=\"nofollow noopener\" target=\"_blank\">LFI\u00a0<\/a>va mettre \u00e0 l&rsquo;agenda de sa \u00abniche\u00bb parlementaire du 29 octobre une proposition de loi visant \u00e0 abroger la r\u00e9introduction sous conditions de deux pesticides, l&rsquo;ac\u00e9tamipride et le flupyradifurone dans la loi d&rsquo;urgence agricole, a annonc\u00e9 mercredi sa pr\u00e9sidente\u00a0<a href=\"http:\/\/www.lefigaro.fr\/politique\/il-doit-demissionner-apres-la-mort-de-lyhanna-mathilde-panot-reproche-a-gerald-darmanin-d-avoir-enclenche-une-clochardisation-de-la-justice-20260607\" data-fig-type=\"NewsFlash\" data-gtm-custom-categorie=\"navigation\" data-gtm-custom-action=\"crossclick\" data-gtm-custom-label=\"Contextuel\" data-gtm-event=\"customEventSPE\" data-fig-domain=\"LEFIGARO\" rel=\"nofollow noopener\" target=\"_blank\">Mathilde Panot<\/a>.<\/p>\n<p class=\"fig-paragraph\">\u00abNous utiliserons notre niche parlementaire (ndlr, journ\u00e9e o\u00f9 LFI a la ma\u00eetrise de l&rsquo;ordre du jour) pour abroger cette loi poison (&#8230;) L&rsquo;ann\u00e9e derni\u00e8re, 2,2 millions de personnes avaient sign\u00e9 une p\u00e9tition contre la r\u00e9introduction des n\u00e9onicotino\u00efdes. L&rsquo;Ordre des m\u00e9decins, plusieurs soci\u00e9t\u00e9s savantes ont dit qu&rsquo;il ne fallait pas reproduire le scandale, notamment du chlord\u00e9cone et de l&rsquo;amiante\u00bb, a d\u00e9fendu Mathilde Panot sur France Inter.<\/p>\n<p>                                            <a class=\"fig-a11y-skip\" href=\"#fig-a11y-skip-main-inarticle\" is=\"fig-a11y-skip\" data-trigger-mode=\"visible-once\"><br \/>\n    Passer la publicit\u00e9<br \/>\n<\/a>            <\/p>\n<p class=\"fig-paragraph\">La\u00a0<a href=\"http:\/\/www.lefigaro.fr\/livres\/pour-protester-contre-la-loi-d-urgence-agricole-la-romanciere-agnes-ledig-rend-sa-legion-d-honneur-20260728\" data-fig-type=\"NewsFlash\" data-gtm-custom-categorie=\"navigation\" data-gtm-custom-action=\"crossclick\" data-gtm-custom-label=\"Contextuel\" data-gtm-event=\"customEventSPE\" data-fig-domain=\"LEFIGARO\" rel=\"nofollow noopener\" target=\"_blank\">loi d&rsquo;urgence agricole<\/a>\u00a0a \u00e9t\u00e9 publi\u00e9e mercredi au Journal officiel apr\u00e8s sa validation par le\u00a0<a href=\"http:\/\/www.lefigaro.fr\/vox\/societe\/jean-eric-schoettl-et-jean-pierre-camby-la-decision-du-conseil-constitutionnel-sur-l-aide-a-mourir-est-hors-normes-20260814\" data-fig-type=\"Article\" data-gtm-custom-categorie=\"navigation\" data-gtm-custom-action=\"crossclick\" data-gtm-custom-label=\"Contextuel\" data-gtm-event=\"customEventSPE\" data-fig-domain=\"LEFIGARO\" rel=\"nofollow noopener\" target=\"_blank\">Conseil constitutionnel<\/a>. Dans sa d\u00e9cision, le Conseil constitutionnel estime que les d\u00e9rogations concernant la r\u00e9introduction temporaire des pesticides interdits &#8211; ac\u00e9tamipride pour la fili\u00e8re noisette et flupyradifurone pour les pommes, les cerises et les betteraves sucri\u00e8res &#8211; rel\u00e8vent de \u00abl&rsquo;int\u00e9r\u00eat g\u00e9n\u00e9ral\u00bb.<\/p>\n<p>                                            \u00abOn ne prot\u00e8ge pas les agriculteurs d\u2019une concurrence d\u00e9loyale\u00bb<\/p>\n<p class=\"fig-paragraph\">Mais il assortit sa validation de deux r\u00e9serves concernant la zone g\u00e9ographique o\u00f9 la d\u00e9rogation est accord\u00e9e et le d\u00e9lai donn\u00e9 \u00e0 l&rsquo;autorit\u00e9 sanitaire pour statuer. \u00abLe danger grave pour l&rsquo;agriculture, ce ne sont pas les pesticides interdits. Les dangers graves pour l&rsquo;agriculture, ce sont les accords de libre-\u00e9change que les macronistes ne cessent de signer. Et c&rsquo;est le fait qu&rsquo;on ne prot\u00e8ge pas les agriculteurs d&rsquo;une concurrence d\u00e9loyale\u00bb, a argument\u00e9 Mathilde Panot.<\/p>\n<p class=\"fig-paragraph\">Le Conseil constitutionnel r\u00e9it\u00e8re dans sa d\u00e9cision que l&rsquo;ac\u00e9tamipride et le flupyradifurone, un n\u00e9onicotino\u00efde et un pesticide apparent\u00e9, \u00abont des incidences sur la biodiversit\u00e9, en particulier pour les insectes pollinisateurs et les oiseaux, ainsi que des cons\u00e9quences sur la qualit\u00e9 de l&rsquo;eau et des sols et induisent des risques pour la sant\u00e9 humaine\u00bb.<\/p>\n<p class=\"fig-paragraph\">Mais \u00able l\u00e9gislateur a entendu permettre \u00e0 certaines fili\u00e8res agricoles de faire face aux graves dangers qui menacent leurs cultures, afin de pr\u00e9server leurs capacit\u00e9s de production et de les pr\u00e9munir de distorsions de concurrence au niveau europ\u00e9en. Ce faisant, il a poursuivi un motif d&rsquo;int\u00e9r\u00eat g\u00e9n\u00e9ral\u00bb, poursuit-il.<\/p>\n","protected":false},"excerpt":{"rendered":"\u00abNous utiliserons notre niche parlementaire pour abroger cette loi poison. L\u2019ann\u00e9e derni\u00e8re, 2,2 millions de personnes avaient sign\u00e9&hellip;\n","protected":false},"author":2,"featured_media":1136097,"comment_status":"","ping_status":"","sticky":false,"template":"","format":"standard","meta":{"footnotes":"","_share_on_mastodon":"0"},"categories":[4],"tags":[11,416,1011,27,780,12,2091,25],"class_list":["post-1136096","post","type-post","status-publish","format-standard","has-post-thumbnail","category-france","tag-actualites","tag-assemblee-nationale","tag-fr","tag-france","tag-lfi","tag-news","tag-pesticides","tag-republique-francaise"],"share_on_mastodon":{"url":"https:\/\/pubeurope.com\/@fr\/117121206616188126","error":""},"_links":{"self":[{"href":"https:\/\/www.europesays.com\/fr\/wp-json\/wp\/v2\/posts\/1136096","targetHints":{"allow":["GET"]}}],"collection":[{"href":"https:\/\/www.europesays.com\/fr\/wp-json\/wp\/v2\/posts"}],"about":[{"href":"https:\/\/www.europesays.com\/fr\/wp-json\/wp\/v2\/types\/post"}],"author":[{"embeddable":true,"href":"https:\/\/www.europesays.com\/fr\/wp-json\/wp\/v2\/users\/2"}],"replies":[{"embeddable":true,"href":"https:\/\/www.europesays.com\/fr\/wp-json\/wp\/v2\/comments?post=1136096"}],"version-history":[{"count":0,"href":"https:\/\/www.europesays.com\/fr\/wp-json\/wp\/v2\/posts\/1136096\/revisions"}],"wp:featuredmedia":[{"embeddable":true,"href":"https:\/\/www.europesays.com\/fr\/wp-json\/wp\/v2\/media\/1136097"}],"wp:attachment":[{"href":"https:\/\/www.europesays.com\/fr\/wp-json\/wp\/v2\/media?parent=1136096"}],"wp:term":[{"taxonomy":"category","embeddable":true,"href":"https:\/\/www.europesays.com\/fr\/wp-json\/wp\/v2\/categories?post=1136096"},{"taxonomy":"post_tag","embeddable":true,"href":"https:\/\/www.europesays.com\/fr\/wp-json\/wp\/v2\/tags?post=1136096"}],"curies":[{"name":"wp","href":"https:\/\/api.w.org\/{rel}","templated":true}]}}