{"id":113615,"date":"2025-05-20T06:05:09","date_gmt":"2025-05-20T06:05:09","guid":{"rendered":"https:\/\/www.europesays.com\/fr\/113615\/"},"modified":"2025-05-20T06:05:09","modified_gmt":"2025-05-20T06:05:09","slug":"general-motors-va-stopper-ses-exportations-des-usa-vers-la-chine","status":"publish","type":"post","link":"https:\/\/www.europesays.com\/fr\/113615\/","title":{"rendered":"General Motors va stopper ses exportations des USA vers la Chine"},"content":{"rendered":"<p>D&rsquo;apr\u00e8s un porte-parole de G%, les v\u00e9hicules export\u00e9s des Etats-Unis vers la Chine repr\u00e9sentent moins de 0,1% des volumes vendus par le constructeur am\u00e9ricain sur le march\u00e9 chinois.<\/p>\n<p>Ford Motor  avait annonc\u00e9 en avril suspendre ses exportations vers la Chine apr\u00e8s l&rsquo;entr\u00e9e en vigueur d&rsquo;imports droits de douane entre les deux plus grandes puissances \u00e9conomiques mondiales.<\/p>\n<p> (Kalea Hall; version fran\u00e7aise Jean Terzian)<\/p>\n","protected":false},"excerpt":{"rendered":"D&rsquo;apr\u00e8s un porte-parole de G%, les v\u00e9hicules export\u00e9s des Etats-Unis vers la Chine repr\u00e9sentent moins de 0,1% des&hellip;\n","protected":false},"author":2,"featured_media":113616,"comment_status":"","ping_status":"","sticky":false,"template":"","format":"standard","meta":{"footnotes":""},"categories":[1589],"tags":[11,2125,73,1866,2124,12,1864,1865,1863,308],"class_list":{"0":"post-113615","1":"post","2":"type-post","3":"status-publish","4":"format-standard","5":"has-post-thumbnail","7":"category-etats-unis","8":"tag-actualites","9":"tag-depeches-reuters","10":"tag-etats-unis","11":"tag-etats-unis-damerique","12":"tag-infos-reuters","13":"tag-news","14":"tag-united-states","15":"tag-united-states-of-america","16":"tag-us","17":"tag-usa"},"share_on_mastodon":{"url":"https:\/\/pubeurope.com\/@fr\/114538658106830280","error":""},"_links":{"self":[{"href":"https:\/\/www.europesays.com\/fr\/wp-json\/wp\/v2\/posts\/113615","targetHints":{"allow":["GET"]}}],"collection":[{"href":"https:\/\/www.europesays.com\/fr\/wp-json\/wp\/v2\/posts"}],"about":[{"href":"https:\/\/www.europesays.com\/fr\/wp-json\/wp\/v2\/types\/post"}],"author":[{"embeddable":true,"href":"https:\/\/www.europesays.com\/fr\/wp-json\/wp\/v2\/users\/2"}],"replies":[{"embeddable":true,"href":"https:\/\/www.europesays.com\/fr\/wp-json\/wp\/v2\/comments?post=113615"}],"version-history":[{"count":0,"href":"https:\/\/www.europesays.com\/fr\/wp-json\/wp\/v2\/posts\/113615\/revisions"}],"wp:featuredmedia":[{"embeddable":true,"href":"https:\/\/www.europesays.com\/fr\/wp-json\/wp\/v2\/media\/113616"}],"wp:attachment":[{"href":"https:\/\/www.europesays.com\/fr\/wp-json\/wp\/v2\/media?parent=113615"}],"wp:term":[{"taxonomy":"category","embeddable":true,"href":"https:\/\/www.europesays.com\/fr\/wp-json\/wp\/v2\/categories?post=113615"},{"taxonomy":"post_tag","embeddable":true,"href":"https:\/\/www.europesays.com\/fr\/wp-json\/wp\/v2\/tags?post=113615"}],"curies":[{"name":"wp","href":"https:\/\/api.w.org\/{rel}","templated":true}]}}