{"id":113621,"date":"2025-05-20T06:08:13","date_gmt":"2025-05-20T06:08:13","guid":{"rendered":"https:\/\/www.europesays.com\/fr\/113621\/"},"modified":"2025-05-20T06:08:13","modified_gmt":"2025-05-20T06:08:13","slug":"les-valeurs-a-suivre-a-paris-et-en-europe-actualise-20-05-2025-a-0758","status":"publish","type":"post","link":"https:\/\/www.europesays.com\/fr\/113621\/","title":{"rendered":"Les valeurs \u00e0 suivre \u00e0 Paris et en Europe (actualis\u00e9) &#8211; 20\/05\/2025 \u00e0 07:58"},"content":{"rendered":"<p>\n (Actualis\u00e9 avec Aramis, Swiss Life)\n<\/p>\n<p>\n *\n<\/p>\n<p>\n Variation des futures sur indice CAC 40  0#FCE:\n<\/p>\n<p>\n *\n<\/p>\n<p>\n Variation des futures sur indice Stoxx 600  0#FXXP:\n<\/p>\n<p>\n *\n<\/p>\n<p>\n Valeurs qui se traitent ex-dividende  .EX.PA\n<\/p>\n<p>\n *\n<\/p>\n<p>\n Le point sur les march\u00e9s europ\u00e9ens  .EUFR\n<\/p>\n<p>\n Les valeurs \u00e0 suivre mardi \u00e0 la<br \/>\nBourse de Paris et en Europe :\n<\/p>\n<p>\n * KERING<br \/>\n <a href=\"https:\/\/www.boursorama.com\/cours\/1rPKER\/\" rel=\"nofollow noopener\" target=\"_blank\"><br \/>\n  PRTP.PA<br \/>\n <\/a><br \/>\n a annonc\u00e9 lundi avoir choisi le styliste<br \/>\nitalien Pierpaolo Piccioli comme directeur artistique de<br \/>\nBalenciaga \u00e0 compter du 10 juillet.\n<\/p>\n<p>\n * ARAMIS<br \/>\n <a href=\"https:\/\/www.boursorama.com\/cours\/1rPARAMI\/\" rel=\"nofollow noopener\" target=\"_blank\"><br \/>\n  ARAMI.PA<br \/>\n <\/a><br \/>\n &#8211; Le sp\u00e9cialiste des ventes en ligne de<br \/>\nv\u00e9hicules d&rsquo;occasion a fait \u00e9tat lundi d&rsquo;une croissance<br \/>\norganique de 10% de son chiffre d&rsquo;affaires au premier semestre,<br \/>\n\u00e0 1,21 milliard d&rsquo;euros. Le groupe a \u00e9galement annonc\u00e9 des<br \/>\nchangements de gouvernance et nomm\u00e9 Nicolas Chartier au poste de<br \/>\ndirecteur g\u00e9n\u00e9ral.\n<\/p>\n<p>\n * SWISS LIFE<br \/>\n <a href=\"https:\/\/www.boursorama.com\/cours\/2aSLHN\/\" rel=\"nofollow noopener\" target=\"_blank\"><br \/>\n  SLHN.S<br \/>\n <\/a><br \/>\n &#8211; Le groupe suisse d&rsquo;assurance a<br \/>\nfait \u00e9tat mardi d&rsquo;une hausse de ses revenus de commissions au<br \/>\npremier trimestre, soutenu par les bonnes performances de ses<br \/>\npropres produits et services, ceux des tiers, ainsi que sa<br \/>\nfiliale Swiss Life Asset Managers.\n<\/p>\n<p>\n * UBS<br \/>\n <a href=\"https:\/\/www.boursorama.com\/cours\/2aUBSG\/\" rel=\"nofollow noopener\" target=\"_blank\"><br \/>\n  UBSG.S<br \/>\n <\/a><br \/>\n &#8211; Le directeur g\u00e9n\u00e9ral de la banque suisse,<br \/>\nSergio Ermotti, a estim\u00e9 lundi qu&rsquo;une r\u00e9glementation plus<br \/>\nstricte du secteur bancaire helv\u00e9tique profiterait aux<br \/>\nconcurrents \u00e9trangers. Il a en outre multipli\u00e9 les<br \/>\navertissements sur les risques d&rsquo;imposer au groupe des exigences<br \/>\nde fonds propres jug\u00e9es excessives.\n<\/p>\n<p>\n * HSBC HOLDINGS<br \/>\n <a href=\"https:\/\/www.boursorama.com\/cours\/1uHSBA.L\/\" rel=\"nofollow noopener\" target=\"_blank\"><br \/>\n  HSBA.L<br \/>\n <\/a><br \/>\n , CHESNARA<br \/>\n <a href=\"https:\/\/www.boursorama.com\/cours\/1uCSN.L\/\" rel=\"nofollow noopener\" target=\"_blank\"><br \/>\n  CSN.L<br \/>\n <\/a><br \/>\n &#8211; Le sp\u00e9cialiste<br \/>\nbritannique de l&rsquo;assurance-vie et des retraites envisage de<br \/>\nracheter la branche assurance-vie HSBC Holdings au Royaume-Uni,<br \/>\na rapport\u00e9 lundi l&rsquo;agence Bloomberg, citant des sources proches<br \/>\ndu dossier.\n<\/p>\n<p>\n * FINCANTIERI<br \/>\n <a href=\"https:\/\/www.boursorama.com\/cours\/1gFCT\/\" rel=\"nofollow noopener\" target=\"_blank\"><br \/>\n  FCT.MI<br \/>\n <\/a><br \/>\n &#8211; Le constructeur naval italien a<br \/>\nannonc\u00e9 lundi anticiper un doublement de ses revenus dans le<br \/>\nsecteur sous-marin d&rsquo;ici 2027 alors qu&rsquo;il poursuit son expansion<br \/>\ndans ce secteur de plus en plus rentable.\n<\/p>\n<p>\n L&rsquo;AGENDA FRANCE &amp; INTERNATIONAL \u00c0 7 JOURS:<\/p>\n<p> nL8N3RO0DZ\n<\/p>\n<p>\n (R\u00e9dig\u00e9 par Mara V\u00eelcu et Claude Chendjou, \u00e9dit\u00e9 par Kate<br \/>\nEntringer)<\/p>\n","protected":false},"excerpt":{"rendered":"(Actualis\u00e9 avec Aramis, Swiss Life) * Variation des futures sur indice CAC 40 0#FCE: * Variation des futures&hellip;\n","protected":false},"author":2,"featured_media":64038,"comment_status":"","ping_status":"","sticky":false,"template":"","format":"standard","meta":{"footnotes":""},"categories":[1586],"tags":[400,11,398,408,405,1777,674,1011,27,403,402,399,404,12,25,401,406,407],"class_list":{"0":"post-113621","1":"post","2":"type-post","3":"status-publish","4":"format-standard","5":"has-post-thumbnail","7":"category-europe","8":"tag-action-cac-40","9":"tag-actualites","10":"tag-bourse-de-paris","11":"tag-boursorama","12":"tag-cotations","13":"tag-eu","14":"tag-europe","15":"tag-fr","16":"tag-france","17":"tag-indices-devises","18":"tag-investir","19":"tag-investissement","20":"tag-marche-boursier","21":"tag-news","22":"tag-republique-francaise","23":"tag-sicav","24":"tag-trackers","25":"tag-warrants"},"share_on_mastodon":{"url":"https:\/\/pubeurope.com\/@fr\/114538669888395552","error":""},"_links":{"self":[{"href":"https:\/\/www.europesays.com\/fr\/wp-json\/wp\/v2\/posts\/113621","targetHints":{"allow":["GET"]}}],"collection":[{"href":"https:\/\/www.europesays.com\/fr\/wp-json\/wp\/v2\/posts"}],"about":[{"href":"https:\/\/www.europesays.com\/fr\/wp-json\/wp\/v2\/types\/post"}],"author":[{"embeddable":true,"href":"https:\/\/www.europesays.com\/fr\/wp-json\/wp\/v2\/users\/2"}],"replies":[{"embeddable":true,"href":"https:\/\/www.europesays.com\/fr\/wp-json\/wp\/v2\/comments?post=113621"}],"version-history":[{"count":0,"href":"https:\/\/www.europesays.com\/fr\/wp-json\/wp\/v2\/posts\/113621\/revisions"}],"wp:featuredmedia":[{"embeddable":true,"href":"https:\/\/www.europesays.com\/fr\/wp-json\/wp\/v2\/media\/64038"}],"wp:attachment":[{"href":"https:\/\/www.europesays.com\/fr\/wp-json\/wp\/v2\/media?parent=113621"}],"wp:term":[{"taxonomy":"category","embeddable":true,"href":"https:\/\/www.europesays.com\/fr\/wp-json\/wp\/v2\/categories?post=113621"},{"taxonomy":"post_tag","embeddable":true,"href":"https:\/\/www.europesays.com\/fr\/wp-json\/wp\/v2\/tags?post=113621"}],"curies":[{"name":"wp","href":"https:\/\/api.w.org\/{rel}","templated":true}]}}