{"id":113622,"date":"2025-05-20T06:09:10","date_gmt":"2025-05-20T06:09:10","guid":{"rendered":"https:\/\/www.europesays.com\/fr\/113622\/"},"modified":"2025-05-20T06:09:10","modified_gmt":"2025-05-20T06:09:10","slug":"dernier-shot-dadrenaline-pour-la-sitcom-sur-lunion-europeenne","status":"publish","type":"post","link":"https:\/\/www.europesays.com\/fr\/113622\/","title":{"rendered":"dernier shot d\u2019adr\u00e9naline pour la sitcom sur l\u2019Union europ\u00e9enne"},"content":{"rendered":"<p>Apr\u00e8s le Parlement et la Commission, l\u2019eurocrate maladroit Samy est propuls\u00e9 dans le saint des saints le plus secret et puissant\u00a0: le Conseil europ\u00e9en. \u00c9tincelles en vue.<\/p>\n<p class=\"fig-paragraph\">\u00ab\u00a0Si les spectateurs nous ont suivis dans les arcanes du Parlement europ\u00e9en puis de la Commission, on pouvait encore leur infliger un peu plus et les faire p\u00e9n\u00e9trer dans l\u2019institution la plus puissante et la plus secr\u00e8te de l\u2019UE\u00a0: le Conseil europ\u00e9en, qui r\u00e9unit les chefs d\u2019\u00c9tat et d\u00e9livre les orientations politiques. C\u2019est l\u00e0 o\u00f9 se trouvent les stars\u00a0\u00bb, d\u00e9crypte No\u00e9 Debr\u00e9. Le cocr\u00e9ateur de Parlement m\u00e8ne \u00e0 bon port la com\u00e9die de bureau et sitcom avec une quatri\u00e8me et ultime saison aussi dr\u00f4le que remplie d\u2019adr\u00e9naline. \u00c0 savourer sur la plateforme France.tv.<\/p>\n<p class=\"fig-paragraph\">Depuis qu\u2019il a rejoint l\u2019\u00e9quipe de la commissaire fran\u00e7aise, l\u2019ambitieuse et fourbe Valentine Cantel, le maladroit Samy (merveilleux\u00a0<a href=\"http:\/\/tvmag.lefigaro.fr\/programme-tv\/series\/des-nuits-blanches-et-des-eclats-de-rire-xavier-lacaille-raconte-l-ecriture-de-miskina-la-pauvre-avec-melha-bedia-20221011\" target=\"_blank\" data-fig-type=\"Article\" rel=\"noopener\" data-gtm-custom-categorie=\"navigation\" data-gtm-custom-action=\"crossclick\" data-gtm-custom-label=\"Contextuel\" data-gtm-event=\"customEventSPE\" data-fig-domain=\"TVMAG\">Xavier Lacaille<\/a>), ex-assistant parlementaire convaincu, a perdu la flamme. Il va la retrouver en int\u00e9grant la d\u00e9l\u00e9gation de la Commission au sommet europ\u00e9en. Cette mission n\u2019a rien d\u2019une sin\u00e9cure. Pour commencer, comment se procurer le badge et l\u2019accr\u00e9ditation s\u00e9curit\u00e9 n\u00e9cessaires pour naviguer dans ses hautes sph\u00e8res\u00a0? Charg\u00e9 de monter un bureau d\u2019enqu\u00eate sur les crimes environnementaux, le candide aux allures de premier de la classe affole le microcosme en comparant cette future agence au FBI am\u00e9ricain. Pour exister, il est crucial que l\u2019initiative soit valid\u00e9e par le Conseil et figure dans ses conclusions. Et ce, alors que les divisions au sein de la coalition allemande menacent de tout faire d\u00e9railler.<\/p>\n<p>Nervosit\u00e9 et pointe de thriller<\/p>\n<p class=\"fig-paragraph\">P\u00e9n\u00e9trer dans le huis clos du Conseil a donn\u00e9 du fil \u00e0 retordre aux complices de No\u00e9 Debr\u00e9, l\u2019\u00e9conomiste Pierre Dorac et le juriste, conseiller politique au Parlement europ\u00e9en Maxime Calligaro. Les anecdotes personnelles de ces eurocrates ne suffisaient plus. Le groupe de sc\u00e9naristes a d\u00fb se documenter et trouver des sources. Pas \u00e9vident quand on sait que, en Conseil, les chefs d\u2019\u00c9tat sont clo\u00eetr\u00e9s dans une salle dont seules trois personnes ont le droit de sortir et de prendre des notes manuscrites. \u00ab\u00a0Toutes les vingt minutes, ces hauts fonctionnaires tapent et transmettent leurs comptes rendus aux repr\u00e9sentations de chaque pays membre plusieurs \u00e9tages plus bas, qui se demandent ce qui se passent et envoient des textos \u00e0 leurs chefs d\u2019\u00c9tat\u00a0\u00bb, r\u00e9sume No\u00e9 Debr\u00e9.<\/p>\n<p class=\"fig-paragraph\">Si une directive europ\u00e9enne met vingt-deux\u00a0mois \u00e0 voir le jour (l\u2019\u00e9quivalent de la gestation chez un \u00e9l\u00e9phant), les Conseils se tiennent parfois en une journ\u00e9e. Ces 10\u00a0\u00e9pisodes d\u00e9gagent une nervosit\u00e9 in\u00e9dite, fa\u00e7on 24\u00a0Heures chrono. La po\u00e9sie et la fantaisie habituelles laissent place \u00e0 un comique de situation plus physique, qui glisse vers la pantomime avec une pointe de thriller. \u00c0 l\u2019image de la sc\u00e8ne d\u2019ouverture de cette saison, qui voit une espionne chinoise expliquer \u00e0 une cons\u0153ur quelles r\u00e8gles d\u00e9mocratiques r\u00e9gissent la construction europ\u00e9enne.<\/p>\n<p class=\"fig-paragraph\">\u00ab\u00a0Le Parlement, c\u2019est un joyeux bordel polyglotte\u00a0; le Conseil, c\u2019est la force brute\u00a0: les \u00c9tats se rentrent dedans pour essayer d\u2019avoir le dessus. \u00c7a ressemble \u00e0 un jeu de t\u00e9l\u00e9r\u00e9alit\u00e9 japonais\u00a0\u00bb, pr\u00e9vient le cr\u00e9ateur No\u00e9 Debr\u00e9. Lui et ses \u00e9quipes ont obtenu la permission exceptionnelle de filmer les all\u00e9es et venues d\u2019un vrai Conseil, s\u2019offrant des figurants prestigieux\u00a0: notamment plusieurs premiers ministres. La r\u00e9alisation tire aussi profit de l\u2019architecture atypique du b\u00e2timent en forme d\u2019\u0153uf. Une cage de verre aussi transparente qu\u2019imp\u00e9n\u00e9trable. De quoi concocter une fin digne de ce nom \u00e0 une aventure s\u00e9rielle \u00e0 part, aussi hilarante que p\u00e9dagogique et intelligente.<\/p><\/p>\n","protected":false},"excerpt":{"rendered":"Apr\u00e8s le Parlement et la Commission, l\u2019eurocrate maladroit Samy est propuls\u00e9 dans le saint des saints le plus&hellip;\n","protected":false},"author":2,"featured_media":113623,"comment_status":"","ping_status":"","sticky":false,"template":"","format":"standard","meta":{"footnotes":""},"categories":[1586],"tags":[1320,1321,11,1322,18787,1323,1777,674,1779,1011,27,23339,12,8552,1319,502,25,521,1315,595,1314,1316,129,1317,1318,1778,364],"class_list":{"0":"post-113622","1":"post","2":"type-post","3":"status-publish","4":"format-standard","5":"has-post-thumbnail","7":"category-europe","8":"tag-actu-serie","9":"tag-actualite-serie","10":"tag-actualites","11":"tag-avis-serie","12":"tag-conseil-europeen","13":"tag-critiques-serie","14":"tag-eu","15":"tag-europe","16":"tag-european-union","17":"tag-fr","18":"tag-france","19":"tag-france-television","20":"tag-news","21":"tag-parlement-europeen","22":"tag-programme-serie","23":"tag-programme-tv","24":"tag-republique-francaise","25":"tag-serie","26":"tag-serie-tele","27":"tag-serie-tv","28":"tag-series","29":"tag-series-televisees","30":"tag-svod","31":"tag-telenovela","32":"tag-telenovelas","33":"tag-ue","34":"tag-union-europeenne"},"share_on_mastodon":{"url":"https:\/\/pubeurope.com\/@fr\/114538673796138982","error":""},"_links":{"self":[{"href":"https:\/\/www.europesays.com\/fr\/wp-json\/wp\/v2\/posts\/113622","targetHints":{"allow":["GET"]}}],"collection":[{"href":"https:\/\/www.europesays.com\/fr\/wp-json\/wp\/v2\/posts"}],"about":[{"href":"https:\/\/www.europesays.com\/fr\/wp-json\/wp\/v2\/types\/post"}],"author":[{"embeddable":true,"href":"https:\/\/www.europesays.com\/fr\/wp-json\/wp\/v2\/users\/2"}],"replies":[{"embeddable":true,"href":"https:\/\/www.europesays.com\/fr\/wp-json\/wp\/v2\/comments?post=113622"}],"version-history":[{"count":0,"href":"https:\/\/www.europesays.com\/fr\/wp-json\/wp\/v2\/posts\/113622\/revisions"}],"wp:featuredmedia":[{"embeddable":true,"href":"https:\/\/www.europesays.com\/fr\/wp-json\/wp\/v2\/media\/113623"}],"wp:attachment":[{"href":"https:\/\/www.europesays.com\/fr\/wp-json\/wp\/v2\/media?parent=113622"}],"wp:term":[{"taxonomy":"category","embeddable":true,"href":"https:\/\/www.europesays.com\/fr\/wp-json\/wp\/v2\/categories?post=113622"},{"taxonomy":"post_tag","embeddable":true,"href":"https:\/\/www.europesays.com\/fr\/wp-json\/wp\/v2\/tags?post=113622"}],"curies":[{"name":"wp","href":"https:\/\/api.w.org\/{rel}","templated":true}]}}