{"id":1136236,"date":"2026-08-19T10:04:18","date_gmt":"2026-08-19T10:04:18","guid":{"rendered":"https:\/\/www.europesays.com\/fr\/1136236\/"},"modified":"2026-08-19T10:04:18","modified_gmt":"2026-08-19T10:04:18","slug":"isack-hadjar-pourrait-manquer-le-gp-des-pays-bas","status":"publish","type":"post","link":"https:\/\/www.europesays.com\/fr\/1136236\/","title":{"rendered":"Isack Hadjar pourrait manquer le GP des Pays-Bas"},"content":{"rendered":"<p>Alors que la F1 s&rsquo;appr\u00eate \u00e0 reprendre apr\u00e8s une longue pause estivale, un pilote pourrait d\u00e9j\u00e0 manquer \u00e0 l&rsquo;appel. La participation d&rsquo;<a href=\"https:\/\/fr.motorsport.com\/driver\/isack-hadjar\/876622\/\" target=\"_blank\" rel=\"noopener nofollow\">Isack Hadjar<\/a> au Grand Prix des Pays-Bas est en effet menac\u00e9e.<\/p>\n<p>Le Fran\u00e7ais se serait bless\u00e9 au poignet lors d&rsquo;une s\u00e9ance d&rsquo;entra\u00eenement en vue de son retour au volant de la\u00a0<a href=\"https:\/\/fr.motorsport.com\/team\/red-bull\/553\/\" target=\"_blank\" rel=\"noopener nofollow\">Red Bull<\/a>. Contact\u00e9e par <strong>Motorsport.com<\/strong>, l&rsquo;\u00e9curie autrichienne n&rsquo;a pas souhait\u00e9 communiquer sur le sujet et aucune d\u00e9cision d\u00e9finitive n&rsquo;aurait, pour l&rsquo;heure, \u00e9t\u00e9 prise.<\/p>\n<p>Hadjar devait justement f\u00eater ce week-end le premier anniversaire de son premier podium en F1, d\u00e9croch\u00e9 l&rsquo;an dernier \u00e0 Zandvoort lors de sa saison rookie. Le Fran\u00e7ais avait profit\u00e9 de l&rsquo;abandon de <a href=\"https:\/\/fr.motorsport.com\/driver\/lando-norris\/289708\/\" target=\"_blank\" rel=\"noopener nofollow\">Lando Norris<\/a> dans les derniers tours pour monter sur la troisi\u00e8me marche du podium, r\u00e9compensant un week-end particuli\u00e8rement convaincant. <a href=\"https:\/\/fr.motorsport.com\/f1\/news\/isack-hadjar-trophee-brise-casque\/10846857\/\" data-custom-text=\"1\" rel=\"nofollow noopener\" target=\"_blank\">Il doit d&rsquo;ailleurs porter un casque sp\u00e9cial pour c\u00e9l\u00e9brer cet anniversaire<\/a>.<\/p>\n<p>En cas de forfait d&rsquo;Isack Hadjar, <a href=\"https:\/\/fr.motorsport.com\/driver\/liam-lawson\/826061\/\" target=\"_blank\" rel=\"noopener nofollow\">Liam Lawson<\/a> serait le candidat favori pour le remplacer selon le journal n\u00e9erlandais De Telegraaf. Le N\u00e9o-Z\u00e9landais ferait ainsi son retour chez Red Bull, un an apr\u00e8s une premi\u00e8re exp\u00e9rience qui avait rapidement tourn\u00e9 court. Engag\u00e9 avec <a href=\"https:\/\/fr.motorsport.com\/team\/racing-bulls-610\/610\/\" target=\"_blank\" rel=\"noopener nofollow\">Racing Bulls<\/a> depuis 2024, apr\u00e8s avoir remplac\u00e9 <a href=\"https:\/\/fr.motorsport.com\/driver\/daniel-ricciardo\/84941\/\" target=\"_blank\" rel=\"noopener nofollow\">Daniel Ricciardo<\/a> \u00e0 Zandvoort en 2023, Lawson avait \u00e9t\u00e9 promu dans l&rsquo;\u00e9quipe principale \u00e0 la suite du d\u00e9part de <a href=\"https:\/\/fr.motorsport.com\/driver\/sergio-perez\/84892\/\" target=\"_blank\" rel=\"noopener nofollow\">Sergio P\u00e9rez<\/a> en 2025.<\/p>\n<p>Mais apr\u00e8s seulement deux Grands Prix, Red Bull avait d\u00e9cid\u00e9 de r\u00e9trograder le pilote chez Racing Bulls en raison de r\u00e9sultats jug\u00e9s insuffisants, <a href=\"https:\/\/fr.motorsport.com\/driver\/yuki-tsunoda\/828578\/\" target=\"_blank\" rel=\"noopener nofollow\">Yuki Tsunoda<\/a> prenant sa place. Depuis, Lawson a su rebondir et r\u00e9alise m\u00eame une tr\u00e8s bonne saison au sein de Racing Bulls, aux c\u00f4t\u00e9s du d\u00e9butant <a href=\"https:\/\/fr.motorsport.com\/driver\/arvid-lindblad\/953966\/\" target=\"_blank\" rel=\"noopener nofollow\">Arvid Lindblad<\/a>.<\/p>\n<p>De son c\u00f4t\u00e9, Isack Hadjar semble \u00e9galement avoir rapidement trouv\u00e9 ses marques chez Red Bull. Si <a href=\"https:\/\/fr.motorsport.com\/driver\/max-verstappen\/93029\/\" target=\"_blank\" rel=\"noopener nofollow\">Max Verstappen<\/a> reste l&rsquo;homme fort de l&rsquo;\u00e9curie, le jeune Fran\u00e7ais parvient \u00e0 lui tenir t\u00eate et \u00e0 se montrer r\u00e9guli\u00e8rement performant, notamment en qualifications, malgr\u00e9 les difficult\u00e9s rencontr\u00e9es par la RB22. Hadjar avait d&rsquo;ailleurs termin\u00e9 sur le podium du Grand Prix de Monaco, avant que la p\u00e9nalit\u00e9 inflig\u00e9e \u00e0 <a href=\"https:\/\/fr.motorsport.com\/driver\/pierre-gasly\/95098\/\" target=\"_blank\" rel=\"noopener nofollow\">Pierre Gasly<\/a> ne soit annul\u00e9e.<\/p>\n<p>En cas de retour temporaire de Lawson chez Red Bull, Yuki Tsunoda, troisi\u00e8me pilote officiel de Red Bull, devrait prendre sa place\u00a0chez Racing Bulls et ferait ainsi son retour en F1 apr\u00e8s avoir perdu son baquet de titulaire \u00e0 la fin de la saison 2025.<\/p>\n<p style=\"text-align: right;\">Avec Ronald Vording<\/p>\n<p>Lire aussi :<\/p>\n<p>            Votre avis nous int\u00e9resse !<\/p>\n<p class=\"mt-auto\">Qu&rsquo;aimeriez-vous voir sur Motorsport.com ?<\/p>\n<p>            <a href=\"#\" class=\"ms-link text-link font-bold\">R\u00e9pondez \u00e0 notre enqu\u00eate en 5 minutes.<\/a><\/p>\n<p class=\"mt-1 text-body\">&#8211; L&rsquo;\u00e9quipe Motorsport.com<\/p>\n","protected":false},"excerpt":{"rendered":"Alors que la F1 s&rsquo;appr\u00eate \u00e0 reprendre apr\u00e8s une longue pause estivale, un pilote pourrait d\u00e9j\u00e0 manquer \u00e0&hellip;\n","protected":false},"author":2,"featured_media":1136237,"comment_status":"","ping_status":"","sticky":false,"template":"","format":"standard","meta":{"footnotes":"","_share_on_mastodon":"0"},"categories":[9],"tags":[1454,1011,27,33818,2244,116456,2254,2253,2255,60,2247,42781],"class_list":["post-1136236","post","type-post","status-publish","format-standard","has-post-thumbnail","category-sports","tag-formule-1","tag-fr","tag-france","tag-gp-des-pays-bas","tag-isack-hadjar","tag-isack-hadjar-pourrait-manquer-le-gp-des-pays-bas","tag-liam-lawson","tag-racing-bulls","tag-red-bull","tag-sports","tag-yuki-tsunoda","tag-zandvoort"],"share_on_mastodon":{"url":"https:\/\/pubeurope.com\/@fr\/117121611954812588","error":""},"_links":{"self":[{"href":"https:\/\/www.europesays.com\/fr\/wp-json\/wp\/v2\/posts\/1136236","targetHints":{"allow":["GET"]}}],"collection":[{"href":"https:\/\/www.europesays.com\/fr\/wp-json\/wp\/v2\/posts"}],"about":[{"href":"https:\/\/www.europesays.com\/fr\/wp-json\/wp\/v2\/types\/post"}],"author":[{"embeddable":true,"href":"https:\/\/www.europesays.com\/fr\/wp-json\/wp\/v2\/users\/2"}],"replies":[{"embeddable":true,"href":"https:\/\/www.europesays.com\/fr\/wp-json\/wp\/v2\/comments?post=1136236"}],"version-history":[{"count":0,"href":"https:\/\/www.europesays.com\/fr\/wp-json\/wp\/v2\/posts\/1136236\/revisions"}],"wp:featuredmedia":[{"embeddable":true,"href":"https:\/\/www.europesays.com\/fr\/wp-json\/wp\/v2\/media\/1136237"}],"wp:attachment":[{"href":"https:\/\/www.europesays.com\/fr\/wp-json\/wp\/v2\/media?parent=1136236"}],"wp:term":[{"taxonomy":"category","embeddable":true,"href":"https:\/\/www.europesays.com\/fr\/wp-json\/wp\/v2\/categories?post=1136236"},{"taxonomy":"post_tag","embeddable":true,"href":"https:\/\/www.europesays.com\/fr\/wp-json\/wp\/v2\/tags?post=1136236"}],"curies":[{"name":"wp","href":"https:\/\/api.w.org\/{rel}","templated":true}]}}