{"id":113636,"date":"2025-05-20T06:19:08","date_gmt":"2025-05-20T06:19:08","guid":{"rendered":"https:\/\/www.europesays.com\/fr\/113636\/"},"modified":"2025-05-20T06:19:08","modified_gmt":"2025-05-20T06:19:08","slug":"laustralien-doohan-demande-que-cesse-le-harcelement-contre-sa-famille","status":"publish","type":"post","link":"https:\/\/www.europesays.com\/fr\/113636\/","title":{"rendered":"l&rsquo;Australien Doohan demande que \u00ab\u00a0cesse le harc\u00e8lement\u00a0\u00bb contre sa famille"},"content":{"rendered":"<p>Le pilote australien de Formule 1 Jack Doohan, r\u00e9cemment remplac\u00e9 par l&rsquo;Argentin Franco Colapinto chez Alpine, a demand\u00e9 mardi que \u00ab\u00a0cesse le harc\u00e8lement\u00a0\u00bb contre sa famille, \u00e0 la suite d&rsquo;un post pol\u00e9mique sur les r\u00e9seaux sociaux attribu\u00e9 \u00e0 tort \u00e0 son p\u00e8re.<\/p>\n<p>\u00ab\u00a0S&rsquo;il vous plait, arr\u00eatez de harceler ma famille. Je ne pensais pas que je devrais en arriver l\u00e0\u00a0\u00bb, a \u00e9crit sur son compte Instagram Doohan, 22 ans, qui compte un demi-million de \u00ab\u00a0followers\u00a0\u00bb.<\/p>\n<p>Il a expliqu\u00e9 que cette vague de cyberharc\u00e8lement faisait suite \u00e0 une publication faussement attribu\u00e9e \u00e0 son p\u00e8re, l&rsquo;ancien champion du monde de moto Mick Doohan, ironisant sur l&rsquo;accident de Colapinto lors des qualifications du Grand Prix d&rsquo;Imola le week-end dernier, en Italie.<\/p>\n<p>\u00ab\u00a0Plusieurs publications argentines ont rapport\u00e9 de mani\u00e8re erron\u00e9e cette image fabriqu\u00e9e\u00a0\u00bb, a ajout\u00e9 le pilote.<\/p>\n<p>Dans un communiqu\u00e9, Alpine a aussi demand\u00e9 que cesse cette campagne de harc\u00e8lement en ligne.<\/p>\n<p>\u00ab\u00a0Nous invitons chacun \u00e0 se souvenir que derri\u00e8re la visi\u00e8re de ces athl\u00e8tes surhumains, il y a une personne, un individu avec des sentiments, une famille, des amis, des \u00eatres chers\u00a0\u00bb, a \u00e9crit l&rsquo;\u00e9curie fran\u00e7aise.<\/p>\n<p>\u00ab\u00a0En tant qu&rsquo;\u00e9quipe, nous ne pouvons pas tol\u00e9rer les violences en ligne et nous exhortons tous les fans de ce sport que nous aimons \u00e0 se montrer aimables et respectueux\u00a0\u00bb.<\/p>\n<p>Jack Doohan, qui d\u00e9butait sa carri\u00e8re en F1 cette saison, n&rsquo;a disput\u00e9 que six Grands Prix avant d&rsquo;\u00eatre remplac\u00e9 au d\u00e9but du mois par Colapinto, n&rsquo;inscrivant aucun point.<\/p>\n<p>Le pilote argentin a fini 16e dimanche \u00e0 Imola, apr\u00e8s avoir effectu\u00e9 une sortie de piste en qualifications la veille.<\/p>\n<p>Le prochain GP a lieu ce week-end \u00e0 Monaco.<\/p>\n","protected":false},"excerpt":{"rendered":"Le pilote australien de Formule 1 Jack Doohan, r\u00e9cemment remplac\u00e9 par l&rsquo;Argentin Franco Colapinto chez Alpine, a demand\u00e9&hellip;\n","protected":false},"author":2,"featured_media":7101,"comment_status":"","ping_status":"","sticky":false,"template":"","format":"standard","meta":{"footnotes":""},"categories":[1412],"tags":[1451,1452,1453,1454,1455,1011,27,60],"class_list":{"0":"post-113636","1":"post","2":"type-post","3":"status-publish","4":"format-standard","5":"has-post-thumbnail","7":"category-f1","8":"tag-f1","9":"tag-formula-1","10":"tag-formula1","11":"tag-formule-1","12":"tag-formule1","13":"tag-fr","14":"tag-france","15":"tag-sports"},"share_on_mastodon":{"url":"https:\/\/pubeurope.com\/@fr\/114538713708616952","error":""},"_links":{"self":[{"href":"https:\/\/www.europesays.com\/fr\/wp-json\/wp\/v2\/posts\/113636","targetHints":{"allow":["GET"]}}],"collection":[{"href":"https:\/\/www.europesays.com\/fr\/wp-json\/wp\/v2\/posts"}],"about":[{"href":"https:\/\/www.europesays.com\/fr\/wp-json\/wp\/v2\/types\/post"}],"author":[{"embeddable":true,"href":"https:\/\/www.europesays.com\/fr\/wp-json\/wp\/v2\/users\/2"}],"replies":[{"embeddable":true,"href":"https:\/\/www.europesays.com\/fr\/wp-json\/wp\/v2\/comments?post=113636"}],"version-history":[{"count":0,"href":"https:\/\/www.europesays.com\/fr\/wp-json\/wp\/v2\/posts\/113636\/revisions"}],"wp:featuredmedia":[{"embeddable":true,"href":"https:\/\/www.europesays.com\/fr\/wp-json\/wp\/v2\/media\/7101"}],"wp:attachment":[{"href":"https:\/\/www.europesays.com\/fr\/wp-json\/wp\/v2\/media?parent=113636"}],"wp:term":[{"taxonomy":"category","embeddable":true,"href":"https:\/\/www.europesays.com\/fr\/wp-json\/wp\/v2\/categories?post=113636"},{"taxonomy":"post_tag","embeddable":true,"href":"https:\/\/www.europesays.com\/fr\/wp-json\/wp\/v2\/tags?post=113636"}],"curies":[{"name":"wp","href":"https:\/\/api.w.org\/{rel}","templated":true}]}}