{"id":113645,"date":"2025-05-20T06:26:08","date_gmt":"2025-05-20T06:26:08","guid":{"rendered":"https:\/\/www.europesays.com\/fr\/113645\/"},"modified":"2025-05-20T06:26:08","modified_gmt":"2025-05-20T06:26:08","slug":"qui-sont-les-7-enfants-de-p-diddy-nes-de-4-meres-differentes","status":"publish","type":"post","link":"https:\/\/www.europesays.com\/fr\/113645\/","title":{"rendered":"Qui sont les 7 enfants de P. Diddy, n\u00e9s de 4 m\u00e8res diff\u00e9rentes ?"},"content":{"rendered":"<p>Le rappeur d\u00e9chu est le p\u00e8re de sept enfants, soutiens de P. Diddy envers et contre tous. Pendant le proc\u00e8s du rappeur pour crimes sexuels, trois de ses filles ont d\u00fb quitter la salle d\u2019audience face \u00e0 des t\u00e9moignages explicites.<\/p>\n<p class=\"fig-paragraph\">Le choc \u00e9tait sans doute trop brutal. D\u2019Lila, Chance et Jessie Combs, les trois filles de\u00a0<a href=\"https:\/\/madame.lefigaro.fr\/tag\/puff-daddy\" target=\"_blank\" rel=\"noopener\" data-gtm-custom-categorie=\"navigation\" data-gtm-custom-action=\"crossclick\" data-gtm-custom-label=\"Contextuel\" data-gtm-event=\"customEventSPE\">Sean Combs (alias P. Diddy)<\/a>, ont quitt\u00e9 pr\u00e9cipitamment la salle d\u2019audience d\u2019un tribunal de Manhattan, ce lundi 12 mai, lorsqu\u2019un ancien strip-teaseur a commenc\u00e9 \u00e0 livrer des d\u00e9tails sordides sur les soir\u00e9es \u00abfreaks offs\u00bb organis\u00e9es par leur p\u00e8re. Daniel Phillip, l\u2019escort-girl en question, a notamment racont\u00e9 avoir \u00e9t\u00e9 sollicit\u00e9 en 2012 par P. Diddy\u00a0: ce dernier lui aurait donn\u00e9 des instructions bien pr\u00e9cises, comme celle de s\u2019enduire d\u2019huile pour b\u00e9b\u00e9 et d\u2019uriner dans la bouche de son ex-compagne\u00a0<a href=\"http:\/\/madame.lefigaro.fr\/celebrites\/actu-people\/violences-drogue-et-emprise-cassie-et-puff-daddy-13-ans-d-une-relation-tres-toxique-20231118\" data-fig-type=\"Article\" data-gtm-custom-categorie=\"navigation\" data-gtm-custom-action=\"crossclick\" data-gtm-custom-label=\"Contextuel\" data-gtm-event=\"customEventSPE\" data-fig-domain=\"MADAME\" target=\"_blank\" rel=\"noopener\">Casandra Ventura, plus connue sous le nom de \u00abCassie\u00bb<\/a>. Pendant ce temps, le rappeur aurait observ\u00e9 la sc\u00e8ne en se masturbant. Daniel Phillip a \u00e9galement affirm\u00e9 avoir \u00e9t\u00e9 t\u00e9moin de violences de Sean Combs envers Cassie.<\/p>\n<p class=\"fig-body-link&#10;    \">\n            \u00c0 lire aussi<br \/>\n        <a class=\"fig-body-link__link\" href=\"http:\/\/madame.lefigaro.fr\/celebrites\/actu-people\/violences-drogue-et-emprise-cassie-et-puff-daddy-13-ans-d-une-relation-tres-toxique-20231118\" target=\"_blank\" data-fig-type=\"Article\" rel=\"noopener\" data-gtm-custom-categorie=\"navigation\" data-gtm-custom-action=\"crossclick\" data-gtm-custom-label=\"Contextuel\" data-gtm-event=\"customEventSPE\" data-fig-domain=\"MADAME\">Violences, drogue et emprise\u00a0: Cassie et Puff Daddy, 13 ans d&rsquo;une relation tr\u00e8s toxique<\/a>\n<\/p>\n<p>\u00a0\u00bb<br \/>\n        data-script=\u00a0\u00bbhttps:\/\/static.lefigaro.fr\/widget-video\/short-ttl\/video\/index.js\u00a0\u00bb<br \/>\n    &gt;<\/p>\n<p class=\"fig-paragraph\">Actuellement d\u00e9tenu dans une prison de Brooklyn en raison des risques de fuite et de pression sur les t\u00e9moins ou les victimes, P. Diddy est devant la justice de Manhattan depuis le 5 mai. L\u2019ex-rappeur, aujourd\u2019hui \u00e2g\u00e9 de 55 ans, est accus\u00e9 de trafic d\u2019\u00eatres humains en bande organis\u00e9e. Il encourt la r\u00e9clusion \u00e0 perp\u00e9tuit\u00e9. En attendant que le verdict tombe, il peut n\u00e9anmoins compter sur le soutien sans faille de ses sept enfants pr\u00e9sents dans la salle d\u2019audience depuis le d\u00e9but du proc\u00e8s (\u00e0 l\u2019exception de la benjamine qui n\u2019a m\u00eame pas 3 ans). Sept enfants qui, avant que l\u2019affaire n\u2019\u00e9clate au grand jour, menaient une vie (tr\u00e8s) privil\u00e9gi\u00e9e, \u00e0 l\u2019abri des regards indiscrets.<\/p>\n<p>Quincy Taylor Brown, 33 ans<\/p>\n<p class=\"fig-paragraph\">Quincy est n\u00e9 \u00e0 New York le 4 juin 1991. Il est le fruit de l\u2019histoire d\u2019amour entre le mannequin Kim Porter et le chanteur et producteur de disques Al B. Sure! (Albert Joseph Brown III au civil), et doit son nom \u00e0 son parrain, Quincy Jones, le mentor de son p\u00e8re biologique. Plusieurs ann\u00e9es plus tard, le petit gar\u00e7on finit par \u00eatre adopt\u00e9 par P. Diddy, qui se met en couple avec Kim Porter d\u00e8s 1994. Aujourd\u2019hui \u00e2g\u00e9 de 33 ans, Quincy a emprunt\u00e9 la voie artistique. Acteur, chanteur et mannequin, il a sorti plus de dix singles et un EP intitul\u00e9 This Is For You, tout en jouant dans des films comme Brotherly Love et Dope. Il ne cache pas l\u2019influence de P. Diddy dans sa carri\u00e8re. \u00abJe crois que j\u2019ai \u00e9t\u00e9 une \u00e9ponge, et maintenant je fais tellement de choses\u00bb, soufflait Quincy\u00a0<a href=\"https:\/\/people.com\/parents\/quincy-brown-talks-unique-situation-growing-up-diddy-son-exclusive\/\" target=\"_blank\" rel=\"nofollow noopener\" data-gtm-custom-categorie=\"navigation\" data-gtm-custom-action=\"crossclick\" data-gtm-custom-label=\"Contextuel\" data-gtm-event=\"customEventSPE\">au magazine People en 2023<\/a>\u00a0\u00e0 propos de son p\u00e8re. \u00abJ\u2019adore le th\u00e9\u00e2tre, et puis il y a la musique. Mais le simple fait de le voir g\u00e9rer et jongler avec tout \u00e7a m\u2019a vraiment appris quelque chose de lui.\u00bb<\/p>\n<p>Justin Dior Combs, 31 ans<\/p>\n<p class=\"fig-paragraph\">Justin, le premier enfant biologique de Diddy, issu de sa relation avec la styliste Misa Hylton, est n\u00e9 \u00e0 New York le 30 d\u00e9cembre 1993. Il a acquis une certaine popularit\u00e9 en 2008 lorsqu\u2019il a particip\u00e9 \u00e0 l\u2019\u00e9mission \u00abMy Super Sweet 16\u00bb sur MTV, pour c\u00e9l\u00e9brer son 16e anniversaire avec son p\u00e8re. Justin a ensuite fr\u00e9quent\u00e9 l\u2019Universit\u00e9 de Californie \u00e0 Los Angeles (UCLA), o\u00f9 il a \u00e9tudi\u00e9 la sociologie tout en jouant comme arri\u00e8re d\u00e9fensif pour l\u2019\u00e9quipe de football am\u00e9ricain des Bruins de l\u2019UCLA. En 2016, il est le premier membre de la famille Combs \u00e0 obtenir un dipl\u00f4me universitaire. \u00abPremier gar\u00e7on Combs \u00e0 obtenir un dipl\u00f4me universitaire&#8230; Louanges \u00e0 Dieu et \u00e0 mes parents\u00a0!\u00bb a-t-il \u00e9crit sur Instagram avec une photo de lui portant sa toge et un mortarboard (la casquette de dipl\u00f4m\u00e9), entour\u00e9 de ses parents.<\/p>\n<p class=\"fig-paragraph\">Le lendemain de la remise des dipl\u00f4mes de Justin, P. Diddy a \u00e9galement f\u00e9licit\u00e9 son fils dans une publication Instagram d\u00e9sormais supprim\u00e9e\u00a0: \u00abN\u2019arr\u00eate jamais de r\u00eaver ou de croire\u00a0!! Hier a \u00e9t\u00e9 l\u2019un des plus beaux jours de ma vie\u00a0! @princejdc Je suis si fier de toi\u00a0!!\u00bb, avait-il alors \u00e9crit. Depuis, Justin s\u2019est davantage illustr\u00e9 sur le petit \u00e9cran. Il est notamment apparu dans la troisi\u00e8me saison de la s\u00e9rie Power Book II\u00a0: Ghost dans le r\u00f4le de King. Il a aussi anim\u00e9, en 2021, l\u2019\u00e9mission \u00abRespectfully Justin\u00bb sur REVOLT.tv, o\u00f9 il a interview\u00e9 des c\u00e9l\u00e9brit\u00e9s comme Saweetie, Chris Brown et d\u2019autres.<\/p>\n<p>Christian Combs, 27 ans<\/p>\n<p class=\"fig-paragraph\">Christian, le fils de P. Diddy et Kim Porter, est n\u00e9 le 1er avril 1998, peu de temps apr\u00e8s que ses parents ont commenc\u00e9 \u00e0 sortir ensemble. Aujourd\u2019hui plus connu sous le nom de King Combs, le jeune homme a march\u00e9 sur les pas de son p\u00e8re en se lan\u00e7ant dans le rap. En 2019, il a sorti l\u2019EP Cyncerely, C3, qui comprend des chansons comme Heaven Sent et Naughty. Christian a ainsi collabor\u00e9 avec son fr\u00e8re Quincy sur la chanson Options, la m\u00eame ann\u00e9e. \u00abJ\u2019ai toujours voulu faire \u00e7a\u00bb, a confi\u00e9 Christian\u00a0<a href=\"https:\/\/people.com\/music\/king-combs-says-he-has-always-wanted-to-be-a-rapper-like-father-diddy-exclusive\/\" target=\"_blank\" rel=\"nofollow noopener\" data-gtm-custom-categorie=\"navigation\" data-gtm-custom-action=\"crossclick\" data-gtm-custom-label=\"Contextuel\" data-gtm-event=\"customEventSPE\">\u00e0 People en septembre 2022<\/a>. \u00abIl y a eu des moments o\u00f9 mon p\u00e8re m\u2019a interrog\u00e9 et m\u2019a demand\u00e9\u00a0: \u00ab\u00a0Quel est ton plan B\u00a0? Es-tu s\u00fbr de vouloir faire \u00e7a\u00a0?\u00a0\u00bb Et je lui ai r\u00e9pondu\u00a0: \u00ab\u00a0Il n\u2019y a pas de plan B.\u00a0\u00bb\u00bb Kings Combs a ensuite rencontr\u00e9 un certain succ\u00e8s avec des singles comme Love You Better et Can\u2019t Stop Won\u2019t Stop, en collaboration avec Kodak Black.<\/p>\n<p>Chance Combs, 18 ans<\/p>\n<p class=\"fig-paragraph\">Chance est n\u00e9e le 20 juillet 2006. Elle est issue d\u2019une liaison extraconjugale entre Diddy et la femme d\u2019affaires Sarah Chapman, amie de longue date du rappeur. Moins connue que ses fr\u00e8res a\u00een\u00e9s, Chance s\u2019est illustr\u00e9e en s\u2019engageant aupr\u00e8s des personnes dans le besoin. En janvier 2021, en pleine pand\u00e9mie de Covid-19 , elle s\u2019est jointe \u00e0 ses s\u0153urs D\u2019Lila et Jessie (pr\u00e9sent\u00e9es ci-dessous) pour faire don de produits de beaut\u00e9 et de soins personnalis\u00e9s \u00e0 Alexandria House \u00e0 Los Angeles, un h\u00e9bergement d\u2019urgence aux femmes et aux enfants. Chance a aussi fait irruption sur la sc\u00e8ne publique en 2022 en foulant le tapis rouge des Oscars dans une robe Dolce &amp; Gabbana incrust\u00e9e de strass. \u00abJe suis sans voix, sans voix. Ch\u00e9rie, tu es si belle, si belle\u00bb, a d\u00e9clar\u00e9 Diddy \u00e0 propos de sa fille sur le tapis rouge des Oscars,\u00a0<a href=\"https:\/\/www.dailymail.co.uk\/femail\/article-10660399\/Could-Diddys-16-year-old-daughter-Chance-Combs-set-Oscars-success.html\" target=\"_blank\" rel=\"nofollow noopener\" data-gtm-custom-categorie=\"navigation\" data-gtm-custom-action=\"crossclick\" data-gtm-custom-label=\"Contextuel\" data-gtm-event=\"customEventSPE\">selon le Daily Mail<\/a> . Aujourd\u2019hui, la jeune femme de 18 ans se destine \u00e0 une carri\u00e8re d\u2019actrice et de mannequin.<\/p>\n<p>\u00abThe Combs Twins\u00bb, 18 ans<\/p>\n<p class=\"fig-paragraph\">Cinq mois apr\u00e8s la naissance de Chance, P. Diddy et Kim Porter ont accueilli des jumelles, D\u2019Lila et Jessie, le 21 d\u00e9cembre 2006. Malgr\u00e9 la rupture entre leurs parents, D\u2019Lila et Jessie ont \u00e9t\u00e9 \u00e9lev\u00e9es aux c\u00f4t\u00e9s de leur s\u0153ur Chance. En avril 2022, les trois adolescentes sont d\u2019ailleurs apparues ensemble aux Daily Front Row Awards \u00e0 Beverly Hills. D\u2019Lila et Jessie partagent un compte Instagram ainsi qu\u2019un compte TikTok, o\u00f9 elles publient des vid\u00e9os d\u2019elle dansant et pavanant dans des tenues assorties.<\/p>\n<p>Love Sean Combs, 2 ans<\/p>\n<p class=\"fig-paragraph\">La benjamine de la fratrie n\u2019est autre que Love Sean Combs, n\u00e9e le 10 d\u00e9cembre 2022. Elle est le fruit de la relation du rappeur avec Dana Tran, experte en cybers\u00e9curit\u00e9 et mannequin. Malgr\u00e9 son tr\u00e8s jeune \u00e2ge, la petite fille a d\u00e9j\u00e0 un compte Instagram, g\u00e9r\u00e9 par sa m\u00e8re. Lequel est suivi par pr\u00e8s de 100.000 abonn\u00e9s.<\/p>\n<p>Une fratrie envers et contre tous<\/p>\n<p class=\"fig-paragraph\">Tr\u00e8s soud\u00e9s, les enfants de P. Diddy ont \u00e9t\u00e9 profond\u00e9ment affect\u00e9s par l\u2019incarc\u00e9ration de leur p\u00e8re. Plusieurs sources concordent pour d\u00e9crire une famille sous le choc. Malgr\u00e9 le scandale, ils ont d\u00e9cid\u00e9 de d\u00e9fendre leur p\u00e8re envers et contre tout. Dans un communiqu\u00e9 publi\u00e9 sur Instagram le 22 octobre, Quincy, Justin, Christian, Chance ainsi que les jumelles D\u2019Lila et Jessie ont d\u00e9clar\u00e9 que l\u2019affaire avait \u00abd\u00e9vast\u00e9\u00bb leur famille, d\u00e9non\u00e7ant les \u00abaccusations, th\u00e9ories du complot et fausses histoires\u00bb circulant sur les r\u00e9seaux sociaux. \u00abNous restons unis et nous te soutiendrons \u00e0 chaque \u00e9tape. Nous connaissons la v\u00e9rit\u00e9. Nous savons qu\u2019elle triomphera et rien ne pourra briser la force de cette famille. Tu nous manques et on t\u2019aime papa\u00bb, ont-ils \u00e9crit en l\u00e9gende d\u2019une photo d\u2019eux aux c\u00f4t\u00e9s de leur p\u00e8re, prise lors d\u2019une f\u00eate familiale.<\/p>\n","protected":false},"excerpt":{"rendered":"Le rappeur d\u00e9chu est le p\u00e8re de sept enfants, soutiens de P. Diddy envers et contre tous. Pendant&hellip;\n","protected":false},"author":2,"featured_media":113646,"comment_status":"","ping_status":"","sticky":false,"template":"","format":"standard","meta":{"footnotes":""},"categories":[1355],"tags":[976,972,58,2773,59,638,1011,27,977,1361,873,973,975,22069,974],"class_list":{"0":"post-113645","1":"post","2":"type-post","3":"status-publish","4":"format-standard","5":"has-post-thumbnail","7":"category-musique","8":"tag-actu-people","9":"tag-celebrite","10":"tag-divertissement","11":"tag-enfants-de","12":"tag-entertainment","13":"tag-figaro","14":"tag-fr","15":"tag-france","16":"tag-madame","17":"tag-music","18":"tag-musique","19":"tag-people","20":"tag-potain-de-stars","21":"tag-puff-daddy","22":"tag-star"},"share_on_mastodon":{"url":"https:\/\/pubeurope.com\/@fr\/114538740689818636","error":""},"_links":{"self":[{"href":"https:\/\/www.europesays.com\/fr\/wp-json\/wp\/v2\/posts\/113645","targetHints":{"allow":["GET"]}}],"collection":[{"href":"https:\/\/www.europesays.com\/fr\/wp-json\/wp\/v2\/posts"}],"about":[{"href":"https:\/\/www.europesays.com\/fr\/wp-json\/wp\/v2\/types\/post"}],"author":[{"embeddable":true,"href":"https:\/\/www.europesays.com\/fr\/wp-json\/wp\/v2\/users\/2"}],"replies":[{"embeddable":true,"href":"https:\/\/www.europesays.com\/fr\/wp-json\/wp\/v2\/comments?post=113645"}],"version-history":[{"count":0,"href":"https:\/\/www.europesays.com\/fr\/wp-json\/wp\/v2\/posts\/113645\/revisions"}],"wp:featuredmedia":[{"embeddable":true,"href":"https:\/\/www.europesays.com\/fr\/wp-json\/wp\/v2\/media\/113646"}],"wp:attachment":[{"href":"https:\/\/www.europesays.com\/fr\/wp-json\/wp\/v2\/media?parent=113645"}],"wp:term":[{"taxonomy":"category","embeddable":true,"href":"https:\/\/www.europesays.com\/fr\/wp-json\/wp\/v2\/categories?post=113645"},{"taxonomy":"post_tag","embeddable":true,"href":"https:\/\/www.europesays.com\/fr\/wp-json\/wp\/v2\/tags?post=113645"}],"curies":[{"name":"wp","href":"https:\/\/api.w.org\/{rel}","templated":true}]}}