{"id":1136491,"date":"2026-08-19T13:01:14","date_gmt":"2026-08-19T13:01:14","guid":{"rendered":"https:\/\/www.europesays.com\/fr\/1136491\/"},"modified":"2026-08-19T13:01:14","modified_gmt":"2026-08-19T13:01:14","slug":"une-tension-entre-juifs-et-goys-aux-2-alpes-apres-les-propos-antisemites-un-restaurateur-de-la-station-reagit","status":"publish","type":"post","link":"https:\/\/www.europesays.com\/fr\/1136491\/","title":{"rendered":"\u00ab\u00a0Une tension\u00a0\u00bb entre juifs et \u00ab\u00a0goys\u00a0\u00bb aux 2 Alpes : apr\u00e8s les propos antis\u00e9mites, un restaurateur de la station r\u00e9agit"},"content":{"rendered":"<p>                    Par<br \/>\n        <strong><br \/>\n            <a href=\"https:\/\/actu.fr\/auteur\/sarah-boana\" title=\"Consulter tous les articles de Sarah Boana\" rel=\"nofollow noopener\" target=\"_blank\">Sarah Boana<\/a><br \/>\n                    <\/strong><\/p>\n<p>        Publi\u00e9 le<\/p>\n<p>            19 ao\u00fbt 2026 \u00e0 14h37        <\/p>\n<p>Quelques jours apr\u00e8s la pol\u00e9mique autour d\u2019une commer\u00e7ante prise en vid\u00e9o tenant des propos antis\u00e9mites aux 2 Alpes dans <a href=\"https:\/\/actu.fr\/auvergne-rhone-alpes\/isere_38\" rel=\"nofollow noopener\" target=\"_blank\">l\u2019Is\u00e8re<\/a>, David, un restaurateur de la station de ski, a \u00e9t\u00e9 invit\u00e9 sur l\u2019\u00e9mission <a href=\"https:\/\/rmc.bfmtv.com\/replay-emissions\/les-grandes-gueules\/les-grandes-gueules-du-17-aout-fatima-ait-bounoua-charles-consigny-et-antoine-diers-9h-10h_EN-202608170253.html\" rel=\"nofollow noopener\" target=\"_blank\">Les Grandes Gueules sur RMC, ce lundi 17 ao\u00fbt.<\/a>\u00a0<\/p>\n<p class=\" wall-content\">Ce dernier a tent\u00e9 d\u2019expliquer le contexte de l\u2019altercation entre la commer\u00e7ante de la buvette et le touriste juif. \u00ab\u00a0Ici aux 2 Alpes, on a entre 3 000 et 5 000 touristes juifs et c\u2019est du Loubavitch orthodoxe, hein (\u2026) Nous, on est des \u00ab\u00a0goys\u00a0\u00bb (terme h\u00e9breu pour d\u00e9signer les personnes non juives, NDLR) et il y a un probl\u00e8me l\u00e0-dessus. Il y a quand m\u00eame une petite tension, ce sont des extr\u00e9mistes religieux. \u00c7a nous prend de haut, \u00e7a parle mal aux jeunes filles dans les supermarch\u00e9s, etc.\u00a0\u00bb<\/p>\n<p class=\" wall-content\">Toutefois, <strong>David condamne les propos qui ont \u00e9t\u00e9 tenus par la commer\u00e7ante.\u00a0<\/strong><\/p>\n<p>La station de ski pris\u00e9e par la communaut\u00e9 juive orthodoxe<\/p>\n<p class=\" wall-content\">La station accueille actuellement le grand s\u00e9minaire d\u2019\u00e9t\u00e9 europ\u00e9en du Beth Loubavitch, une organisation juive orthodoxe extr\u00eame du juda\u00efsme, rassemblant plusieurs centaines de personnes.\u00a0<\/p>\n<p class=\" wall-content\">Le touriste juif vis\u00e9 dans la vid\u00e9o s\u2019est \u00e9galement exprim\u00e9 plus t\u00f4t dans l\u2019\u00e9mission en d\u00e9non\u00e7ant cet <a href=\"https:\/\/actu.fr\/auvergne-rhone-alpes\/villeurbanne_69266\/restez-chez-vous-les-juifs-ce-lyonnais-gerant-d-un-petit-zoo-en-thailande-accuse-de-refuser-les-israeliens_64665533.html\" rel=\"nofollow noopener\" target=\"_blank\">acte antis\u00e9mite<\/a> : \u00ab\u00a0Je n\u2019ai pas du tout aval\u00e9 ses propos et la communaut\u00e9 juive ne veut plus de ses actes, on en a assez. Je me f\u00e9licite des communiqu\u00e9s de presse de Laurent Nu\u00f1ez et Aurore Berger, mais j\u2019esp\u00e8re des actes et des vraies condamnations.\u00a0\u00bb\u00a0<\/p>\n<p class=\" wall-content\">La g\u00e9rante lui avait refus\u00e9 l\u2019entr\u00e9e \u00e0 la buvette en expliquant : \u00ab\u00a0La communaut\u00e9 juive, vous \u00eates trop nombreux. C\u2019est qu\u2019\u00e0 un moment donn\u00e9, \u00e7a exc\u00e8de les gens.\u00a0\u00bb<\/p>\n<p class=\" wall-content\">Le parquet du procureur de la R\u00e9publique de Grenoble a indiqu\u00e9 ce mardi 18 ao\u00fbt que le dossier d\u2019enqu\u00eate de la gendarmerie \u00ab\u00a0avait \u00e9t\u00e9 cl\u00f4tur\u00e9 et transmis\u00a0\u00bb \u00e0 ses services.\u00a0<\/p>\n<p class=\" wall-content\">Personnalisez votre actualit\u00e9 en ajoutant vos villes et m\u00e9dias en favori avec <a href=\"https:\/\/moncompte.actu.fr\" title=\"D\u00e9couvez Mon Actu\" rel=\"nofollow noopener\" data-trk=\"{&quot;cta&quot;:{&quot;action&quot;:&quot;https:\\\/\\\/moncompte.actu.fr&quot;,&quot;category&quot;:&quot;mon compte&quot;,&quot;from&quot;:&quot;article footer&quot;,&quot;name&quot;:&quot;Mon actu&quot;,&quot;type&quot;:&quot;cta&quot;}}\" target=\"_blank\">Mon Actu<\/a>.<\/p>\n","protected":false},"excerpt":{"rendered":"Par Sarah Boana Publi\u00e9 le 19 ao\u00fbt 2026 \u00e0 14h37 Quelques jours apr\u00e8s la pol\u00e9mique autour d\u2019une commer\u00e7ante&hellip;\n","protected":false},"author":2,"featured_media":1136492,"comment_status":"","ping_status":"","sticky":false,"template":"","format":"standard","meta":{"footnotes":"","_share_on_mastodon":"0"},"categories":[9566],"tags":[1111,11,6155,2430,1777,674,1011,27,2731,303,12,25,104],"class_list":["post-1136491","post","type-post","status-publish","format-standard","has-post-thumbnail","category-grenoble","tag-actu","tag-actualites","tag-antisemitisme","tag-auvergne-rhone-alpes","tag-eu","tag-europe","tag-fr","tag-france","tag-grenoble","tag-justice","tag-news","tag-republique-francaise","tag-societe"],"share_on_mastodon":{"url":"https:\/\/pubeurope.com\/@fr\/117122307587405004","error":""},"_links":{"self":[{"href":"https:\/\/www.europesays.com\/fr\/wp-json\/wp\/v2\/posts\/1136491","targetHints":{"allow":["GET"]}}],"collection":[{"href":"https:\/\/www.europesays.com\/fr\/wp-json\/wp\/v2\/posts"}],"about":[{"href":"https:\/\/www.europesays.com\/fr\/wp-json\/wp\/v2\/types\/post"}],"author":[{"embeddable":true,"href":"https:\/\/www.europesays.com\/fr\/wp-json\/wp\/v2\/users\/2"}],"replies":[{"embeddable":true,"href":"https:\/\/www.europesays.com\/fr\/wp-json\/wp\/v2\/comments?post=1136491"}],"version-history":[{"count":0,"href":"https:\/\/www.europesays.com\/fr\/wp-json\/wp\/v2\/posts\/1136491\/revisions"}],"wp:featuredmedia":[{"embeddable":true,"href":"https:\/\/www.europesays.com\/fr\/wp-json\/wp\/v2\/media\/1136492"}],"wp:attachment":[{"href":"https:\/\/www.europesays.com\/fr\/wp-json\/wp\/v2\/media?parent=1136491"}],"wp:term":[{"taxonomy":"category","embeddable":true,"href":"https:\/\/www.europesays.com\/fr\/wp-json\/wp\/v2\/categories?post=1136491"},{"taxonomy":"post_tag","embeddable":true,"href":"https:\/\/www.europesays.com\/fr\/wp-json\/wp\/v2\/tags?post=1136491"}],"curies":[{"name":"wp","href":"https:\/\/api.w.org\/{rel}","templated":true}]}}