{"id":113659,"date":"2025-05-20T06:35:09","date_gmt":"2025-05-20T06:35:09","guid":{"rendered":"https:\/\/www.europesays.com\/fr\/113659\/"},"modified":"2025-05-20T06:35:09","modified_gmt":"2025-05-20T06:35:09","slug":"la-maladie-a-letat-metastatique-ne-se-guerit-pas-mais-on-vit-avec-liberation","status":"publish","type":"post","link":"https:\/\/www.europesays.com\/fr\/113659\/","title":{"rendered":"\u00abLa maladie \u00e0 l\u2019\u00e9tat m\u00e9tastatique ne se gu\u00e9rit pas, mais on vit avec\u00bb \u2013 Lib\u00e9ration"},"content":{"rendered":"<p class=\"sc-ksZaOG ehjQrN text-element\">Dimanche 18 mai, l\u2019entourage de Joe Biden annon\u00e7ait que l\u2019ancien pr\u00e9sident des Etats-Unis <a href=\"https:\/\/www.liberation.fr\/international\/amerique\/etats-unis-joe-biden-atteint-dune-forme-agressive-du-cancer-de-la-prostate-20250518_G2YFDMSXRJE3LKQBXFQUTBR7ZM\/\" target=\"_blank\" rel=\"noreferrer nofollow noopener\" title=\"https:\/\/www.liberation.fr\/international\/amerique\/etats-unis-joe-biden-atteint-dune-forme-agressive-du-cancer-de-la-prostate-20250518_G2YFDMSXRJE3LKQBXFQUTBR7ZM\/\">\u00e9tait atteint d\u2019une forme \u00abagressive\u00bb du cancer de la prostate<\/a>, pr\u00e9sentant des \u00abm\u00e9tastases osseuses\u00bb. Si une minorit\u00e9 des patients diagnostiqu\u00e9s d\u00e9veloppent une forme aussi grave, le cancer de la prostate n\u2019en est pas moins le plus fr\u00e9quent chez les hommes, rappelle Natacha Naoun, oncologue m\u00e9dicale au centre de lutte contre le cancer Gustave-Roussy, \u00e0 Villejuif, dans le Val-de-Marne.<\/p>\n<p class=\"sc-ksZaOG ehjQrN text-element\"><b>Quels sont les sympt\u00f4mes d\u2019un cancer de la prostate ?<\/b><\/p>\n<p class=\"sc-ksZaOG ehjQrN text-element\">L\u2019immense majorit\u00e9 des cas sont asymptomatiques. Quelques patients d\u00e9crivent des g\u00eanes au niveau urinaire. Mais elles sont plut\u00f4t li\u00e9es \u00e0 l\u2019hypertrophie b\u00e9nigne de prostate, normale chez tous les hommes, puisque la prostate grossit avec l\u2019\u00e2ge. Il est tr\u00e8s rare que le cancer en lui-m\u00eame entra\u00eene des sympt\u00f4mes.<\/p>\n<p class=\"sc-ksZaOG ehjQrN text-element\">En France, un d\u00e9pistage annuel \u2013 avec dosage du PSA, l\u2019antig\u00e8ne sp\u00e9cifique de la prostate, et toucher rectal \u2013 doit \u00eatre propos\u00e9 aux patients \u00e0 partir de 50 ans, quand ils n\u2019ont pas d\u2019ant\u00e9c\u00e9dents particuliers. C\u2019est un d\u00e9pistage individuel et non g\u00e9n\u00e9ralis\u00e9, co<\/p>\n","protected":false},"excerpt":{"rendered":"Dimanche 18 mai, l\u2019entourage de Joe Biden annon\u00e7ait que l\u2019ancien pr\u00e9sident des Etats-Unis \u00e9tait atteint d\u2019une forme \u00abagressive\u00bb&hellip;\n","protected":false},"author":2,"featured_media":113660,"comment_status":"","ping_status":"","sticky":false,"template":"","format":"standard","meta":{"footnotes":""},"categories":[2],"tags":[11,101,1011,27,12],"class_list":{"0":"post-113659","1":"post","2":"type-post","3":"status-publish","4":"format-standard","5":"has-post-thumbnail","7":"category-actualites","8":"tag-actualites","9":"tag-cancer","10":"tag-fr","11":"tag-france","12":"tag-news"},"share_on_mastodon":{"url":"https:\/\/pubeurope.com\/@fr\/114538776188932672","error":""},"_links":{"self":[{"href":"https:\/\/www.europesays.com\/fr\/wp-json\/wp\/v2\/posts\/113659","targetHints":{"allow":["GET"]}}],"collection":[{"href":"https:\/\/www.europesays.com\/fr\/wp-json\/wp\/v2\/posts"}],"about":[{"href":"https:\/\/www.europesays.com\/fr\/wp-json\/wp\/v2\/types\/post"}],"author":[{"embeddable":true,"href":"https:\/\/www.europesays.com\/fr\/wp-json\/wp\/v2\/users\/2"}],"replies":[{"embeddable":true,"href":"https:\/\/www.europesays.com\/fr\/wp-json\/wp\/v2\/comments?post=113659"}],"version-history":[{"count":0,"href":"https:\/\/www.europesays.com\/fr\/wp-json\/wp\/v2\/posts\/113659\/revisions"}],"wp:featuredmedia":[{"embeddable":true,"href":"https:\/\/www.europesays.com\/fr\/wp-json\/wp\/v2\/media\/113660"}],"wp:attachment":[{"href":"https:\/\/www.europesays.com\/fr\/wp-json\/wp\/v2\/media?parent=113659"}],"wp:term":[{"taxonomy":"category","embeddable":true,"href":"https:\/\/www.europesays.com\/fr\/wp-json\/wp\/v2\/categories?post=113659"},{"taxonomy":"post_tag","embeddable":true,"href":"https:\/\/www.europesays.com\/fr\/wp-json\/wp\/v2\/tags?post=113659"}],"curies":[{"name":"wp","href":"https:\/\/api.w.org\/{rel}","templated":true}]}}