{"id":113661,"date":"2025-05-20T06:36:11","date_gmt":"2025-05-20T06:36:11","guid":{"rendered":"https:\/\/www.europesays.com\/fr\/113661\/"},"modified":"2025-05-20T06:36:11","modified_gmt":"2025-05-20T06:36:11","slug":"la-loire-mise-sur-un-tourisme-en-toute-deconnexion","status":"publish","type":"post","link":"https:\/\/www.europesays.com\/fr\/113661\/","title":{"rendered":"La Loire mise sur un tourisme en toute d\u00e9connexion"},"content":{"rendered":"<p class=\"is-style-chapo\">Ce lundi 19 mai, Loire Tourisme a pr\u00e9sent\u00e9 et officiellement lanc\u00e9 sa nouvelle campagne de communication. L\u2019objectif est clair\u00a0: \u00e9tonner avec une campagne engag\u00e9e contre l\u2019hyperconnexion et mettre en avant l\u2019authenticit\u00e9 du territoire.<\/p>\n<p><img fetchpriority=\"high\" decoding=\"async\" width=\"1024\" height=\"576\" src=\"https:\/\/www.europesays.com\/fr\/wp-content\/uploads\/2025\/05\/Capture-decran-2025-05-19-a-16.56.17-1-1024x576.jpg\" alt=\"\" class=\"wp-image-79212\"  \/><\/p>\n<p>\u00ab\u00a0Pour vous aider \u00e0 relever la t\u00eate pendant vos vacances, le d\u00e9partement de la Loire a imagin\u00e9 une solution innovante\u00a0\u00bb. C\u2019est avec cette accroche que se lance la nouvelle campagne de communication de <a href=\"https:\/\/www.if-saint-etienne.fr\/economie\/tourisme-la-loire-fait-le-pari-de-la-capitale\" target=\"_blank\" rel=\"noreferrer noopener\">Loire Tourisme<\/a>. Cin\u00e9mas, m\u00e9tro, r\u00e9seaux sociaux, influenceurs\u00a0: Loire Tourisme poursuit sa conqu\u00eate du public parisien et lyonnais. Lanc\u00e9e ce jour, la campagne fait un constat simple\u00a0: plus de 6 Fran\u00e7ais sur 10 souhaitent d\u00e9connecter pendant les vacances, mais ils ne sont que 3 sur 10 \u00e0 y parvenir.<\/p>\n<p>Alors la Loire se propose de les aider gr\u00e2ce \u00e0 un spot d\u00e9cal\u00e9 qui met en sc\u00e8ne le Off bag*, une banane de cou qui emp\u00eache de scroller sur son t\u00e9l\u00e9phone pour pouvoir pleinement se connecter \u00e0 la nature. La pastille se termine sur ce jeu de mots\u00a0: \u00ab\u00a0Venez trouver dans le d\u00e9partement de la Loire la meilleure des connexions\u00a0\u00bb.<\/p>\n<p>160 salles de cin\u00e9ma<\/p>\n<p>\u00ab\u00a0C\u2019est la troisi\u00e8me ann\u00e9e que nous mettons en place cette campagne, rappelle le d\u00e9put\u00e9 du Roannais Antoine Vermorel-Marques, \u00e9galement pr\u00e9sident de l\u2019Agence de d\u00e9veloppement touristique du d\u00e9partement (ADT). On a fait le choix d\u2019avoir un engagement fort autour d\u2019un ph\u00e9nom\u00e8ne soci\u00e9tal et nous allons filer la m\u00e9taphore sur les diff\u00e9rents supports\u00a0\u00bb. Ainsi, le film sera diffus\u00e9 dans 160 salles au total, \u00e0 Paris et Lyon, du 11 au 24 juin. Pourquoi ces villes\u00a0? Et bien parce que la fr\u00e9quentation des Franciliens et des Lyonnais poursuit sa hausse chaque ann\u00e9e depuis 2020. Un effet post Covid\u00a0? Pas que. <\/p>\n<p>Les courts s\u00e9jours sont une tendance de fond. \u00ab\u00a0On choisit de cibler les jeunes urbains, sans enfant, plut\u00f4t CSP +, car c\u2019est une client\u00e8le \u00e9mergente dans nos h\u00e9bergements, constate V\u00e9ronique Chaverot, vice-pr\u00e9sidente en charge du tourisme. Les campagnes vont essayer de conforter cette client\u00e8le, qui reviendra peut-\u00eatre ensuite en famille\u00a0\u00bb. En parall\u00e8le des cin\u00e9mas, la Loire fait son retour dans le m\u00e9tro parisien avec un affichage m\u00e9tro Gare de Lyon toute la semaine. Demain, une op\u00e9ration de street marketing aura lieu pr\u00e8s des Apple store et des magasins Samsung de la capitale.<\/p>\n<\/p>\n<p>S\u00e9jour rembours\u00e9<\/p>\n<p>Des randonn\u00e9es Off tel seront organis\u00e9es \u00e0 l\u2019Auberge de la Jasserie le 29 mai, au Ch\u00e2teau d\u2019Essalois le 30 mai, et \u00e0 Saint-Jean-Saint-Maurice-sur-Loire le 31 mai. Au d\u00e9part de ces chemins, les randonneurs seront invit\u00e9s \u00e0 d\u00e9poser leur t\u00e9l\u00e9phone dans des casiers s\u00e9curis\u00e9s afin de profiter pleinement de l\u2019exp\u00e9rience sans \u00eatre interrompus par leurs notifications. Cette th\u00e9matique sera reprise sur le site de <a href=\"https:\/\/www.instagram.com\/reel\/DJ1AkIWMQ4t\/?utm_source=ig_web_copy_link&amp;igsh=MzRlODBiNWFlZA==\" target=\"_blank\" rel=\"noreferrer noopener\">Loire Tourisme<\/a>, qui met ainsi en avant des h\u00e9bergements silencieux, des s\u00e9jours hors trend ou encore des activit\u00e9s reconnexion.<\/p>\n<p>Enfin, cet \u00e9t\u00e9, votre s\u00e9jour pourrait vous \u00eatre rembours\u00e9 \u00e0 hauteur de 500 euros. Il faudra pour cela prouver que votre temps d\u2019\u00e9cran a diminu\u00e9 durant votre passage dans la Loire, par rapport \u00e0 d\u2019habitude, et tenter votre chance via tirage au sort. Pour diffuser le message le plus possible, quatre influenceurs seront accueillis de mai \u00e0 juillet, pour incarner cette reconnexion \u00e0 la nature, dont Colin, ancien candidat de Koh Lanta. Antoine Vermorel-Marques le rappelle, le tourisme dans la Loire repr\u00e9sente tout de m\u00eame 5 % des emplois. A noter que le co\u00fbt de cette campagne reste stable depuis 3 ans, soit environ 195 000 euros.<\/p>\n<p>*Il s\u2019agit d\u2019une banane fabriqu\u00e9e dans la Loire par Natur\u2019onde, dans un tissu anti ondes.<\/p>\n<p>\t\t\t<script async src=\"\/\/www.instagram.com\/embed.js\"><\/script><\/p>\n","protected":false},"excerpt":{"rendered":"Ce lundi 19 mai, Loire Tourisme a pr\u00e9sent\u00e9 et officiellement lanc\u00e9 sa nouvelle campagne de communication. L\u2019objectif est&hellip;\n","protected":false},"author":2,"featured_media":113662,"comment_status":"","ping_status":"","sticky":false,"template":"","format":"standard","meta":{"footnotes":""},"categories":[9653],"tags":[1111,11,2430,23340,23341,1777,674,1011,27,23342,12,25,4001,23343],"class_list":{"0":"post-113661","1":"post","2":"type-post","3":"status-publish","4":"format-standard","5":"has-post-thumbnail","7":"category-saint-etienne","8":"tag-actu","9":"tag-actualites","10":"tag-auvergne-rhone-alpes","11":"tag-creatif","12":"tag-departement-de-la-loire","13":"tag-eu","14":"tag-europe","15":"tag-fr","16":"tag-france","17":"tag-loire-tourisme","18":"tag-news","19":"tag-republique-francaise","20":"tag-saint-etienne","21":"tag-tourisme-dans-la-loire"},"share_on_mastodon":{"url":"https:\/\/pubeurope.com\/@fr\/114538780050907016","error":""},"_links":{"self":[{"href":"https:\/\/www.europesays.com\/fr\/wp-json\/wp\/v2\/posts\/113661","targetHints":{"allow":["GET"]}}],"collection":[{"href":"https:\/\/www.europesays.com\/fr\/wp-json\/wp\/v2\/posts"}],"about":[{"href":"https:\/\/www.europesays.com\/fr\/wp-json\/wp\/v2\/types\/post"}],"author":[{"embeddable":true,"href":"https:\/\/www.europesays.com\/fr\/wp-json\/wp\/v2\/users\/2"}],"replies":[{"embeddable":true,"href":"https:\/\/www.europesays.com\/fr\/wp-json\/wp\/v2\/comments?post=113661"}],"version-history":[{"count":0,"href":"https:\/\/www.europesays.com\/fr\/wp-json\/wp\/v2\/posts\/113661\/revisions"}],"wp:featuredmedia":[{"embeddable":true,"href":"https:\/\/www.europesays.com\/fr\/wp-json\/wp\/v2\/media\/113662"}],"wp:attachment":[{"href":"https:\/\/www.europesays.com\/fr\/wp-json\/wp\/v2\/media?parent=113661"}],"wp:term":[{"taxonomy":"category","embeddable":true,"href":"https:\/\/www.europesays.com\/fr\/wp-json\/wp\/v2\/categories?post=113661"},{"taxonomy":"post_tag","embeddable":true,"href":"https:\/\/www.europesays.com\/fr\/wp-json\/wp\/v2\/tags?post=113661"}],"curies":[{"name":"wp","href":"https:\/\/api.w.org\/{rel}","templated":true}]}}