{"id":1136650,"date":"2026-08-19T14:56:22","date_gmt":"2026-08-19T14:56:22","guid":{"rendered":"https:\/\/www.europesays.com\/fr\/1136650\/"},"modified":"2026-08-19T14:56:22","modified_gmt":"2026-08-19T14:56:22","slug":"elections-en-russie-lonu-fustige-lexclusion-dun-parti-antiguerre-aux-elections-russes","status":"publish","type":"post","link":"https:\/\/www.europesays.com\/fr\/1136650\/","title":{"rendered":"\u00c9lections en Russie\u00a0: l\u2019ONU fustige l\u2019exclusion d\u2019un parti antiguerre aux \u00e9lections russes"},"content":{"rendered":"<p>Le bureau du Haut-Commissaire des Nations unies aux droits de l\u2019homme, Volker T\u00fcrk, a d\u00e9clar\u00e9 sur X qu\u2019il \u00e9tait \u00ab alarm\u00e9 par l\u2019interdiction faite \u00e0 Iabloko, l\u2019un des plus anciens partis politiques de Russie, de participer aux \u00e9lections l\u00e9gislatives de septembre, et par la condamnation de son vice-pr\u00e9sident, Lev Chlosberg, \u00e0 plus de 11 ans de prison pour des propos contre la guerre \u00bb.<\/p>\n<p>Volker T\u00fcrk \u00ab appelle les autorit\u00e9s (russes) \u00e0 respecter la libert\u00e9 d\u2019expression et les droits des citoyens \u00e0 prendre part librement et pleinement au processus \u00e9lectoral \u00bb, ont indiqu\u00e9 ses services. \u00ab La contestation pacifique ne devrait jamais \u00eatre p\u00e9nalis\u00e9e \u00bb, a-t-il ajout\u00e9.<\/p>\n<p>Un vice-pr\u00e9sident du parti condamn\u00e9 \u00e0 11 ans et un mois de prison<\/p>\n<p>Cette r\u00e9action intervient apr\u00e8s que la Cour supr\u00eame russe a confirm\u00e9 en appel, lundi, l\u2019exclusion de Iabloko des l\u00e9gislatives pr\u00e9vues en septembre. Des dizaines de personnes qui s\u2019\u00e9taient rassembl\u00e9es devant la Cour en soutien au parti ont \u00e9t\u00e9 interpell\u00e9es.<\/p>\n<p>La Cour, saisie par un parti nationaliste, avait exclu Iabloko des \u00e9lections en premi\u00e8re instance la semaine derni\u00e8re. Le parti nationaliste reprochait \u00e0 Iabloko sa campagne en faveur de la paix &#8211; soit \u00e0 demi-mot contre la guerre men\u00e9e par le Kremlin en Ukraine depuis 2022 &#8211; et l\u2019accusait d\u2019avoir re\u00e7u des financements de l\u2019\u00e9tranger ainsi que, plus formellement, des violations de droits d\u2019auteur.<\/p>\n<p>Dans une proc\u00e9dure distincte, le vice-pr\u00e9sident de Iabloko, Lev Chlosberg, a \u00e9t\u00e9 condamn\u00e9 lundi \u00e0 11 ans et un mois de prison pour des propos critiquant l\u2019offensive russe en Ukraine. Chlosberg, 63 ans, est l\u2019une des rares personnalit\u00e9s d\u2019opposition \u00e0 \u00eatre rest\u00e9es dans le pays en d\u00e9pit de la r\u00e9pression lanc\u00e9e en 2022 contre toute critique de l\u2019invasion de l\u2019Ukraine. Il a \u00e9t\u00e9 reconnu coupable \u00ab d\u2019action publique visant \u00e0 discr\u00e9diter le recours aux forces arm\u00e9es de la F\u00e9d\u00e9ration de Russie \u00bb.<\/p>\n<p>La plupart des opposants au pr\u00e9sident Vladimir Poutine sont emprisonn\u00e9s, en exil ou morts et Iabloko est le seul parti lib\u00e9ral encore en activit\u00e9 en Russie, bien que n\u2019ayant plus d\u2019\u00e9lus \u00e0 la Douma depuis les ann\u00e9es 2000. <\/p>\n","protected":false},"excerpt":{"rendered":"Le bureau du Haut-Commissaire des Nations unies aux droits de l\u2019homme, Volker T\u00fcrk, a d\u00e9clar\u00e9 sur X qu\u2019il&hellip;\n","protected":false},"author":2,"featured_media":1136651,"comment_status":"","ping_status":"","sticky":false,"template":"","format":"standard","meta":{"footnotes":"","_share_on_mastodon":"0"},"categories":[1591],"tags":[11,5949,765,1887,74,12,3521,1885,1886,132],"class_list":["post-1136650","post","type-post","status-publish","format-standard","has-post-thumbnail","category-russie","tag-actualites","tag-elections","tag-en-continu","tag-federation-de-russie","tag-monde","tag-news","tag-onu","tag-russia","tag-russian-federation","tag-russie"],"share_on_mastodon":{"url":"https:\/\/pubeurope.com\/@fr\/117122759896935532","error":""},"_links":{"self":[{"href":"https:\/\/www.europesays.com\/fr\/wp-json\/wp\/v2\/posts\/1136650","targetHints":{"allow":["GET"]}}],"collection":[{"href":"https:\/\/www.europesays.com\/fr\/wp-json\/wp\/v2\/posts"}],"about":[{"href":"https:\/\/www.europesays.com\/fr\/wp-json\/wp\/v2\/types\/post"}],"author":[{"embeddable":true,"href":"https:\/\/www.europesays.com\/fr\/wp-json\/wp\/v2\/users\/2"}],"replies":[{"embeddable":true,"href":"https:\/\/www.europesays.com\/fr\/wp-json\/wp\/v2\/comments?post=1136650"}],"version-history":[{"count":0,"href":"https:\/\/www.europesays.com\/fr\/wp-json\/wp\/v2\/posts\/1136650\/revisions"}],"wp:featuredmedia":[{"embeddable":true,"href":"https:\/\/www.europesays.com\/fr\/wp-json\/wp\/v2\/media\/1136651"}],"wp:attachment":[{"href":"https:\/\/www.europesays.com\/fr\/wp-json\/wp\/v2\/media?parent=1136650"}],"wp:term":[{"taxonomy":"category","embeddable":true,"href":"https:\/\/www.europesays.com\/fr\/wp-json\/wp\/v2\/categories?post=1136650"},{"taxonomy":"post_tag","embeddable":true,"href":"https:\/\/www.europesays.com\/fr\/wp-json\/wp\/v2\/tags?post=1136650"}],"curies":[{"name":"wp","href":"https:\/\/api.w.org\/{rel}","templated":true}]}}