{"id":113668,"date":"2025-05-20T06:40:08","date_gmt":"2025-05-20T06:40:08","guid":{"rendered":"https:\/\/www.europesays.com\/fr\/113668\/"},"modified":"2025-05-20T06:40:08","modified_gmt":"2025-05-20T06:40:08","slug":"une-vaste-operation-visant-a-defricher-une-trentaine-dhectares-au-beausset-inquiete-certains-riverains","status":"publish","type":"post","link":"https:\/\/www.europesays.com\/fr\/113668\/","title":{"rendered":"Une vaste op\u00e9ration visant \u00e0 d\u00e9fricher une trentaine d\u2019hectares au Beausset inqui\u00e8te certains riverains"},"content":{"rendered":"<p>Que se passe-t-il actuellement du c\u00f4t\u00e9 du chemin de Font-Vive, au Beausset-Vieux? L\u00e0-haut, les habitants assistent depuis quelques semaines \u00e0 une importante op\u00e9ration de d\u00e9frichement. Huit hectares environ ont d\u00e9j\u00e0 \u00e9t\u00e9 \u00ab\u00a0nettoy\u00e9s\u00a0\u00bb de leur v\u00e9g\u00e9tation par leurs propri\u00e9taires.<\/p>\n<p>Face \u00e0 l\u2019\u00e9moi suscit\u00e9, le sujet s\u2019est invit\u00e9 au dernier conseil municipal, relay\u00e9 par une partie de l\u2019opposition (L\u2019Elan beaussetan et Le Beausset en marche) et, fait exceptionnel, \u00e9galement par des riverains pr\u00e9sents \u00e0 la s\u00e9ance, \u00e0 qui le maire a m\u00eame accord\u00e9 la parole.<\/p>\n<p>Cons\u00e9quence imm\u00e9diate du nouveau PLU<\/p>\n<p>On a ainsi appris la raison de cette op\u00e9ration place nette: dans le Plan local d\u2019urbanisme (PLU) fra\u00eechement r\u00e9vis\u00e9, cette zone est pass\u00e9e de \u00ab\u00a0naturelle\u00a0\u00bb \u00e0 \u00ab\u00a0agricole\u00a0\u00bb. On pr\u00e9pare donc \u00ab\u00a0simplement\u00a0\u00bb le terrain pour une prochaine remise en culture.<\/p>\n<p>Il n\u2019emp\u00eache que des questions restaient en suspens, donnant \u00e0 penser que tout n\u2019est peut-\u00eatre pas si carr\u00e9. \u00ab\u00a0Le classement d\u2019une partie de cette zone au sein du Parc naturel r\u00e9gional (PNR) de la Sainte-Baume\u00a0\u00bb a-t-il \u00e9t\u00e9 bien pris en compte, notamment \u00ab\u00a0parce qu\u2019elle abrite des esp\u00e8ces animales et v\u00e9g\u00e9tales prot\u00e9g\u00e9es\u00a0\u00bb, qui plus est \u00ab\u00a0en pleine p\u00e9riode de reproduction\u00a0\u00bb? Etant pr\u00e9cis\u00e9 encore \u00ab\u00a0qu\u2019aucune autorisation de d\u00e9frichement n\u2019est affich\u00e9e sur le site, alors m\u00eame que cette zone est soumise \u00e0 autorisation pr\u00e9alable, conform\u00e9ment \u00e0 la carte de la DDTM (1) annex\u00e9e au PLU, au r\u00e8glement du PNR et au Code forestier\u00a0\u00bb\u2026<\/p>\n<p>Le 6e adjoint au maire, Bruno Vadon (d\u00e9l\u00e9gu\u00e9 \u00e0 l\u2019agriculture, entre autres), a rappel\u00e9 en pr\u00e9ambule que ces changements sont \u00ab\u00a0la traduction de la volont\u00e9 politique de soutenir et d\u00e9velopper l\u2019agriculture sur la commune\u00a0\u00bb. Et que \u00ab\u00a0lors de l\u2019enqu\u00eate publique sur la r\u00e9vision du PLU, il n\u2019y a pas eu de remarque de la part du PNR et de la DDTM\u00a0\u00bb concernant ce changement de zonage, \u00ab\u00a0ni de contribution (de la part d\u2019administr\u00e9s) sur ce sujet\u00a0\u00bb.<\/p>\n<p>La pr\u00e9fecture aurait d\u00fb donner son feu vert<\/p>\n<p>L\u2019\u00e9lu a assur\u00e9 que \u00ab\u00a0les parcelles concern\u00e9es par le d\u00e9frichement r\u00e9cent ne font pas l\u2019objet d\u2019un classement, ni de mesures de protection\u00a0\u00bb. Et que \u00ab\u00a0la partie rocailleuse en limite de la barre de l\u2019Abus qui, elle, abrite des esp\u00e8ces end\u00e9miques patrimoniales, n\u2019est pas concern\u00e9e\u00a0\u00bb par les travaux en cours.<\/p>\n<p>En revanche, concernant l\u2019obligation d\u2019autorisation de d\u00e9frichement, M. Vadon, apr\u00e8s avoir confirm\u00e9 qu\u2019elle est \u00ab\u00a0indispensable dans ce secteur\u00a0\u00bb, a stipul\u00e9 que \u00ab\u00a0c\u2019est une comp\u00e9tence de la DDTM (et donc de la pr\u00e9fecture) et non des services de la commune\u00a0\u00bb, dont l\u2019efficacit\u00e9 a \u00e9t\u00e9 questionn\u00e9e au cours de ces \u00e9changes\u2026 \u00ab\u00a0La commune doit cependant en \u00eatre inform\u00e9e, puisque les p\u00e9titionnaires doivent afficher ces autorisations sur le terrain\u00a0\u00bb. Or, \u00ab\u00a0il s\u2019av\u00e8re que les demandes pr\u00e9alables n\u2019ont pas \u00e9t\u00e9 faites, ce qui peut donner lieu \u00e0 des sanctions de la part de la DDTM.\u00a0\u00bb L\u2019adjoint a par ailleurs tenu \u00e0 \u00ab\u00a0saluer et remercier les riverains, soucieux de la pr\u00e9servation du paysage, de la biodiversit\u00e9 et du respect de la r\u00e9glementation, qui ont r\u00e9agi et alert\u00e9\u00a0\u00bb. La ville a, depuis, \u00e9galement alert\u00e9 la DDTM de la situation.<\/p>\n<p>Quid de la biodiversit\u00e9?<\/p>\n<p>Sans remettre en cause le principe de reconqu\u00eate agricole, un habitant tr\u00e8s impliqu\u00e9 du chemin de Font-Vive s\u2019est montr\u00e9 particuli\u00e8rement inquiet quant aux \u00ab\u00a0consid\u00e9rations de pr\u00e9servation de la biodiversit\u00e9\u00a0\u00bb, allant m\u00eame jusqu\u2019\u00e0 affirmer que des arbres auraient \u00e9t\u00e9 coup\u00e9s \u00e0 un endroit o\u00f9 ce n\u2019\u00e9tait pas autoris\u00e9\u2026<\/p>\n<p>Reste donc \u00e0 esp\u00e9rer que, malgr\u00e9 l\u2019absence de v\u00e9rifications, les coupes d\u00e9j\u00e0 op\u00e9r\u00e9es l\u2019ont \u00e9t\u00e9 dans le respect des r\u00e8gles, ainsi que de la faune et de la flore. Et, surtout, que les autorit\u00e9s, d\u00e9sormais inform\u00e9es, veilleront \u00e0 la bonne poursuite du chantier, car une vingtaine d\u2019hectares sont encore concern\u00e9s.<\/p>\n<p>1. Direction d\u00e9partementale des territoires et de la mer.<\/p>\n","protected":false},"excerpt":{"rendered":"Que se passe-t-il actuellement du c\u00f4t\u00e9 du chemin de Font-Vive, au Beausset-Vieux? L\u00e0-haut, les habitants assistent depuis quelques&hellip;\n","protected":false},"author":2,"featured_media":113669,"comment_status":"","ping_status":"","sticky":false,"template":"","format":"standard","meta":{"footnotes":""},"categories":[9619],"tags":[1111,11,436,1777,674,1011,27,12,316,882,25,2310,3366],"class_list":{"0":"post-113668","1":"post","2":"type-post","3":"status-publish","4":"format-standard","5":"has-post-thumbnail","7":"category-toulon","8":"tag-actu","9":"tag-actualites","10":"tag-environnement","11":"tag-eu","12":"tag-europe","13":"tag-fr","14":"tag-france","15":"tag-news","16":"tag-politique","17":"tag-provence-alpes-cote-dazur","18":"tag-republique-francaise","19":"tag-toulon","20":"tag-vie-locale"},"share_on_mastodon":{"url":"https:\/\/pubeurope.com\/@fr\/114538795863979344","error":""},"_links":{"self":[{"href":"https:\/\/www.europesays.com\/fr\/wp-json\/wp\/v2\/posts\/113668","targetHints":{"allow":["GET"]}}],"collection":[{"href":"https:\/\/www.europesays.com\/fr\/wp-json\/wp\/v2\/posts"}],"about":[{"href":"https:\/\/www.europesays.com\/fr\/wp-json\/wp\/v2\/types\/post"}],"author":[{"embeddable":true,"href":"https:\/\/www.europesays.com\/fr\/wp-json\/wp\/v2\/users\/2"}],"replies":[{"embeddable":true,"href":"https:\/\/www.europesays.com\/fr\/wp-json\/wp\/v2\/comments?post=113668"}],"version-history":[{"count":0,"href":"https:\/\/www.europesays.com\/fr\/wp-json\/wp\/v2\/posts\/113668\/revisions"}],"wp:featuredmedia":[{"embeddable":true,"href":"https:\/\/www.europesays.com\/fr\/wp-json\/wp\/v2\/media\/113669"}],"wp:attachment":[{"href":"https:\/\/www.europesays.com\/fr\/wp-json\/wp\/v2\/media?parent=113668"}],"wp:term":[{"taxonomy":"category","embeddable":true,"href":"https:\/\/www.europesays.com\/fr\/wp-json\/wp\/v2\/categories?post=113668"},{"taxonomy":"post_tag","embeddable":true,"href":"https:\/\/www.europesays.com\/fr\/wp-json\/wp\/v2\/tags?post=113668"}],"curies":[{"name":"wp","href":"https:\/\/api.w.org\/{rel}","templated":true}]}}