{"id":113670,"date":"2025-05-20T06:41:08","date_gmt":"2025-05-20T06:41:08","guid":{"rendered":"https:\/\/www.europesays.com\/fr\/113670\/"},"modified":"2025-05-20T06:41:08","modified_gmt":"2025-05-20T06:41:08","slug":"taxis-a-paris-marseille-toulon-une-nouvelle-journee-de-mobilisation-ce-mardi","status":"publish","type":"post","link":"https:\/\/www.europesays.com\/fr\/113670\/","title":{"rendered":"Taxis\u00a0: \u00e0 Paris, Marseille, Toulon, une nouvelle journ\u00e9e de mobilisation ce mardi"},"content":{"rendered":"<p class=\"paragraph text_align_left\">Ils <a href=\"https:\/\/www.leparisien.fr\/economie\/notre-greve-est-reconductible-des-taxis-nexcluent-pas-de-poursuivre-les-blocages-19-05-2025-AYMJXN6JKZDMZGFV3ZHTJH6CVQ.php\" target=\"_self\" rel=\"nofollow noopener\">maintiennent la pression<\/a>. Plusieurs milliers de taxis<b> <\/b>ont manifest\u00e9 lundi \u00e0 travers la France, et ils devraient de nouveau se mobiliser ce mardi, \u00e0 Paris, Marseille, Pau ou Toulouse, pour protester contre les nouvelles conditions tarifaires du transport sanitaire et la concurrence des VTC.<\/p>\n<p class=\"paragraph text_align_left\">Lundi, 7\u00a0500 taxis se sont mobilis\u00e9s, dans 65 villes et lieux. \u00c0 Paris, ils \u00e9taient un millier, et pourraient \u00eatre renforc\u00e9s ce mardi par des coll\u00e8gues venus dans la nuit de toute la France. Leur objectif\u00a0: faire annuler <a href=\"https:\/\/www.leparisien.fr\/economie\/transport-sanitaire-les-taxis-vont-devoir-lever-le-pied-15-05-2025-EJE6CM2G3ZGGZPHSG474WST46I.php\" target=\"_self\" rel=\"nofollow noopener\">le projet de l\u2019assurance maladie<\/a>, approuv\u00e9 vendredi dernier par le gouvernement dans un arr\u00eat\u00e9, qui instaure \u00e0 partir du 1er\u00a0octobre prochain, une nouvelle tarification pour le transport des malades par les chauffeurs de taxis conventionn\u00e9s. L\u2019objectif est de contr\u00f4ler la croissance des d\u00e9penses de transport sanitaire, qui ont atteint 6,74\u00a0milliards d\u2019euros en 2024, dont 3,07\u00a0milliards pour les taxis conventionn\u00e9s (avec un bond de 45\u00a0% depuis 2019).<\/p>\n<p>Manque \u00e0 gagner<\/p>\n<p class=\"paragraph text_align_left\">\u00c0 compter du 1er\u00a0octobre, les 85\u00a0% de taxis qui effectuent ces transports de patients <a href=\"https:\/\/www.leparisien.fr\/economie\/transport-de-patients-par-les-taxis-des-milliers-de-chauffeurs-feront-greve-lundi-18-05-2025-PTJZBDSA6NHV3DHUSN3BYNPZGM.php\" target=\"_self\" rel=\"nofollow noopener\">seront r\u00e9mun\u00e9r\u00e9s<\/a> sur la base d\u2019un forfait de prise en charge de 13\u00a0euros, major\u00e9 pour les d\u00e9parts et arriv\u00e9es des grandes agglom\u00e9rations, et d\u2019une tarification kilom\u00e9trique, quelle que soit la r\u00e9gion dans laquelle ils op\u00e8rent. Un manque \u00e0 gagner \u00e9norme pour certains, dont les transports sanitaires repr\u00e9sentent 60 \u00e0 90\u00a0% de leur chiffre d\u2019affaires. Et le syst\u00e8me de g\u00e9olocalisation impos\u00e9 \u00e0 partir du 1er\u00a0janvier 2027 pour lutter contre les fraudes ne passe pas non plus.<\/p>\n<p class=\"paragraph text_align_left\">\u00ab\u00a0Le combat continue, et il doit s\u2019intensifier\u00a0! On ne l\u00e2che rien. Il faut TOUS rejoindre les points de blocage\u00a0\u00bb, appelle, ce mardi matin sur le r\u00e9seau social X, la Conf\u00e9d\u00e9ration europ\u00e9enne des taxis.<\/p>\n<p class=\"paragraph text_align_left\">Ce mardi matin \u00e0 Paris, vers 7\u00a0heures, certains <a href=\"https:\/\/www.leparisien.fr\/info-paris-ile-de-france-oise\/transports\/on-est-capable-dorganiser-des-roulements-les-taxis-en-colere-se-disent-prets-a-continuer-a-manifester-a-paris-19-05-2025-XN6AMGAV75G2XKGSSHD5L7Q3YU.php\" target=\"_self\" rel=\"nofollow noopener\">stationnaient de nouveau<\/a> sur le boulevard Raspail, dans le VIe\u00a0arrondissement, pr\u00e8s du minist\u00e8re des Transports, o\u00f9 de brefs heurts avec les forces de l\u2019ordre ont eu lieu hier.<\/p>\n<p>Op\u00e9rations escargot du c\u00f4t\u00e9 de Toulon<\/p>\n<p class=\"paragraph text_align_left\">\u00c0 Toulon (Var), les chauffeurs avaient pr\u00e9vu de se rassembler d\u00e8s 5h30 au centre commercial d\u2019Ollioules et sur l\u2019aire d\u2019autoroute de la Chaberte \u00e0 La Garde, pour mener des op\u00e9rations escargot. Elles ont bien commenc\u00e9, avec \u00ab\u00a0deux convois \u00e0 l\u2019est et \u00e0 l\u2019ouest de Toulon, sur l\u2019A57 et l\u2019A50\u00a0\u00bb en direction du centre-ville, annonce la pr\u00e9fecture du X.<\/p>\n<blockquote class=\"twitter-tweet\">\n<p lang=\"fr\" dir=\"ltr\"><a href=\"https:\/\/twitter.com\/hashtag\/ManifestationEnCours?src=hash&amp;ref_src=twsrc%5Etfw\" rel=\"nofollow noopener\" target=\"_blank\">#ManifestationEnCours<\/a> | \ud83d\udd34<br \/>Op\u00e9rations escargot des taxis en cours dans le <a href=\"https:\/\/twitter.com\/hashtag\/Var?src=hash&amp;ref_src=twsrc%5Etfw\" rel=\"nofollow noopener\" target=\"_blank\">#Var<\/a>, ce mardi matin.<br \/>\u27a1\ufe0f Deux convois \u00e0 l&rsquo;Est et \u00e0 l&rsquo;Ouest de Toulon convergent vers la ville sur l&rsquo;A57 et l&rsquo;A50.<br \/>\u274c\ufe0f Tunnel de Toulon ferm\u00e9 dans les deux sens.<br \/>\u26a0\ufe0f Il est conseill\u00e9 de diff\u00e9rer vos\u2026 <a href=\"https:\/\/t.co\/4aogDQ3Rcs\" rel=\"nofollow\">pic.twitter.com\/4aogDQ3Rcs<\/a><\/p>\n<p>\u2014 Pr\u00e9fet du Var (@Prefet83) <a href=\"https:\/\/twitter.com\/Prefet83\/status\/1924696594236002501?ref_src=twsrc%5Etfw\" rel=\"nofollow noopener\" target=\"_blank\">May 20, 2025<\/a><\/p><\/blockquote>\n<p class=\"paragraph text_align_left\">Comme hier soir, elle conseille de diff\u00e9rer ses d\u00e9placements dans les secteurs concern\u00e9s, d\u2019autant que la m\u00e9t\u00e9o s\u2019annonce \u00e9galement tr\u00e8s mauvaise, avec <a href=\"https:\/\/www.leparisien.fr\/meteo\/orage-pluie-et-inondations-le-var-place-en-vigilance-orange-20-05-2025-IKDHBFDRFJFLTB7JB4HMHUOG4I.php\" target=\"_blank\" rel=\"noreferrer nofollow noopener\">une vigilance orange pour orages, pluie et inondations <\/a>jusqu\u2019\u00e0 10\u00a0heures.<\/p>\n<p class=\"title-embed-dailymotion lp-color-text lp-f-subtitle-04\">Vid\u00e9oDirect-Paris : la manif des taxis d\u00e9g\u00e8n\u00e8re<\/p>\n<p class=\"paragraph text_align_left\">\u00c0 Marseille (Bouches-du-Rh\u00f4ne), les conducteurs sont toujours sur la place Castellane et l\u2019avenue du Prado, o\u00f9 ils ont pass\u00e9 la nuit. Ils ont cependant annul\u00e9 les op\u00e9rations escargot initialement pr\u00e9vues autour de la m\u00e9tropole marseillaise, sur l\u2019A50, l\u2019A55 et l\u2019A7 sont annul\u00e9s. Ils devraient, dans la journ\u00e9e, organiser des blocages sporadiques, notamment autour de la gare Saint-Charles.<\/p>\n<p><script async src=\"https:\/\/platform.twitter.com\/widgets.js\" charset=\"utf-8\"><\/script><\/p>\n","protected":false},"excerpt":{"rendered":"Ils maintiennent la pression. Plusieurs milliers de taxis ont manifest\u00e9 lundi \u00e0 travers la France, et ils devraient&hellip;\n","protected":false},"author":2,"featured_media":113671,"comment_status":"","ping_status":"","sticky":false,"template":"","format":"standard","meta":{"footnotes":""},"categories":[9619],"tags":[1111,11,459,33,1777,674,1011,27,12,882,25,2310],"class_list":{"0":"post-113670","1":"post","2":"type-post","3":"status-publish","4":"format-standard","5":"has-post-thumbnail","7":"category-toulon","8":"tag-actu","9":"tag-actualites","10":"tag-departements-horsidfo","11":"tag-economie","12":"tag-eu","13":"tag-europe","14":"tag-fr","15":"tag-france","16":"tag-news","17":"tag-provence-alpes-cote-dazur","18":"tag-republique-francaise","19":"tag-toulon"},"share_on_mastodon":{"url":"https:\/\/pubeurope.com\/@fr\/114538799686036039","error":""},"_links":{"self":[{"href":"https:\/\/www.europesays.com\/fr\/wp-json\/wp\/v2\/posts\/113670","targetHints":{"allow":["GET"]}}],"collection":[{"href":"https:\/\/www.europesays.com\/fr\/wp-json\/wp\/v2\/posts"}],"about":[{"href":"https:\/\/www.europesays.com\/fr\/wp-json\/wp\/v2\/types\/post"}],"author":[{"embeddable":true,"href":"https:\/\/www.europesays.com\/fr\/wp-json\/wp\/v2\/users\/2"}],"replies":[{"embeddable":true,"href":"https:\/\/www.europesays.com\/fr\/wp-json\/wp\/v2\/comments?post=113670"}],"version-history":[{"count":0,"href":"https:\/\/www.europesays.com\/fr\/wp-json\/wp\/v2\/posts\/113670\/revisions"}],"wp:featuredmedia":[{"embeddable":true,"href":"https:\/\/www.europesays.com\/fr\/wp-json\/wp\/v2\/media\/113671"}],"wp:attachment":[{"href":"https:\/\/www.europesays.com\/fr\/wp-json\/wp\/v2\/media?parent=113670"}],"wp:term":[{"taxonomy":"category","embeddable":true,"href":"https:\/\/www.europesays.com\/fr\/wp-json\/wp\/v2\/categories?post=113670"},{"taxonomy":"post_tag","embeddable":true,"href":"https:\/\/www.europesays.com\/fr\/wp-json\/wp\/v2\/tags?post=113670"}],"curies":[{"name":"wp","href":"https:\/\/api.w.org\/{rel}","templated":true}]}}