{"id":113686,"date":"2025-05-20T06:50:10","date_gmt":"2025-05-20T06:50:10","guid":{"rendered":"https:\/\/www.europesays.com\/fr\/113686\/"},"modified":"2025-05-20T06:50:10","modified_gmt":"2025-05-20T06:50:10","slug":"bischheim-renovation-thermique-hall-daccueil-5-millions-deuros-pour-transformer-le-gymnase-du-ried","status":"publish","type":"post","link":"https:\/\/www.europesays.com\/fr\/113686\/","title":{"rendered":"Bischheim. R\u00e9novation thermique, hall d\u2019accueil\u2026 5 millions d\u2019euros pour transformer le gymnase du Ried"},"content":{"rendered":"<p>La construction du gymnase du coll\u00e8ge Le Ried, dans le <a href=\"https:\/\/www.dna.fr\/culture-loisirs\/2022\/07\/19\/au-guirbaden-un-livre-de-contes-cree-avec-les-habitants\" target=\"_blank\" rel=\"noopener\">quartier du Guirbaden<\/a> \u00e0 Bischheim, remonte aux ann\u00e9es 1970. \u00ab\u00a0Une \u00e9poque o\u00f9 on achetait sur catalogue\u00a0\u00bb, glisse J\u00e9r\u00f4me Devaux, architecte de l\u2019agence Rey de Cr\u00e9cy, en charge du projet. Et o\u00f9 les enjeux climatiques n\u2019\u00e9taient pas la priorit\u00e9. R\u00e9sultat\u00a0: le b\u00e2timent, mal isol\u00e9, est en surchauffe \u00ab\u00a0\u00e0 partir des premiers beaux jours\u00a0\u00bb, explique Claire Heizmann, responsable des services techniques \u00e0 la ville de&#8230;<\/p>\n","protected":false},"excerpt":{"rendered":"La construction du gymnase du coll\u00e8ge Le Ried, dans le quartier du Guirbaden \u00e0 Bischheim, remonte aux ann\u00e9es&hellip;\n","protected":false},"author":2,"featured_media":113687,"comment_status":"","ping_status":"","sticky":false,"template":"","format":"standard","meta":{"footnotes":""},"categories":[2820],"tags":[1111,11,2389,2649,1791,13205,2880,1777,674,107,1011,27,775,1792,3035,12,25,517,640,3265,1632],"class_list":{"0":"post-113686","1":"post","2":"type-post","3":"status-publish","4":"format-standard","5":"has-post-thumbnail","7":"category-strasbourg","8":"tag-actu","9":"tag-actualites","10":"tag-alsace","11":"tag-bas-rhin","12":"tag-basket-ball","13":"tag-bischheim","14":"tag-edition-strasbourg","15":"tag-eu","16":"tag-europe","17":"tag-fil-info","18":"tag-fr","19":"tag-france","20":"tag-grand-est","21":"tag-handball","22":"tag-la-matinale-strasbourg","23":"tag-news","24":"tag-republique-francaise","25":"tag-sport","26":"tag-strasbourg","27":"tag-strasbourg-nord","28":"tag-volley-ball"},"share_on_mastodon":{"url":"https:\/\/pubeurope.com\/@fr\/114538835212418794","error":""},"_links":{"self":[{"href":"https:\/\/www.europesays.com\/fr\/wp-json\/wp\/v2\/posts\/113686","targetHints":{"allow":["GET"]}}],"collection":[{"href":"https:\/\/www.europesays.com\/fr\/wp-json\/wp\/v2\/posts"}],"about":[{"href":"https:\/\/www.europesays.com\/fr\/wp-json\/wp\/v2\/types\/post"}],"author":[{"embeddable":true,"href":"https:\/\/www.europesays.com\/fr\/wp-json\/wp\/v2\/users\/2"}],"replies":[{"embeddable":true,"href":"https:\/\/www.europesays.com\/fr\/wp-json\/wp\/v2\/comments?post=113686"}],"version-history":[{"count":0,"href":"https:\/\/www.europesays.com\/fr\/wp-json\/wp\/v2\/posts\/113686\/revisions"}],"wp:featuredmedia":[{"embeddable":true,"href":"https:\/\/www.europesays.com\/fr\/wp-json\/wp\/v2\/media\/113687"}],"wp:attachment":[{"href":"https:\/\/www.europesays.com\/fr\/wp-json\/wp\/v2\/media?parent=113686"}],"wp:term":[{"taxonomy":"category","embeddable":true,"href":"https:\/\/www.europesays.com\/fr\/wp-json\/wp\/v2\/categories?post=113686"},{"taxonomy":"post_tag","embeddable":true,"href":"https:\/\/www.europesays.com\/fr\/wp-json\/wp\/v2\/tags?post=113686"}],"curies":[{"name":"wp","href":"https:\/\/api.w.org\/{rel}","templated":true}]}}