{"id":1136880,"date":"2026-08-19T17:48:17","date_gmt":"2026-08-19T17:48:17","guid":{"rendered":"https:\/\/www.europesays.com\/fr\/1136880\/"},"modified":"2026-08-19T17:48:17","modified_gmt":"2026-08-19T17:48:17","slug":"il-maltraitait-un-chaton-en-le-jetant-dans-les-airs-un-homme-interpelle-a-villeneuve-saint-georges","status":"publish","type":"post","link":"https:\/\/www.europesays.com\/fr\/1136880\/","title":{"rendered":"Il maltraitait un chaton en le jetant dans les airs, un homme interpell\u00e9 \u00e0 Villeneuve-Saint-Georges"},"content":{"rendered":"<p>                    Par<br \/>\n        <strong><br \/>\n            <a href=\"https:\/\/actu.fr\/auteur\/sarah-coulet\" title=\"Consulter tous les articles de Sarah Coulet\" rel=\"nofollow noopener\" target=\"_blank\">Sarah Coulet<\/a><br \/>\n                    <\/strong><\/p>\n<p>        Publi\u00e9 le<\/p>\n<p>            19 ao\u00fbt 2026 \u00e0 18h06        <\/p>\n<p>Il \u00e9tait un peu plus de minuit, jeudi 19 ao\u00fbt 2026, lorsque les cam\u00e9ras de vid\u00e9osurveillance de <a href=\"https:\/\/actu.fr\/ile-de-france\/villeneuve-saint-georges_94078\" rel=\"nofollow noopener\" target=\"_blank\">Villeneuve-Saint-Georges<\/a> (Val-de-Marne) rep\u00e8rent un homme sur un banc du centre-ville en train de <strong>violenter un chaton<\/strong>.<\/p>\n<p>D\u00e9j\u00e0 connu des services de police<\/p>\n<p class=\" wall-content\">D\u2019apr\u00e8s les informations transmises \u00e0 actu Paris par la mairie, l\u2019individu aurait, \u00e0 plusieurs reprises, <strong>jet\u00e9 en l\u2019air le petit animal<\/strong> avant de le laisser retomber par terre. Un cas \u00e9vident de maltraitance qui a justifi\u00e9 l\u2019envoi sur place d\u2019une patrouille de la police municipale.<\/p>\n<p class=\" wall-content\">En voyant les forces de l\u2019ordre arriver, l\u2019homme aurait tent\u00e9 de prendre la fuite avec le chat. Alcoolis\u00e9, il aurait outrag\u00e9 les agents avant de finalement \u00eatre interpell\u00e9 et conduit au commissariat o\u00f9 il a \u00e9t\u00e9 plac\u00e9 en <strong>garde \u00e0 vue<\/strong>.<\/p>\n<p class=\" wall-content\">\u00c2g\u00e9 de 46 ans, il est d\u00e9j\u00e0 connu des services de police pour avoir <strong>tent\u00e9 d\u2019arracher son arme<\/strong> \u00e0 un militaire dans une gare de la ville. Il aurait \u00e9galement d\u00e9j\u00e0 \u00e9t\u00e9 arr\u00eat\u00e9 pour des faits de violences, d\u2019outrages et de r\u00e9bellion, ainsi que pour des menaces de mort sur personne d\u00e9positaire de l\u2019autorit\u00e9.<\/p>\n<p class=\" wall-content\">Les policiers, qui ont d\u00e9cid\u00e9 de <strong>garder le chaton<\/strong>, ont port\u00e9 plainte contre l\u2019homme qui l\u2019a violent\u00e9.<\/p>\n<p class=\" wall-content\">Personnalisez votre actualit\u00e9 en ajoutant vos villes et m\u00e9dias en favori avec <a href=\"https:\/\/moncompte.actu.fr\" title=\"D\u00e9couvez Mon Actu\" rel=\"nofollow noopener\" data-trk=\"{&quot;cta&quot;:{&quot;action&quot;:&quot;https:\\\/\\\/moncompte.actu.fr&quot;,&quot;category&quot;:&quot;mon compte&quot;,&quot;from&quot;:&quot;article footer&quot;,&quot;name&quot;:&quot;Mon actu&quot;,&quot;type&quot;:&quot;cta&quot;}}\" target=\"_blank\">Mon Actu<\/a>.<\/p>\n","protected":false},"excerpt":{"rendered":"Par Sarah Coulet Publi\u00e9 le 19 ao\u00fbt 2026 \u00e0 18h06 Il \u00e9tait un peu plus de minuit, jeudi&hellip;\n","protected":false},"author":2,"featured_media":1136881,"comment_status":"","ping_status":"","sticky":false,"template":"","format":"standard","meta":{"footnotes":"","_share_on_mastodon":"0"},"categories":[1888],"tags":[1111,1928,11,1927,1777,674,1011,27,6795,12,1926,626,1925,25,104],"class_list":["post-1136880","post","type-post","status-publish","format-standard","has-post-thumbnail","category-paris","tag-actu","tag-actu-paris","tag-actualites","tag-actualites-paris","tag-eu","tag-europe","tag-fr","tag-france","tag-maltraitance-animale","tag-news","tag-news-paris","tag-paris","tag-paris-news","tag-republique-francaise","tag-societe"],"share_on_mastodon":{"url":"https:\/\/pubeurope.com\/@fr\/117123436995509629","error":""},"_links":{"self":[{"href":"https:\/\/www.europesays.com\/fr\/wp-json\/wp\/v2\/posts\/1136880","targetHints":{"allow":["GET"]}}],"collection":[{"href":"https:\/\/www.europesays.com\/fr\/wp-json\/wp\/v2\/posts"}],"about":[{"href":"https:\/\/www.europesays.com\/fr\/wp-json\/wp\/v2\/types\/post"}],"author":[{"embeddable":true,"href":"https:\/\/www.europesays.com\/fr\/wp-json\/wp\/v2\/users\/2"}],"replies":[{"embeddable":true,"href":"https:\/\/www.europesays.com\/fr\/wp-json\/wp\/v2\/comments?post=1136880"}],"version-history":[{"count":0,"href":"https:\/\/www.europesays.com\/fr\/wp-json\/wp\/v2\/posts\/1136880\/revisions"}],"wp:featuredmedia":[{"embeddable":true,"href":"https:\/\/www.europesays.com\/fr\/wp-json\/wp\/v2\/media\/1136881"}],"wp:attachment":[{"href":"https:\/\/www.europesays.com\/fr\/wp-json\/wp\/v2\/media?parent=1136880"}],"wp:term":[{"taxonomy":"category","embeddable":true,"href":"https:\/\/www.europesays.com\/fr\/wp-json\/wp\/v2\/categories?post=1136880"},{"taxonomy":"post_tag","embeddable":true,"href":"https:\/\/www.europesays.com\/fr\/wp-json\/wp\/v2\/tags?post=1136880"}],"curies":[{"name":"wp","href":"https:\/\/api.w.org\/{rel}","templated":true}]}}