{"id":113691,"date":"2025-05-20T06:54:08","date_gmt":"2025-05-20T06:54:08","guid":{"rendered":"https:\/\/www.europesays.com\/fr\/113691\/"},"modified":"2025-05-20T06:54:08","modified_gmt":"2025-05-20T06:54:08","slug":"le-palais-des-congres-de-nice-sera-noye-dans-la-vegetation-promet-le-maire-christian-estrosi","status":"publish","type":"post","link":"https:\/\/www.europesays.com\/fr\/113691\/","title":{"rendered":"Le palais des congr\u00e8s de Nice \u00ab\u00a0sera noy\u00e9 dans la v\u00e9g\u00e9tation\u00a0\u00bb promet le maire Christian Estrosi"},"content":{"rendered":"<p>Christian Estrosi m\u00e9content de <a href=\"https:\/\/www.nicematin.com\/vie-locale\/-hangar-a-vaches-en-bordure-de-mer-les-nicoises-et-les-nicois-jugent-severement-le-nouveau-palais-pour-le-sommet-de-l-ocean-la-ville-de-nice-se-defend--985671\" rel=\"nofollow noopener\" target=\"_blank\">l\u2019article intitul\u00e9 \u00ab\u00a0Jugement s\u00e9v\u00e8re pour le palais des congr\u00e8s\u00a0\u00bb<\/a>. Papier qui relayait les nombreuses moqueries que suscite l\u2019apparence de Nic\u00e9a, cette salle polyvalente am\u00e9nag\u00e9e sur la digue du port.<\/p>\n<p>\u00ab\u00a0Ce n\u2019\u00e9tait peut-\u00eatre pas utile mais je comprends que vous \u00eates l\u00e0 pour nourrir l\u2019actualit\u00e9, d\u00e9plore le maire \u00e0 l\u2019occasion d\u2019un entretien qu\u2019il nous a accord\u00e9 sur un autre sujet, jeudi 15 mai. Des h\u00f4teliers m\u2019ont appel\u00e9 en disant: \u201cChristian, quand on pense \u00e0 ce que tu nous as fait alors qu\u2019on ne s\u2019y attendait m\u00eame pas\u2026\u00a0\u00bb Ce palais est r\u00e9ussi. Les gens qui \u00e9taient \u00e0 l\u2019inauguration sont tous repartis en disant: \u00ab\u00a0C\u2019est absolument g\u00e9nial!\u00a0\u00bb \u00bb<\/p>\n<p>Et le maire de recontextualiser: \u00ab\u00a0Rappelez-vous cette dalle d\u00e9gueulasse avec ces bagnoles \u00e0 ciel ouvert\u2026 Aujourd\u2019hui, ce n\u2019est pas beau parce que l\u2019\u00c9tat est venu nous planter ces esp\u00e8ces de trucs blancs [les barnums n\u00e9cessaires \u00e0 l\u2019accueil de la Conf\u00e9rence des Nations unies sur l\u2019oc\u00e9an, du 9 au 13 juin] autour. La r\u00e9action des gens sera tr\u00e8s diff\u00e9rente quand tout le monde aura pli\u00e9 bagage et qu\u2019il nous restera plus qu\u2019\u00e0 faire la v\u00e9g\u00e9talisation autour. Je suis tr\u00e8s serein parce que [c\u2019est ce que pr\u00e9voyaient] les maquettes qu\u2019on a toujours montr\u00e9es avec les hameaux de verdure. C\u2019est juste pas fini. Il fallait que je laisse de la place pour qu\u2019ils plantent leurs tentes avant de pouvoir faire mes hameaux de verdure. Donc tout \u00e7a sera fait. D\u00e8s cet \u00e9t\u00e9, on l\u2019am\u00e9nage! \u00c0 la rentr\u00e9e, ce sera noy\u00e9 dans la v\u00e9g\u00e9tation: vous aurez la stricte image que vous aviez au d\u00e9part.\u00a0\u00bb Le rendez-vous est pris.<\/p>\n","protected":false},"excerpt":{"rendered":"Christian Estrosi m\u00e9content de l\u2019article intitul\u00e9 \u00ab\u00a0Jugement s\u00e9v\u00e8re pour le palais des congr\u00e8s\u00a0\u00bb. Papier qui relayait les nombreuses&hellip;\n","protected":false},"author":2,"featured_media":113692,"comment_status":"","ping_status":"","sticky":false,"template":"","format":"standard","meta":{"footnotes":""},"categories":[2819],"tags":[1111,11,1777,674,1011,27,12,2401,882,25,1352],"class_list":{"0":"post-113691","1":"post","2":"type-post","3":"status-publish","4":"format-standard","5":"has-post-thumbnail","7":"category-nice","8":"tag-actu","9":"tag-actualites","10":"tag-eu","11":"tag-europe","12":"tag-fr","13":"tag-france","14":"tag-news","15":"tag-nice","16":"tag-provence-alpes-cote-dazur","17":"tag-republique-francaise","18":"tag-urbanisme"},"share_on_mastodon":{"url":"https:\/\/pubeurope.com\/@fr\/114538850781205294","error":""},"_links":{"self":[{"href":"https:\/\/www.europesays.com\/fr\/wp-json\/wp\/v2\/posts\/113691","targetHints":{"allow":["GET"]}}],"collection":[{"href":"https:\/\/www.europesays.com\/fr\/wp-json\/wp\/v2\/posts"}],"about":[{"href":"https:\/\/www.europesays.com\/fr\/wp-json\/wp\/v2\/types\/post"}],"author":[{"embeddable":true,"href":"https:\/\/www.europesays.com\/fr\/wp-json\/wp\/v2\/users\/2"}],"replies":[{"embeddable":true,"href":"https:\/\/www.europesays.com\/fr\/wp-json\/wp\/v2\/comments?post=113691"}],"version-history":[{"count":0,"href":"https:\/\/www.europesays.com\/fr\/wp-json\/wp\/v2\/posts\/113691\/revisions"}],"wp:featuredmedia":[{"embeddable":true,"href":"https:\/\/www.europesays.com\/fr\/wp-json\/wp\/v2\/media\/113692"}],"wp:attachment":[{"href":"https:\/\/www.europesays.com\/fr\/wp-json\/wp\/v2\/media?parent=113691"}],"wp:term":[{"taxonomy":"category","embeddable":true,"href":"https:\/\/www.europesays.com\/fr\/wp-json\/wp\/v2\/categories?post=113691"},{"taxonomy":"post_tag","embeddable":true,"href":"https:\/\/www.europesays.com\/fr\/wp-json\/wp\/v2\/tags?post=113691"}],"curies":[{"name":"wp","href":"https:\/\/api.w.org\/{rel}","templated":true}]}}