{"id":1136934,"date":"2026-08-19T18:29:14","date_gmt":"2026-08-19T18:29:14","guid":{"rendered":"https:\/\/www.europesays.com\/fr\/1136934\/"},"modified":"2026-08-19T18:29:14","modified_gmt":"2026-08-19T18:29:14","slug":"il-est-grand-temps-de-nettoyer-les-ecuries-daugias-marine-le-pen-fustige-les-taux-records-de-la-dette-francaise","status":"publish","type":"post","link":"https:\/\/www.europesays.com\/fr\/1136934\/","title":{"rendered":"\u00abIl est grand temps de nettoyer les \u00e9curies d\u2019Augias\u00bb : Marine Le Pen fustige les \u00abtaux records\u00bb de la dette fran\u00e7aise"},"content":{"rendered":"<p>\n    \u00abLes taux auxquels emprunte la France atteignent de tristes records depuis la crise financi\u00e8re de 2008\u00bb, a soulign\u00e9 sur X la patronne du RN, au lendemain d\u2019une nouvelle flamb\u00e9e de la dette souveraine.<\/p>\n<p class=\"fig-paragraph\">La candidate du Rassemblement national \u00e0 la pr\u00e9sidentielle,\u00a0<a href=\"http:\/\/www.lefigaro.fr\/politique\/interventions-russes-en-2027-il-y-aura-aussi-de-l-ingerence-pour-certains-candidats-comme-marine-le-pen-affirme-gabriel-attal-20260806\" data-fig-type=\"NewsFlash\" data-gtm-custom-categorie=\"navigation\" data-gtm-custom-action=\"crossclick\" data-gtm-custom-label=\"Contextuel\" data-gtm-event=\"customEventSPE\" data-fig-domain=\"LEFIGARO\" rel=\"nofollow noopener\" target=\"_blank\">Marine Le Pen<\/a>, s&rsquo;est alarm\u00e9e mercredi des \u00abtaux records\u00bb de la\u00a0<a href=\"http:\/\/www.lefigaro.fr\/conjoncture\/guerre-au-moyen-orient-le-taux-d-interet-de-la-dette-francaise-a-10-ans-au-plus-haut-depuis-2009-20260708\" data-fig-type=\"NewsFlash\" data-gtm-custom-categorie=\"navigation\" data-gtm-custom-action=\"crossclick\" data-gtm-custom-label=\"Contextuel\" data-gtm-event=\"customEventSPE\" data-fig-domain=\"LEFIGARO\" rel=\"nofollow noopener\" target=\"_blank\">dette fran\u00e7aise<\/a>, au plus haut depuis pr\u00e8s de vingt ans, et a promis de \u00abnettoyer les \u00e9curies d&rsquo;Augias\u00bb des finances publiques si elle est \u00e9lue \u00e0 l&rsquo;\u00c9lys\u00e9e.<\/p>\n<p class=\"fig-paragraph\">\u00abLes taux auxquels emprunte la France atteignent de tristes records depuis la crise financi\u00e8re de 2008\u00bb, a soulign\u00e9 sur X la patronne du RN, au lendemain d&rsquo;une nouvelle flamb\u00e9e de la dette souveraine, dont le taux de r\u00e9f\u00e9rence \u00e0 dix ans a atteint 4,10% sur fond de hausse g\u00e9n\u00e9ralis\u00e9e du co\u00fbt des emprunts des \u00c9tats.<\/p>\n<p>                                            <a class=\"fig-a11y-skip\" href=\"#fig-a11y-skip-main-inarticle\" is=\"fig-a11y-skip\" data-trigger-mode=\"visible-once\"><br \/>\n    Passer la publicit\u00e9<br \/>\n<\/a>            <\/p>\n<p class=\"fig-paragraph\">Mme Le Pen y voit pour sa part \u00able bilan implacable de dix ans de macronisme\u00bb et pointe en particulier la responsabilit\u00e9 du chef de l&rsquo;\u00c9tat et de son ex-Premier ministre \u00c9douard Philippe, lui aussi candidat d\u00e9clar\u00e9 \u00e0 l&rsquo;\u00c9lys\u00e9e, tous deux accus\u00e9s d&rsquo;avoir fait \u00abdes ch\u00e8ques sans provision dont il faut d\u00e9sormais payer les cons\u00e9quences\u00bb.<\/p>\n<p>                                            \u00abLa dette, c\u2019est pas virtuel\u00bb<\/p>\n<p class=\"fig-paragraph\">\u00abIl est grand temps de nettoyer les \u00e9curies d&rsquo;Augias que sont devenus les comptes de la nation!\u00bb, ajoute la cheffe de file du camp nationaliste, qui se targue de disposer \u00abdu courage et de la d\u00e9termination\u00bb pour mener \u00e0 bien cette t\u00e2che. Autre candidat d\u00e9clar\u00e9 \u00e0 l&rsquo;\u00c9lys\u00e9e, mais beaucoup plus bas dans les sondages, David Lisnard a relev\u00e9 sur X que cette ann\u00e9e \u00ables int\u00e9r\u00eats de la dette co\u00fbteront plus cher aux Fran\u00e7ais que le budget de l&rsquo;\u00c9ducation nationale\u00bb.<\/p>\n<p class=\"fig-paragraph\">Le pr\u00e9tendant de droite lib\u00e9rale (sous les couleurs de son parti Nouvelle \u00c9nergie) pr\u00f4ne \u00abun vrai plan d&rsquo;intervention\u00bb pour \u00abrevoir totalement le mod\u00e8le de l&rsquo;\u00c9tat providence\u00bb, mais aussi \u00abg\u00e9rer l&rsquo;\u00c9tat en mode projet, comme on le fait dans une entreprise\u00bb.<\/p>\n<p class=\"fig-paragraph\">Car, insiste-t-il, \u00abla dette, c&rsquo;est pas virtuel\u00bb et on ne peut pas \u00abla renouveler sans cons\u00e9quence\u00bb. Une allusion indirecte au discours de Jean-Luc M\u00e9lenchon, qui sugg\u00e8re d&rsquo;annuler la part de dette d\u00e9tenue par la Banque de France, que l&rsquo;on pourrait selon lui \u00abfoutre au feu\u00bb car \u00abpersonne ne s&rsquo;apercevra jamais que \u00e7a a disparu\u00bb.<\/p>\n","protected":false},"excerpt":{"rendered":"\u00abLes taux auxquels emprunte la France atteignent de tristes records depuis la crise financi\u00e8re de 2008\u00bb, a soulign\u00e9&hellip;\n","protected":false},"author":2,"featured_media":1136935,"comment_status":"","ping_status":"","sticky":false,"template":"","format":"standard","meta":{"footnotes":"","_share_on_mastodon":"0"},"categories":[6],"tags":[35,6327,33,34,1011,27,430],"class_list":["post-1136934","post","type-post","status-publish","format-standard","has-post-thumbnail","category-economie","tag-business","tag-dette","tag-economie","tag-economy","tag-fr","tag-france","tag-marine-le-pen"],"share_on_mastodon":{"url":"","error":""},"_links":{"self":[{"href":"https:\/\/www.europesays.com\/fr\/wp-json\/wp\/v2\/posts\/1136934","targetHints":{"allow":["GET"]}}],"collection":[{"href":"https:\/\/www.europesays.com\/fr\/wp-json\/wp\/v2\/posts"}],"about":[{"href":"https:\/\/www.europesays.com\/fr\/wp-json\/wp\/v2\/types\/post"}],"author":[{"embeddable":true,"href":"https:\/\/www.europesays.com\/fr\/wp-json\/wp\/v2\/users\/2"}],"replies":[{"embeddable":true,"href":"https:\/\/www.europesays.com\/fr\/wp-json\/wp\/v2\/comments?post=1136934"}],"version-history":[{"count":0,"href":"https:\/\/www.europesays.com\/fr\/wp-json\/wp\/v2\/posts\/1136934\/revisions"}],"wp:featuredmedia":[{"embeddable":true,"href":"https:\/\/www.europesays.com\/fr\/wp-json\/wp\/v2\/media\/1136935"}],"wp:attachment":[{"href":"https:\/\/www.europesays.com\/fr\/wp-json\/wp\/v2\/media?parent=1136934"}],"wp:term":[{"taxonomy":"category","embeddable":true,"href":"https:\/\/www.europesays.com\/fr\/wp-json\/wp\/v2\/categories?post=1136934"},{"taxonomy":"post_tag","embeddable":true,"href":"https:\/\/www.europesays.com\/fr\/wp-json\/wp\/v2\/tags?post=1136934"}],"curies":[{"name":"wp","href":"https:\/\/api.w.org\/{rel}","templated":true}]}}