{"id":113699,"date":"2025-05-20T06:58:08","date_gmt":"2025-05-20T06:58:08","guid":{"rendered":"https:\/\/www.europesays.com\/fr\/113699\/"},"modified":"2025-05-20T06:58:08","modified_gmt":"2025-05-20T06:58:08","slug":"la-ligne-tgv-paris-toulouse-coupee-les-liaisons-bordeaux-toulouse-a-larret","status":"publish","type":"post","link":"https:\/\/www.europesays.com\/fr\/113699\/","title":{"rendered":"la ligne TGV Paris-Toulouse coup\u00e9e, les liaisons Bordeaux-Toulouse \u00e0 l&rsquo;arr\u00eat"},"content":{"rendered":"<p class=\"article-p mdl\">La circulation des trains va \u00eatre perturb\u00e9e pour plusieurs jours dans le Sud-Ouest, apr\u00e8s les\u00a0<a class=\"link\" href=\"https:\/\/www.rtl.fr\/actu\/meteo\/les-infos-de-5h-meteo-ecole-menacee-voitures-cabossees-la-grele-a-fait-d-importants-degats-dans-la-region-de-toulouse-7900506917\" title=\"Intemp\u00e9ries dans le Sud-Ouest : \u00e9cole menac\u00e9e, voitures caboss\u00e9es, voie ferr\u00e9e effondr\u00e9e... Les d\u00e9g\u00e2ts impressionnants caus\u00e9s par la gr\u00eale\" target=\"_blank\" rel=\"noopener\">violentes intemp\u00e9ries<\/a>\u00a0qui ont touch\u00e9 la r\u00e9gion, a annonc\u00e9 la SNCF ce mardi 20 mai.\u00a0<\/p>\n<p class=\"article-p mdl\">Dans le d\u00e9tail, la ligne <strong>Bordeaux-Toulouse <\/strong>sera coup\u00e9e pour plusieurs jours. Des travaux importants sont n\u00e9cessaires pour remettre les rails en \u00e9tat apr\u00e8s l&rsquo;effondrement du ballast dans le secteur de Tonneins, sur le tron\u00e7on Marmande-Agen.\u00a0<\/p>\n<p class=\"article-p mdl\">Tous les <strong>TGV directs entre Paris et Toulouse via Bordeaux<\/strong> sont supprim\u00e9s pour plusieurs jours.\u00a0Si vous devez prendre un TGV entre Toulouse et Paris ou entre Paris et Toulouse, consultez le site de la SNCF o\u00f9 rapprochez vous de la compagnie ferroviaire. En revanche, les TGV entre Paris et Bordeaux circulent normalement.<\/p>\n<p class=\"article-p mdl\">Enfin, la circulation sur le tron\u00e7on <strong>Agen-Montauban<\/strong> est \u00e9galement coup\u00e9e jusqu&rsquo;\u00e0 midi ce mardi.\u00a0\u00a0<\/p>\n<p>    La r\u00e9daction vous recommande<\/p>\n<p class=\"s-newsletter__title\">\n                L\u2019actualit\u00e9 par la r\u00e9daction de RTL dans votre bo\u00eete mail.\n            <\/p>\n<p class=\"s-newsletter__subtitle\">\n                Gr\u00e2ce \u00e0 votre compte RTL abonnez-vous \u00e0 la newsletter RTL info pour suivre toute l&rsquo;actualit\u00e9 au quotidien\n            <\/p>\n<p>\n                                    Lire la suite\n                                <\/p>\n","protected":false},"excerpt":{"rendered":"La circulation des trains va \u00eatre perturb\u00e9e pour plusieurs jours dans le Sud-Ouest, apr\u00e8s les\u00a0violentes intemp\u00e9ries\u00a0qui ont touch\u00e9&hellip;\n","protected":false},"author":2,"featured_media":113700,"comment_status":"","ping_status":"","sticky":false,"template":"","format":"standard","meta":{"footnotes":""},"categories":[2817],"tags":[1111,11,1997,1777,674,107,1011,27,3059,12,2219,25,2215,800],"class_list":{"0":"post-113699","1":"post","2":"type-post","3":"status-publish","4":"format-standard","5":"has-post-thumbnail","7":"category-bordeaux","8":"tag-actu","9":"tag-actualites","10":"tag-bordeaux","11":"tag-eu","12":"tag-europe","13":"tag-fil-info","14":"tag-fr","15":"tag-france","16":"tag-intemperies","17":"tag-news","18":"tag-nouvelle-aquitaine","19":"tag-republique-francaise","20":"tag-sncf","21":"tag-transports"},"share_on_mastodon":{"url":"https:\/\/pubeurope.com\/@fr\/114538866523201545","error":""},"_links":{"self":[{"href":"https:\/\/www.europesays.com\/fr\/wp-json\/wp\/v2\/posts\/113699","targetHints":{"allow":["GET"]}}],"collection":[{"href":"https:\/\/www.europesays.com\/fr\/wp-json\/wp\/v2\/posts"}],"about":[{"href":"https:\/\/www.europesays.com\/fr\/wp-json\/wp\/v2\/types\/post"}],"author":[{"embeddable":true,"href":"https:\/\/www.europesays.com\/fr\/wp-json\/wp\/v2\/users\/2"}],"replies":[{"embeddable":true,"href":"https:\/\/www.europesays.com\/fr\/wp-json\/wp\/v2\/comments?post=113699"}],"version-history":[{"count":0,"href":"https:\/\/www.europesays.com\/fr\/wp-json\/wp\/v2\/posts\/113699\/revisions"}],"wp:featuredmedia":[{"embeddable":true,"href":"https:\/\/www.europesays.com\/fr\/wp-json\/wp\/v2\/media\/113700"}],"wp:attachment":[{"href":"https:\/\/www.europesays.com\/fr\/wp-json\/wp\/v2\/media?parent=113699"}],"wp:term":[{"taxonomy":"category","embeddable":true,"href":"https:\/\/www.europesays.com\/fr\/wp-json\/wp\/v2\/categories?post=113699"},{"taxonomy":"post_tag","embeddable":true,"href":"https:\/\/www.europesays.com\/fr\/wp-json\/wp\/v2\/tags?post=113699"}],"curies":[{"name":"wp","href":"https:\/\/api.w.org\/{rel}","templated":true}]}}