{"id":113703,"date":"2025-05-20T07:00:10","date_gmt":"2025-05-20T07:00:10","guid":{"rendered":"https:\/\/www.europesays.com\/fr\/113703\/"},"modified":"2025-05-20T07:00:10","modified_gmt":"2025-05-20T07:00:10","slug":"meteo-un-tgv-de-500-personnes-evacue-entre-bordeaux-et-toulouse-a-cause-des-violents-orages","status":"publish","type":"post","link":"https:\/\/www.europesays.com\/fr\/113703\/","title":{"rendered":"M\u00e9t\u00e9o. Un TGV de 500 personnes \u00e9vacu\u00e9 entre Bordeaux et Toulouse \u00e0 cause des violents orages"},"content":{"rendered":"<p>Des nouveaux naufrag\u00e9s du rail. Lundi soir, un TGV Inoui a d\u00fb \u00eatre \u00e9vacu\u00e9 au niveau de Tonneins, dans le Lot-et-Garonne, \u00e0 cause <a href=\"https:\/\/www.ledauphine.com\/environnement\/2025\/05\/19\/neuf-departements-du-sud-ouest-places-en-vigilance-orange-orages-ce-lundi-apres-midi\" target=\"_blank\" rel=\"nofollow noopener\">des forts orages qui s\u00e9vissaient dans le Sud-Ouest<\/a>. Toutes les vigilances orange ont \u00e9t\u00e9 lev\u00e9es ce mardi matin dans cette partie du pays.<\/p>\n<p>Ce contenu est bloqu\u00e9 car vous n&rsquo;avez pas accept\u00e9 les cookies et autres traceurs.<\/p>\n<p>En cliquant sur \u00ab J\u2019accepte \u00bb, les cookies et autres traceurs seront d\u00e9pos\u00e9s et vous pourrez visualiser les contenus  (<a href=\"\" class=\"consentModule_policy\" target=\"_blank\" title=\"Consulter la politique de protection des donn\u00e9es du fournisseur\">plus d&rsquo;informations<\/a>).<\/p>\n<p>En cliquant sur \u00ab J\u2019accepte tous les cookies \u00bb, vous autorisez des d\u00e9p\u00f4ts de cookies et autres traceurs pour le stockage de vos donn\u00e9es sur nos sites et applications \u00e0 des fins de personnalisation et de ciblage publicitaire.<\/p>\n<p class=\"consentModule_secondaryText\">Vous gardez la possibilit\u00e9 de retirer votre consentement \u00e0 tout moment en consultant notre <a href=\"https:\/\/www.ledauphine.com\/protection-des-donnees\" target=\"_blank\" title=\"Consulter notre politique de protection des donn\u00e9es\" rel=\"nofollow noopener\">politique de protection des donn\u00e9es<\/a>. <br \/>&#13;<br \/>\n            <a href=\"https:\/\/www.ledauphine.com\/environnement\/2025\/05\/20\/javascript:Didomi.notice.show()\" class=\"consentModule_cmp\" rel=\"nofollow noopener\" target=\"_blank\">G\u00e9rer mes choix<\/a>&#13;\n        <\/p>\n<p>&#13;<br \/>\n                        J&rsquo;accepte&#13;<br \/>\n            J&rsquo;accepte tous les cookies&#13;\n        <\/p>\n<p>Ce contenu est bloqu\u00e9 car vous n&rsquo;avez pas accept\u00e9 les cookies et autres traceurs.<\/p>\n<p>En cliquant sur \u00ab J\u2019accepte \u00bb, les cookies et autres traceurs seront d\u00e9pos\u00e9s et vous pourrez visualiser les contenus  (<a href=\"\" class=\"consentModule_policy\" target=\"_blank\" title=\"Consulter la politique de protection des donn\u00e9es du fournisseur\">plus d&rsquo;informations<\/a>).<\/p>\n<p>En cliquant sur \u00ab J\u2019accepte tous les cookies \u00bb, vous autorisez des d\u00e9p\u00f4ts de cookies et autres traceurs pour le stockage de vos donn\u00e9es sur nos sites et applications \u00e0 des fins de personnalisation et de ciblage publicitaire.<\/p>\n<p class=\"consentModule_secondaryText\">Vous gardez la possibilit\u00e9 de retirer votre consentement \u00e0 tout moment en consultant notre <a href=\"https:\/\/www.ledauphine.com\/protection-des-donnees\" target=\"_blank\" title=\"Consulter notre politique de protection des donn\u00e9es\" rel=\"nofollow noopener\">politique de protection des donn\u00e9es<\/a>. <br \/>&#13;<br \/>\n            <a href=\"https:\/\/www.ledauphine.com\/environnement\/2025\/05\/20\/javascript:Didomi.notice.show()\" class=\"consentModule_cmp\" rel=\"nofollow noopener\" target=\"_blank\">G\u00e9rer mes choix<\/a>&#13;\n        <\/p>\n<p>&#13;<br \/>\n                        J&rsquo;accepte&#13;<br \/>\n            J&rsquo;accepte tous les cookies&#13;\n        <\/p>\n<p>Vers 21 heures, les 507 passagers de ce TGV en provenance de Bordeaux et \u00e0 destination de Toulouse ont donc d\u00fb se diriger vers la salle municipale de Tonneins.<\/p>\n<p>Ce contenu est bloqu\u00e9 car vous n&rsquo;avez pas accept\u00e9 les cookies et autres traceurs.<\/p>\n<p>En cliquant sur \u00ab J\u2019accepte \u00bb, les cookies et autres traceurs seront d\u00e9pos\u00e9s et vous pourrez visualiser les contenus  (<a href=\"\" class=\"consentModule_policy\" target=\"_blank\" title=\"Consulter la politique de protection des donn\u00e9es du fournisseur\">plus d&rsquo;informations<\/a>).<\/p>\n<p>En cliquant sur \u00ab J\u2019accepte tous les cookies \u00bb, vous autorisez des d\u00e9p\u00f4ts de cookies et autres traceurs pour le stockage de vos donn\u00e9es sur nos sites et applications \u00e0 des fins de personnalisation et de ciblage publicitaire.<\/p>\n<p class=\"consentModule_secondaryText\">Vous gardez la possibilit\u00e9 de retirer votre consentement \u00e0 tout moment en consultant notre <a href=\"https:\/\/www.ledauphine.com\/protection-des-donnees\" target=\"_blank\" title=\"Consulter notre politique de protection des donn\u00e9es\" rel=\"nofollow noopener\">politique de protection des donn\u00e9es<\/a>. <br \/>&#13;<br \/>\n            <a href=\"https:\/\/www.ledauphine.com\/environnement\/2025\/05\/20\/javascript:Didomi.notice.show()\" class=\"consentModule_cmp\" rel=\"nofollow noopener\" target=\"_blank\">G\u00e9rer mes choix<\/a>&#13;\n        <\/p>\n<p>&#13;<br \/>\n                        J&rsquo;accepte&#13;<br \/>\n            J&rsquo;accepte tous les cookies&#13;\n        <\/p>\n<p>  Un trou de 2 m\u00e8tres sous les rails<\/p>\n<p>Les voies ferr\u00e9es ont \u00e9t\u00e9 compl\u00e8tement inond\u00e9es, ce qui a provoqu\u00e9 l&rsquo;effondrement du ballast (le lit de graviers sur lequel repose la voie) et la formation d&rsquo;un trou de pr\u00e8s de deux m\u00e8tres sous les rails, selon le site <a href=\"https:\/\/actu.fr\/nouvelle-aquitaine\/tonneins_47310\/un-tgv-inoui-avec-500-personnes-a-bord-bloque-a-tonneins-suite-aux-violents-orages-en-lot-et-garonne_62659335.html\" target=\"_blank\" rel=\"nofollow noopener\">Actu<\/a>. Une partie du train a alors d\u00e9raill\u00e9 \u00e0 ce passage.<\/p>\n<p>La SNCF pr\u00e9cise que la circulation restera interrompue entre Agen et Marmande pendant \u00ab plusieurs jours au moins\u00a0\u00bb afin de r\u00e9aliser \u00ab d&rsquo;importants travaux\u00a0\u00bb, impactant ainsi le trafic entre Bordeaux et Toulouse. <\/p>\n<p>Le Var encore en vigilance orange<\/p>\n<p>Les intemp\u00e9ries ont par ailleurs provoqu\u00e9 une chute d&rsquo;arbre dans le centre de Toulouse, l&rsquo;inondation de routes secondaires et des \u00e9vacuations d&rsquo;\u00e9coles.<\/p>\n<p>Mardi matin, seul le Var, dans le Sud-Est, reste en vigilance orange pour pluie-inondation et orages, au moins jusqu&rsquo;\u00e0 midi. Les orages pourraient \u00ab produire de fortes intensit\u00e9s de pluie, de 80 \u00e0 120 mm en trois heures \u00bb ce mardi matin, avertissait M\u00e9t\u00e9o-France dans un bulletin pr\u00e9c\u00e9dent.<\/p>\n","protected":false},"excerpt":{"rendered":"Des nouveaux naufrag\u00e9s du rail. Lundi soir, un TGV Inoui a d\u00fb \u00eatre \u00e9vacu\u00e9 au niveau de Tonneins,&hellip;\n","protected":false},"author":2,"featured_media":113704,"comment_status":"","ping_status":"","sticky":false,"template":"","format":"standard","meta":{"footnotes":""},"categories":[2816],"tags":[1111,11,1777,674,274,107,1011,27,329,8423,12,2680,25,2312],"class_list":{"0":"post-113703","1":"post","2":"type-post","3":"status-publish","4":"format-standard","5":"has-post-thumbnail","7":"category-toulouse","8":"tag-actu","9":"tag-actualites","10":"tag-eu","11":"tag-europe","12":"tag-faits-divers-justice","13":"tag-fil-info","14":"tag-fr","15":"tag-france","16":"tag-france-monde","17":"tag-meteorologie-climat","18":"tag-news","19":"tag-occitanie","20":"tag-republique-francaise","21":"tag-toulouse"},"share_on_mastodon":{"url":"https:\/\/pubeurope.com\/@fr\/114538874349502618","error":""},"_links":{"self":[{"href":"https:\/\/www.europesays.com\/fr\/wp-json\/wp\/v2\/posts\/113703","targetHints":{"allow":["GET"]}}],"collection":[{"href":"https:\/\/www.europesays.com\/fr\/wp-json\/wp\/v2\/posts"}],"about":[{"href":"https:\/\/www.europesays.com\/fr\/wp-json\/wp\/v2\/types\/post"}],"author":[{"embeddable":true,"href":"https:\/\/www.europesays.com\/fr\/wp-json\/wp\/v2\/users\/2"}],"replies":[{"embeddable":true,"href":"https:\/\/www.europesays.com\/fr\/wp-json\/wp\/v2\/comments?post=113703"}],"version-history":[{"count":0,"href":"https:\/\/www.europesays.com\/fr\/wp-json\/wp\/v2\/posts\/113703\/revisions"}],"wp:featuredmedia":[{"embeddable":true,"href":"https:\/\/www.europesays.com\/fr\/wp-json\/wp\/v2\/media\/113704"}],"wp:attachment":[{"href":"https:\/\/www.europesays.com\/fr\/wp-json\/wp\/v2\/media?parent=113703"}],"wp:term":[{"taxonomy":"category","embeddable":true,"href":"https:\/\/www.europesays.com\/fr\/wp-json\/wp\/v2\/categories?post=113703"},{"taxonomy":"post_tag","embeddable":true,"href":"https:\/\/www.europesays.com\/fr\/wp-json\/wp\/v2\/tags?post=113703"}],"curies":[{"name":"wp","href":"https:\/\/api.w.org\/{rel}","templated":true}]}}