{"id":113714,"date":"2025-05-20T07:06:10","date_gmt":"2025-05-20T07:06:10","guid":{"rendered":"https:\/\/www.europesays.com\/fr\/113714\/"},"modified":"2025-05-20T07:06:10","modified_gmt":"2025-05-20T07:06:10","slug":"le-metro-d-a-larret-avant-9h-certaines-stations-ne-sont-plus-desservies-maj","status":"publish","type":"post","link":"https:\/\/www.europesays.com\/fr\/113714\/","title":{"rendered":"le m\u00e9tro D \u00e0 l&rsquo;arr\u00eat avant 9h, certaines stations ne sont plus desservies (MAJ)"},"content":{"rendered":"<p>Lyon : le m\u00e9tro D \u00e0 l&rsquo;arr\u00eat, certaines stations ne sont plus desservies &#8211; LyonMag<\/p>\n<p itemprop=\"description\"><strong>Satan\u00e9 syst\u00e8me informatique du r\u00e9seau TCL&#8230;<\/strong><\/p>\n<p><strong>Mise \u00e0 jour \u00e0 8h55<\/strong> : Le trafic a repris progressivement avant 9h.<\/p>\n<p><strong>Article initial <\/strong>: Encore en rade ce mardi matin, il emp\u00eache le m\u00e9tro D de circuler normalement.<\/p>\n<p>La ligne ne dessert les stations qu&rsquo;entre Gare de Vaise et Grange Blanche, n&rsquo;allant pas au-del\u00e0 pour continuer vers Laennec et Gare de V\u00e9nissieux.<\/p>\n<p>Des bus relais ont \u00e9t\u00e9 mis en place pour assurer la continuit\u00e9 du service.<\/p>\n<p>La reprise de la circulation est estim\u00e9e \u00e0 9h.<\/p>\n","protected":false},"excerpt":{"rendered":"Lyon : le m\u00e9tro D \u00e0 l&rsquo;arr\u00eat, certaines stations ne sont plus desservies &#8211; LyonMag Satan\u00e9 syst\u00e8me informatique&hellip;\n","protected":false},"author":2,"featured_media":113715,"comment_status":"","ping_status":"","sticky":false,"template":"","format":"standard","meta":{"footnotes":""},"categories":[1889],"tags":[1111,11,2813,2190,2430,1109,251,1112,2811,1777,674,118,1011,27,1922,1110,1114,2428,2810,12,241,316,25,2812,517,800],"class_list":{"0":"post-113714","1":"post","2":"type-post","3":"status-publish","4":"format-standard","5":"has-post-thumbnail","7":"category-lyon","8":"tag-actu","9":"tag-actualites","10":"tag-article","11":"tag-asvel","12":"tag-auvergne-rhone-alpes","13":"tag-breves","14":"tag-culture","15":"tag-depeches","16":"tag-economique","17":"tag-eu","18":"tag-europe","19":"tag-faits-divers","20":"tag-fr","21":"tag-france","22":"tag-info","23":"tag-informations","24":"tag-infos","25":"tag-lyon","26":"tag-lyonmag","27":"tag-news","28":"tag-ol","29":"tag-politique","30":"tag-republique-francaise","31":"tag-sociale","32":"tag-sport","33":"tag-transports"},"share_on_mastodon":{"url":"https:\/\/pubeurope.com\/@fr\/114538898153115717","error":""},"_links":{"self":[{"href":"https:\/\/www.europesays.com\/fr\/wp-json\/wp\/v2\/posts\/113714","targetHints":{"allow":["GET"]}}],"collection":[{"href":"https:\/\/www.europesays.com\/fr\/wp-json\/wp\/v2\/posts"}],"about":[{"href":"https:\/\/www.europesays.com\/fr\/wp-json\/wp\/v2\/types\/post"}],"author":[{"embeddable":true,"href":"https:\/\/www.europesays.com\/fr\/wp-json\/wp\/v2\/users\/2"}],"replies":[{"embeddable":true,"href":"https:\/\/www.europesays.com\/fr\/wp-json\/wp\/v2\/comments?post=113714"}],"version-history":[{"count":0,"href":"https:\/\/www.europesays.com\/fr\/wp-json\/wp\/v2\/posts\/113714\/revisions"}],"wp:featuredmedia":[{"embeddable":true,"href":"https:\/\/www.europesays.com\/fr\/wp-json\/wp\/v2\/media\/113715"}],"wp:attachment":[{"href":"https:\/\/www.europesays.com\/fr\/wp-json\/wp\/v2\/media?parent=113714"}],"wp:term":[{"taxonomy":"category","embeddable":true,"href":"https:\/\/www.europesays.com\/fr\/wp-json\/wp\/v2\/categories?post=113714"},{"taxonomy":"post_tag","embeddable":true,"href":"https:\/\/www.europesays.com\/fr\/wp-json\/wp\/v2\/tags?post=113714"}],"curies":[{"name":"wp","href":"https:\/\/api.w.org\/{rel}","templated":true}]}}